{"id":9921,"date":"2019-02-28T14:00:40","date_gmt":"2019-02-28T13:00:40","guid":{"rendered":"http:\/\/serveiseducatius.xtec.cat\/cda-tremp\/?p=9921"},"modified":"2019-02-28T14:03:05","modified_gmt":"2019-02-28T13:03:05","slug":"neix-gratitud-pallars-per-la-conservacio-del-patrimoni-natural-al-pallars-jussa","status":"publish","type":"post","link":"https:\/\/serveiseducatius.xtec.cat\/cda-tremp\/portada\/neix-gratitud-pallars-per-la-conservacio-del-patrimoni-natural-al-pallars-jussa\/","title":{"rendered":"Neix &#8220;Gratitud Pallars&#8221; per la conservaci\u00f3 del patrimoni natural al Pallars Juss\u00e0"},"content":{"rendered":"<div class=\"wpb_text_column wpb_content_element \">\n<p class=\"wpb_wrapper\">El projecte\u00a0Gratitud\u00a0vol ajudar a retornar a la natura, al paisatge i al territori tota la felicitat que ens procuren.\u00a0Gratitud\u00a0vol refor\u00e7ar els vincles entre les persones (locals i visitants) i els valors del territori a trav\u00e9s de propostes de protecci\u00f3 de la naturalesa i de recuperaci\u00f3 de patrimoni.<\/p>\n<p class=\"wpb_wrapper\">Gratitud \u00e9s un projecte impulsat per l\u2019associaci\u00f3\u00a0Marques de Pastor, el Consorci Leader Pirineu Occidental\u00a0i per tots els voluntaris compromesos amb la recuperaci\u00f3 i difusi\u00f3 del patrimoni pirinenc. Marques de Pastor \u00e9s l\u2019associaci\u00f3 que impulsa la proposta ecotur\u00edstica\u00a0El Cinqu\u00e8 Llac, una ruta a peu, per etapes, que ressegueix antics camins dels Pallars i l\u2019Alta Ribagor\u00e7a.<\/p>\n<\/div>\n<p>Podeu trobar m\u00e9s informaci\u00f3 a la p\u00e0gina web del projecte <a href=\"https:\/\/www.gratitudpallars.cat\/projecte\/\">Gratitud Pallars<\/a><\/p>\n<p>Tamb\u00e9 a l&#8217;article publicat al diari digital <a href=\"https:\/\/www.naciodigital.cat\/pallarsdigital\/noticia\/10780\/neix\/gratitud\/pallars\/conservacio\/patrimoni\/natural\/ruta\/cinque\/llac\">Pallars Digital<\/a><\/p>\n<p><a href=\"https:\/\/serveiseducatius.xtec.cat\/cda-tremp\/wp-content\/uploads\/usu1371\/2019\/02\/apadrina-un-cami-600x400.jpg\"><img loading=\"lazy\" decoding=\"async\" class=\"alignnone size-full wp-image-9923\" src=\"https:\/\/serveiseducatius.xtec.cat\/cda-tremp\/wp-content\/uploads\/usu1371\/2019\/02\/apadrina-un-cami-600x400.jpg\" alt=\"\" width=\"600\" height=\"400\" srcset=\"https:\/\/serveiseducatius.xtec.cat\/cda-tremp\/wp-content\/uploads\/usu1371\/2019\/02\/apadrina-un-cami-600x400.jpg 600w, https:\/\/serveiseducatius.xtec.cat\/cda-tremp\/wp-content\/uploads\/usu1371\/2019\/02\/apadrina-un-cami-600x400-300x200.jpg 300w\" sizes=\"auto, (max-width: 600px) 100vw, 600px\" \/><\/a><\/p>\n","protected":false},"excerpt":{"rendered":"<p>El projecte anima a apadrinar un cam\u00ed o a fer voluntariat per restaurar les parets de pedra seca del territori<\/p>\n","protected":false},"author":1,"featured_media":9925,"comment_status":"open","ping_status":"closed","sticky":false,"template":"","format":"standard","meta":{"_bbp_topic_count":0,"_bbp_reply_count":0,"_bbp_total_topic_count":0,"_bbp_total_reply_count":0,"_bbp_voice_count":0,"_bbp_anonymous_reply_count":0,"_bbp_topic_count_hidden":0,"_bbp_reply_count_hidden":0,"_bbp_forum_subforum_count":0,"site-sidebar-layout":"default","site-content-layout":"","ast-site-content-layout":"","site-content-style":"default","site-sidebar-style":"default","ast-global-header-display":"","ast-banner-title-visibility":"","ast-main-header-display":"","ast-hfb-above-header-display":"","ast-hfb-below-header-display":"","ast-hfb-mobile-header-display":"","site-post-title":"","ast-breadcrumbs-content":"","ast-featured-img":"","footer-sml-layout":"","theme-transparent-header-meta":"","adv-header-id-meta":"","stick-header-meta":"","header-above-stick-meta":"","header-main-stick-meta":"","header-below-stick-meta":"","astra-migrate-meta-layouts":"default","ast-page-background-enabled":"default","ast-page-background-meta":{"desktop":{"background-color":"var(--ast-global-color-4)","background-image":"","background-repeat":"repeat","background-position":"center center","background-size":"auto","background-attachment":"scroll","background-type":"","background-media":"","overlay-type":"","overlay-color":"","overlay-opacity":"","overlay-gradient":""},"tablet":{"background-color":"","background-image":"","background-repeat":"repeat","background-position":"center center","background-size":"auto","background-attachment":"scroll","background-type":"","background-media":"","overlay-type":"","overlay-color":"","overlay-opacity":"","overlay-gradient":""},"mobile":{"background-color":"","background-image":"","background-repeat":"repeat","background-position":"center center","background-size":"auto","background-attachment":"scroll","background-type":"","background-media":"","overlay-type":"","overlay-color":"","overlay-opacity":"","overlay-gradient":""}},"ast-content-background-meta":{"desktop":{"background-color":"var(--ast-global-color-5)","background-image":"","background-repeat":"repeat","background-position":"center center","background-size":"auto","background-attachment":"scroll","background-type":"","background-media":"","overlay-type":"","overlay-color":"","overlay-opacity":"","overlay-gradient":""},"tablet":{"background-color":"var(--ast-global-color-5)","background-image":"","background-repeat":"repeat","background-position":"center center","background-size":"auto","background-attachment":"scroll","background-type":"","background-media":"","overlay-type":"","overlay-color":"","overlay-opacity":"","overlay-gradient":""},"mobile":{"background-color":"var(--ast-global-color-5)","background-image":"","background-repeat":"repeat","background-position":"center center","background-size":"auto","background-attachment":"scroll","background-type":"","background-media":"","overlay-type":"","overlay-color":"","overlay-opacity":"","overlay-gradient":""}},"footnotes":""},"categories":[29],"tags":[],"class_list":["post-9921","post","type-post","status-publish","format-standard","has-post-thumbnail","hentry","category-portada"],"post_mailing_queue_ids":[],"_links":{"self":[{"href":"https:\/\/serveiseducatius.xtec.cat\/cda-tremp\/wp-json\/wp\/v2\/posts\/9921","targetHints":{"allow":["GET"]}}],"collection":[{"href":"https:\/\/serveiseducatius.xtec.cat\/cda-tremp\/wp-json\/wp\/v2\/posts"}],"about":[{"href":"https:\/\/serveiseducatius.xtec.cat\/cda-tremp\/wp-json\/wp\/v2\/types\/post"}],"author":[{"embeddable":true,"href":"https:\/\/serveiseducatius.xtec.cat\/cda-tremp\/wp-json\/wp\/v2\/users\/1"}],"replies":[{"embeddable":true,"href":"https:\/\/serveiseducatius.xtec.cat\/cda-tremp\/wp-json\/wp\/v2\/comments?post=9921"}],"version-history":[{"count":1,"href":"https:\/\/serveiseducatius.xtec.cat\/cda-tremp\/wp-json\/wp\/v2\/posts\/9921\/revisions"}],"predecessor-version":[{"id":9924,"href":"https:\/\/serveiseducatius.xtec.cat\/cda-tremp\/wp-json\/wp\/v2\/posts\/9921\/revisions\/9924"}],"wp:featuredmedia":[{"embeddable":true,"href":"https:\/\/serveiseducatius.xtec.cat\/cda-tremp\/wp-json\/wp\/v2\/media\/9925"}],"wp:attachment":[{"href":"https:\/\/serveiseducatius.xtec.cat\/cda-tremp\/wp-json\/wp\/v2\/media?parent=9921"}],"wp:term":[{"taxonomy":"category","embeddable":true,"href":"https:\/\/serveiseducatius.xtec.cat\/cda-tremp\/wp-json\/wp\/v2\/categories?post=9921"},{"taxonomy":"post_tag","embeddable":true,"href":"https:\/\/serveiseducatius.xtec.cat\/cda-tremp\/wp-json\/wp\/v2\/tags?post=9921"}],"curies":[{"name":"wp","href":"https:\/\/api.w.org\/{rel}","templated":true}]}}