{"id":9492,"date":"2017-04-03T20:02:32","date_gmt":"2017-04-03T18:02:32","guid":{"rendered":"http:\/\/serveiseducatius.xtec.cat\/cda-tremp\/?p=9492"},"modified":"2017-04-04T18:49:26","modified_gmt":"2017-04-04T16:49:26","slug":"curs-de-formacio-aprenentatge-i-entorn-el-patrimoni-industrial","status":"publish","type":"post","link":"https:\/\/serveiseducatius.xtec.cat\/cda-tremp\/portada\/curs-de-formacio-aprenentatge-i-entorn-el-patrimoni-industrial\/","title":{"rendered":"Curs de formaci\u00f3 Aprenentatge i Entorn: el patrimoni industrial"},"content":{"rendered":"<p>Els dies 30 de mar\u00e7 per la tarda i 1 d&#8217;abril al mat\u00ed va tenir lloc la tercera edici\u00f3 del curs Aprenentatge i Entorn, organitzat i impartit per l&#8217;EdA de Tremp. En aquesta edici\u00f3 es va tractar el patrimoni industrial de la comarca i les seves possibilitats pedag\u00f2giques, centrant-se en el cas de la Central Hidroel\u00e8ctrica de Talarn. En aquest sentit, es va realitzar una visita guiada a les instal.lacions d&#8217;aquest equipament i a l&#8217;exposici\u00f3 el Pallars il.lumina Catalunya, situada (de forma permanent) en un antic magatzem d&#8217;aquesta).<\/p>\n<p>Pr\u00e8viament, l&#8217;historiador i director del Arxiu Hist\u00f2ric de la Ciutat de Barcelona, Xavier Tarraubella, va impartir una xerrada introduct\u00f2ria sobre els personatges cabdals de la implantaci\u00f3 de les centrals hidroel\u00e8ctriques al Pallars Juss\u00e0 i les implicacions i transformacions que van comporta a principis del segle XX<\/p>\n<p><a href=\"http:\/\/serveiseducatius.xtec.cat\/cda-tremp\/wp-content\/uploads\/usu1371\/2017\/04\/P4010148-C\u00f2pia-mida-reduida-e1491324524181.jpg\"><img loading=\"lazy\" decoding=\"async\" class=\"alignnone  wp-image-9493\" src=\"http:\/\/serveiseducatius.xtec.cat\/cda-tremp\/wp-content\/uploads\/usu1371\/2017\/04\/P4010148-C\u00f2pia-mida-reduida-e1491324524181.jpg\" alt=\"\" width=\"383\" height=\"256\" \/><\/a><\/p>\n<p>En aquest enlla\u00e7 podreu trobar <a href=\"https:\/\/goo.gl\/photos\/njDQjBkwPkG4QfKx8\">l&#8217;\u00e0lbum de fotos<\/a> del curs.<\/p>\n","protected":false},"excerpt":{"rendered":"<p>Els dies 30 de mar\u00e7 per la tarda i 1 d&#8217;abril al mat\u00ed va tenir lloc la tercera edici\u00f3 del curs Aprenentatge i Entorn, organitzat i impartit per l&#8217;EdA de Tremp<\/p>\n","protected":false},"author":1,"featured_media":9493,"comment_status":"open","ping_status":"open","sticky":false,"template":"","format":"standard","meta":{"_bbp_topic_count":0,"_bbp_reply_count":0,"_bbp_total_topic_count":0,"_bbp_total_reply_count":0,"_bbp_voice_count":0,"_bbp_anonymous_reply_count":0,"_bbp_topic_count_hidden":0,"_bbp_reply_count_hidden":0,"_bbp_forum_subforum_count":0,"site-sidebar-layout":"default","site-content-layout":"","ast-site-content-layout":"","site-content-style":"default","site-sidebar-style":"default","ast-global-header-display":"","ast-banner-title-visibility":"","ast-main-header-display":"","ast-hfb-above-header-display":"","ast-hfb-below-header-display":"","ast-hfb-mobile-header-display":"","site-post-title":"","ast-breadcrumbs-content":"","ast-featured-img":"","footer-sml-layout":"","theme-transparent-header-meta":"","adv-header-id-meta":"","stick-header-meta":"","header-above-stick-meta":"","header-main-stick-meta":"","header-below-stick-meta":"","astra-migrate-meta-layouts":"default","ast-page-background-enabled":"default","ast-page-background-meta":{"desktop":{"background-color":"var(--ast-global-color-4)","background-image":"","background-repeat":"repeat","background-position":"center center","background-size":"auto","background-attachment":"scroll","background-type":"","background-media":"","overlay-type":"","overlay-color":"","overlay-opacity":"","overlay-gradient":""},"tablet":{"background-color":"","background-image":"","background-repeat":"repeat","background-position":"center center","background-size":"auto","background-attachment":"scroll","background-type":"","background-media":"","overlay-type":"","overlay-color":"","overlay-opacity":"","overlay-gradient":""},"mobile":{"background-color":"","background-image":"","background-repeat":"repeat","background-position":"center center","background-size":"auto","background-attachment":"scroll","background-type":"","background-media":"","overlay-type":"","overlay-color":"","overlay-opacity":"","overlay-gradient":""}},"ast-content-background-meta":{"desktop":{"background-color":"var(--ast-global-color-5)","background-image":"","background-repeat":"repeat","background-position":"center center","background-size":"auto","background-attachment":"scroll","background-type":"","background-media":"","overlay-type":"","overlay-color":"","overlay-opacity":"","overlay-gradient":""},"tablet":{"background-color":"var(--ast-global-color-5)","background-image":"","background-repeat":"repeat","background-position":"center center","background-size":"auto","background-attachment":"scroll","background-type":"","background-media":"","overlay-type":"","overlay-color":"","overlay-opacity":"","overlay-gradient":""},"mobile":{"background-color":"var(--ast-global-color-5)","background-image":"","background-repeat":"repeat","background-position":"center center","background-size":"auto","background-attachment":"scroll","background-type":"","background-media":"","overlay-type":"","overlay-color":"","overlay-opacity":"","overlay-gradient":""}},"footnotes":""},"categories":[29],"tags":[],"class_list":["post-9492","post","type-post","status-publish","format-standard","has-post-thumbnail","hentry","category-portada"],"post_mailing_queue_ids":[],"_links":{"self":[{"href":"https:\/\/serveiseducatius.xtec.cat\/cda-tremp\/wp-json\/wp\/v2\/posts\/9492","targetHints":{"allow":["GET"]}}],"collection":[{"href":"https:\/\/serveiseducatius.xtec.cat\/cda-tremp\/wp-json\/wp\/v2\/posts"}],"about":[{"href":"https:\/\/serveiseducatius.xtec.cat\/cda-tremp\/wp-json\/wp\/v2\/types\/post"}],"author":[{"embeddable":true,"href":"https:\/\/serveiseducatius.xtec.cat\/cda-tremp\/wp-json\/wp\/v2\/users\/1"}],"replies":[{"embeddable":true,"href":"https:\/\/serveiseducatius.xtec.cat\/cda-tremp\/wp-json\/wp\/v2\/comments?post=9492"}],"version-history":[{"count":3,"href":"https:\/\/serveiseducatius.xtec.cat\/cda-tremp\/wp-json\/wp\/v2\/posts\/9492\/revisions"}],"predecessor-version":[{"id":9497,"href":"https:\/\/serveiseducatius.xtec.cat\/cda-tremp\/wp-json\/wp\/v2\/posts\/9492\/revisions\/9497"}],"wp:featuredmedia":[{"embeddable":true,"href":"https:\/\/serveiseducatius.xtec.cat\/cda-tremp\/wp-json\/wp\/v2\/media\/9493"}],"wp:attachment":[{"href":"https:\/\/serveiseducatius.xtec.cat\/cda-tremp\/wp-json\/wp\/v2\/media?parent=9492"}],"wp:term":[{"taxonomy":"category","embeddable":true,"href":"https:\/\/serveiseducatius.xtec.cat\/cda-tremp\/wp-json\/wp\/v2\/categories?post=9492"},{"taxonomy":"post_tag","embeddable":true,"href":"https:\/\/serveiseducatius.xtec.cat\/cda-tremp\/wp-json\/wp\/v2\/tags?post=9492"}],"curies":[{"name":"wp","href":"https:\/\/api.w.org\/{rel}","templated":true}]}}