{"id":9450,"date":"2017-03-02T19:00:19","date_gmt":"2017-03-02T18:00:19","guid":{"rendered":"http:\/\/serveiseducatius.xtec.cat\/cda-tremp\/?p=9450"},"modified":"2017-03-20T19:18:22","modified_gmt":"2017-03-20T18:18:22","slug":"la-candidatura-del-geoparc-de-tremp-queda-posposada-a-lespera-dun-ultim-estudi","status":"publish","type":"post","link":"https:\/\/serveiseducatius.xtec.cat\/cda-tremp\/portada\/la-candidatura-del-geoparc-de-tremp-queda-posposada-a-lespera-dun-ultim-estudi\/","title":{"rendered":"La candidatura del Geoparc de Tremp queda posposada a l&#8217;espera d&#8217;un \u00faltim estudi"},"content":{"rendered":"<p>La candidatura Geoparc Conca de Tremp-Montsec, que opta a esdevenir Geoparc Mundial de la Unesco,\u00a0ha quedat posposada a l&#8217;espera dels resultats d&#8217;un estudi\u00a0comparatiu entre la candidatura pallaresa i l&#8217;adjacent Geoparc Mundial de Sobrarbe (Huesca).\u00a0Aquest estudi, que presentar\u00e0 en els propers mesos,\u00a0ha de servir per determinar si existeix un patrimoni geol\u00f2gic similar entre els dos territoris.<\/p>\n<p>Aquesta \u00e9s, a grans trets, la conclusi\u00f3 principal de l&#8217;informe em\u00e8s pel Consell Mundial de Geoparcs, que es va reunir el 24 i 25 de setembre a Torquay (Anglaterra). Segons fonts de la candidatura, l&#8217;informe \u00e9s molt favorable, ja que destaca un seguit de punts forts.\u00a0Entre ells, el Consell Mundial de Geoparcs valora la solidesa de l&#8217;\u00f2rgan de gesti\u00f3, el ric patrimoni cultural del territori i el finan\u00e7ament estable de la candidatura, assumit per la Diputaci\u00f3 de Lleida, el Departament de Territori i per les quotes dels propis socis.<\/p>\n<p><a href=\"http:\/\/serveiseducatius.xtec.cat\/cda-tremp\/wp-content\/uploads\/usu1371\/2016\/06\/2013-08-24-08.31.06.jpg\"><img loading=\"lazy\" decoding=\"async\" class=\"alignnone size-large wp-image-9425\" src=\"http:\/\/serveiseducatius.xtec.cat\/cda-tremp\/wp-content\/uploads\/usu1371\/2016\/06\/2013-08-24-08.31.06-1024x322.jpg\" alt=\"2013-08-24-08-31-06\" width=\"1024\" height=\"322\" srcset=\"https:\/\/serveiseducatius.xtec.cat\/cda-tremp\/wp-content\/uploads\/usu1371\/2016\/06\/2013-08-24-08.31.06-1024x322.jpg 1024w, https:\/\/serveiseducatius.xtec.cat\/cda-tremp\/wp-content\/uploads\/usu1371\/2016\/06\/2013-08-24-08.31.06-300x94.jpg 300w, https:\/\/serveiseducatius.xtec.cat\/cda-tremp\/wp-content\/uploads\/usu1371\/2016\/06\/2013-08-24-08.31.06-768x242.jpg 768w\" sizes=\"auto, (max-width: 1024px) 100vw, 1024px\" \/><\/a><\/p>\n<p>Entre altres punts, tamb\u00e9 destaca l&#8217;estrat\u00e8gia de desenvolupament sostenible del territori,\u00a0la feina feta per les organitzacions associades al projecte Geoparc, especialment les activitats econ\u00f2miques relacionades amb el turisme, aix\u00ed com el rol del Geoparc com a catalitzador per cohesionar el territori sota la seva marca.<\/p>\n<p>La candidatura pallaresa disposa, a m\u00e9s, de dos\u00a0informes positius del patrimoni geol\u00f2gic d&#8217;import\u00e0ncia internacional de la International Union of Geological Sciences (IUGS).\u00a0Tot sembla indicar, doncs, que el Geoparc Conca de Tremp-Montsec podria tirar endavant un cop presentat l&#8217;estudi requerit pel Consell Mundial de Geoparcs i pel que ja s&#8217;ha posat a treballar.<\/p>\n<p>A banda de l&#8217;esmentat estudi comparatiu, l&#8217;informe tamb\u00e9 inclou una s\u00e8rie de recomanacions. Entre elles, el Consell Mundial de Geoparcs insta el projecte trempol\u00ed a millorar la utilitzaci\u00f3 del logo i la imatge de la marca.\u00a0El Consell Mundial de Geoparcs tamb\u00e9 recomana a la candidatura pallaresa el refor\u00e7 del paper de la dona en c\u00e0rrecs directius dins del personal de l&#8217;Associaci\u00f3 Geoparc, d&#8217;acord amb els principis de la Unesco, o una millora del treball en xarxa amb altres Geoparcs mundials.<\/p>\n<p>Not\u00edcia extreta de <em>Pallars Digital<\/em><\/p>\n","protected":false},"excerpt":{"rendered":"<p>La candidatura Geoparc Conca de Tremp-Montsec, que opta a esdevenir Geoparc Mundial de la Unesco, ha quedat posposada<\/p>\n","protected":false},"author":1,"featured_media":9425,"comment_status":"open","ping_status":"open","sticky":false,"template":"","format":"standard","meta":{"_bbp_topic_count":0,"_bbp_reply_count":0,"_bbp_total_topic_count":0,"_bbp_total_reply_count":0,"_bbp_voice_count":0,"_bbp_anonymous_reply_count":0,"_bbp_topic_count_hidden":0,"_bbp_reply_count_hidden":0,"_bbp_forum_subforum_count":0,"site-sidebar-layout":"default","site-content-layout":"","ast-site-content-layout":"","site-content-style":"default","site-sidebar-style":"default","ast-global-header-display":"","ast-banner-title-visibility":"","ast-main-header-display":"","ast-hfb-above-header-display":"","ast-hfb-below-header-display":"","ast-hfb-mobile-header-display":"","site-post-title":"","ast-breadcrumbs-content":"","ast-featured-img":"","footer-sml-layout":"","theme-transparent-header-meta":"","adv-header-id-meta":"","stick-header-meta":"","header-above-stick-meta":"","header-main-stick-meta":"","header-below-stick-meta":"","astra-migrate-meta-layouts":"default","ast-page-background-enabled":"default","ast-page-background-meta":{"desktop":{"background-color":"var(--ast-global-color-4)","background-image":"","background-repeat":"repeat","background-position":"center center","background-size":"auto","background-attachment":"scroll","background-type":"","background-media":"","overlay-type":"","overlay-color":"","overlay-opacity":"","overlay-gradient":""},"tablet":{"background-color":"","background-image":"","background-repeat":"repeat","background-position":"center center","background-size":"auto","background-attachment":"scroll","background-type":"","background-media":"","overlay-type":"","overlay-color":"","overlay-opacity":"","overlay-gradient":""},"mobile":{"background-color":"","background-image":"","background-repeat":"repeat","background-position":"center center","background-size":"auto","background-attachment":"scroll","background-type":"","background-media":"","overlay-type":"","overlay-color":"","overlay-opacity":"","overlay-gradient":""}},"ast-content-background-meta":{"desktop":{"background-color":"var(--ast-global-color-5)","background-image":"","background-repeat":"repeat","background-position":"center center","background-size":"auto","background-attachment":"scroll","background-type":"","background-media":"","overlay-type":"","overlay-color":"","overlay-opacity":"","overlay-gradient":""},"tablet":{"background-color":"var(--ast-global-color-5)","background-image":"","background-repeat":"repeat","background-position":"center center","background-size":"auto","background-attachment":"scroll","background-type":"","background-media":"","overlay-type":"","overlay-color":"","overlay-opacity":"","overlay-gradient":""},"mobile":{"background-color":"var(--ast-global-color-5)","background-image":"","background-repeat":"repeat","background-position":"center center","background-size":"auto","background-attachment":"scroll","background-type":"","background-media":"","overlay-type":"","overlay-color":"","overlay-opacity":"","overlay-gradient":""}},"footnotes":""},"categories":[29],"tags":[],"class_list":["post-9450","post","type-post","status-publish","format-standard","has-post-thumbnail","hentry","category-portada"],"post_mailing_queue_ids":[],"_links":{"self":[{"href":"https:\/\/serveiseducatius.xtec.cat\/cda-tremp\/wp-json\/wp\/v2\/posts\/9450","targetHints":{"allow":["GET"]}}],"collection":[{"href":"https:\/\/serveiseducatius.xtec.cat\/cda-tremp\/wp-json\/wp\/v2\/posts"}],"about":[{"href":"https:\/\/serveiseducatius.xtec.cat\/cda-tremp\/wp-json\/wp\/v2\/types\/post"}],"author":[{"embeddable":true,"href":"https:\/\/serveiseducatius.xtec.cat\/cda-tremp\/wp-json\/wp\/v2\/users\/1"}],"replies":[{"embeddable":true,"href":"https:\/\/serveiseducatius.xtec.cat\/cda-tremp\/wp-json\/wp\/v2\/comments?post=9450"}],"version-history":[{"count":3,"href":"https:\/\/serveiseducatius.xtec.cat\/cda-tremp\/wp-json\/wp\/v2\/posts\/9450\/revisions"}],"predecessor-version":[{"id":9479,"href":"https:\/\/serveiseducatius.xtec.cat\/cda-tremp\/wp-json\/wp\/v2\/posts\/9450\/revisions\/9479"}],"wp:featuredmedia":[{"embeddable":true,"href":"https:\/\/serveiseducatius.xtec.cat\/cda-tremp\/wp-json\/wp\/v2\/media\/9425"}],"wp:attachment":[{"href":"https:\/\/serveiseducatius.xtec.cat\/cda-tremp\/wp-json\/wp\/v2\/media?parent=9450"}],"wp:term":[{"taxonomy":"category","embeddable":true,"href":"https:\/\/serveiseducatius.xtec.cat\/cda-tremp\/wp-json\/wp\/v2\/categories?post=9450"},{"taxonomy":"post_tag","embeddable":true,"href":"https:\/\/serveiseducatius.xtec.cat\/cda-tremp\/wp-json\/wp\/v2\/tags?post=9450"}],"curies":[{"name":"wp","href":"https:\/\/api.w.org\/{rel}","templated":true}]}}