{"id":16152,"date":"2026-04-08T14:45:58","date_gmt":"2026-04-08T12:45:58","guid":{"rendered":"https:\/\/serveiseducatius.xtec.cat\/cda-tarragona\/?p=16152"},"modified":"2026-04-08T14:48:50","modified_gmt":"2026-04-08T12:48:50","slug":"sapropa-la-jornada-daprenentatge-actiu-juguem-com-jugaven-les-nenes-i-els-nens-de-tarraco","status":"publish","type":"post","link":"https:\/\/serveiseducatius.xtec.cat\/cda-tarragona\/general\/sapropa-la-jornada-daprenentatge-actiu-juguem-com-jugaven-les-nenes-i-els-nens-de-tarraco\/","title":{"rendered":"S\u2019apropa la Jornada d\u2019Aprenentatge Actiu: \u201cJuguem com jugaven les nenes i els nens de Tarraco\u201d!"},"content":{"rendered":"\n<p>El proper <strong>14 de maig<\/strong>, en el marc del Festival Tarraco Viva de l\u2019Ajuntament de Tarragona, el Camp d\u2019Aprenentatge de la Ciutat de Tarragona organitza la Jornada d\u2019aprenentatge actiu: <strong>\u201cJuguem com jugaven les nenes i els nens de Tarraco\u201d<\/strong>, una proposta educativa que cada any aplega m\u00e9s de <strong>2.000 alumnes de 5\u00e8 de prim\u00e0ria<\/strong> de diferents centres educatius de la comarca.<\/p>\n\n\n\n<p>Aquesta activitat, iniciada l\u2019any 1998, es basa en una <strong>metodologia activa i participativa<\/strong> que permet als infants experimentar la vida de fa dos mil\u00b7lennis a trav\u00e9s del joc i les joguines. L\u2019objectiu \u00e9s apropar el patrimoni rom\u00e0 d&#8217;una manera atractiva, motivadora i vivencial, on l\u2019alumnat esdev\u00e9 el protagonista del seu propi aprenentatge.<\/p>\n\n\n\n<p><\/p>\n\n\n\n<figure class=\"wp-block-image aligncenter size-full is-resized is-style-default\"><a href=\"https:\/\/serveiseducatius.xtec.cat\/cda-tarragona\/wp-content\/uploads\/usu1376\/2026\/03\/tv1.jpg\"><img loading=\"lazy\" decoding=\"async\" width=\"544\" height=\"368\" src=\"https:\/\/serveiseducatius.xtec.cat\/cda-tarragona\/wp-content\/uploads\/usu1376\/2026\/03\/tv1.jpg\" alt=\"\" class=\"wp-image-16154\" style=\"width:982px;height:auto\" srcset=\"https:\/\/serveiseducatius.xtec.cat\/cda-tarragona\/wp-content\/uploads\/usu1376\/2026\/03\/tv1.jpg 544w, https:\/\/serveiseducatius.xtec.cat\/cda-tarragona\/wp-content\/uploads\/usu1376\/2026\/03\/tv1-300x203.jpg 300w\" sizes=\"auto, (max-width: 544px) 100vw, 544px\" \/><\/a><\/figure>\n\n\n\n<figure class=\"wp-block-image aligncenter size-large is-resized\"><a href=\"https:\/\/serveiseducatius.xtec.cat\/cda-tarragona\/wp-content\/uploads\/usu1376\/2026\/03\/image-1.png\"><img loading=\"lazy\" decoding=\"async\" width=\"1024\" height=\"630\" src=\"https:\/\/serveiseducatius.xtec.cat\/cda-tarragona\/wp-content\/uploads\/usu1376\/2026\/03\/image-1-1024x630.png\" alt=\"\" class=\"wp-image-16162\" style=\"width:981px;height:auto\" srcset=\"https:\/\/serveiseducatius.xtec.cat\/cda-tarragona\/wp-content\/uploads\/usu1376\/2026\/03\/image-1-1024x630.png 1024w, https:\/\/serveiseducatius.xtec.cat\/cda-tarragona\/wp-content\/uploads\/usu1376\/2026\/03\/image-1-300x185.png 300w, https:\/\/serveiseducatius.xtec.cat\/cda-tarragona\/wp-content\/uploads\/usu1376\/2026\/03\/image-1-768x473.png 768w, https:\/\/serveiseducatius.xtec.cat\/cda-tarragona\/wp-content\/uploads\/usu1376\/2026\/03\/image-1.png 1071w\" sizes=\"auto, (max-width: 1024px) 100vw, 1024px\" \/><\/a><\/figure>\n\n\n\n<p>L&#8217;esdeveniment \u00e9s possible gr\u00e0cies a la estreta col\u00b7laboraci\u00f3 amb la <strong>Universitat Rovira i Virgili<\/strong> i diversos centres d&#8217;<strong>Educaci\u00f3 Secund\u00e0ria<\/strong> i <strong>Formaci\u00f3 Professional <\/strong>del territori. Per a l&#8217;edici\u00f3 de 2026, es preveu la participaci\u00f3 d&#8217;uns <strong>450 alumnes<\/strong> que dinamitzaran de manera voluntaria els tallers i els espais de joc. Aquesta col\u00b7laboraci\u00f3 respon a la voluntat d\u2019<strong>implicar l\u2019alumnat en processos educatius reals<\/strong>, oferint-los un espai on poden posar en pr\u00e0ctica compet\u00e8ncies vinculades a la comunicaci\u00f3, la gesti\u00f3 de grups, la dinamitzaci\u00f3 d\u2019activitats i el treball cooperatiu.&nbsp;<\/p>\n\n\n\n<p>D\u2019aquesta manera, la jornada no nom\u00e9s esdev\u00e9 una activitat educativa per als infants de prim\u00e0ria, sin\u00f3 tamb\u00e9 <strong>un espai de formaci\u00f3 i aprenentatge compartit entre diferents etapes educatives<\/strong>, on estudiants de secund\u00e0ria, formaci\u00f3 professional i universitat col\u00b7laboren per fer possible una gran experi\u00e8ncia col\u00b7lectiva al voltant de la hist\u00f2ria i el joc.<\/p>\n\n\n\n<p>Agra\u00efm la col\u00b7laboraci\u00f3 als estudiants dels graus d\u2019Educaci\u00f3 Infantil i Prim\u00e0ria i d\u2019Educaci\u00f3 Social i Pedagogia de la URV, i a l\u2019alumnat dels instituts Vidal i Barraquer, Sant Pere i Sant Pau, Pons d\u2019Icart, Antoni Mart\u00ed i Franqu\u00e8s, l\u2019IFE de l\u2019Institut Cal\u00b7l\u00edpolis i el Departament d\u2019Arts Gr\u00e0fiques de l&#8217;institut Pere Martell.<\/p>\n\n\n\n<figure class=\"wp-block-image size-large is-resized\"><a href=\"https:\/\/serveiseducatius.xtec.cat\/cda-tarragona\/wp-content\/uploads\/usu1376\/2026\/03\/image-3.jpeg\"><img loading=\"lazy\" decoding=\"async\" width=\"1024\" height=\"768\" src=\"https:\/\/serveiseducatius.xtec.cat\/cda-tarragona\/wp-content\/uploads\/usu1376\/2026\/03\/image-3-1024x768.jpeg\" alt=\"\" class=\"wp-image-16160\" style=\"width:1049px;height:auto\" srcset=\"https:\/\/serveiseducatius.xtec.cat\/cda-tarragona\/wp-content\/uploads\/usu1376\/2026\/03\/image-3-1024x768.jpeg 1024w, https:\/\/serveiseducatius.xtec.cat\/cda-tarragona\/wp-content\/uploads\/usu1376\/2026\/03\/image-3-300x225.jpeg 300w, https:\/\/serveiseducatius.xtec.cat\/cda-tarragona\/wp-content\/uploads\/usu1376\/2026\/03\/image-3-768x576.jpeg 768w, https:\/\/serveiseducatius.xtec.cat\/cda-tarragona\/wp-content\/uploads\/usu1376\/2026\/03\/image-3-1536x1152.jpeg 1536w, https:\/\/serveiseducatius.xtec.cat\/cda-tarragona\/wp-content\/uploads\/usu1376\/2026\/03\/image-3.jpeg 2048w\" sizes=\"auto, (max-width: 1024px) 100vw, 1024px\" \/><\/a><\/figure>\n\n\n\n<figure class=\"wp-block-image size-large is-resized\"><a href=\"https:\/\/serveiseducatius.xtec.cat\/cda-tarragona\/wp-content\/uploads\/usu1376\/2026\/03\/image-1.jpeg\"><img loading=\"lazy\" decoding=\"async\" width=\"768\" height=\"1024\" src=\"https:\/\/serveiseducatius.xtec.cat\/cda-tarragona\/wp-content\/uploads\/usu1376\/2026\/03\/image-1-768x1024.jpeg\" alt=\"\" class=\"wp-image-16158\" style=\"width:629px;height:auto\" srcset=\"https:\/\/serveiseducatius.xtec.cat\/cda-tarragona\/wp-content\/uploads\/usu1376\/2026\/03\/image-1-768x1024.jpeg 768w, https:\/\/serveiseducatius.xtec.cat\/cda-tarragona\/wp-content\/uploads\/usu1376\/2026\/03\/image-1-225x300.jpeg 225w, https:\/\/serveiseducatius.xtec.cat\/cda-tarragona\/wp-content\/uploads\/usu1376\/2026\/03\/image-1-1152x1536.jpeg 1152w, https:\/\/serveiseducatius.xtec.cat\/cda-tarragona\/wp-content\/uploads\/usu1376\/2026\/03\/image-1.jpeg 1536w\" sizes=\"auto, (max-width: 768px) 100vw, 768px\" \/><\/a><\/figure>\n\n\n\n<figure class=\"wp-block-image size-large is-resized\"><a href=\"https:\/\/serveiseducatius.xtec.cat\/cda-tarragona\/wp-content\/uploads\/usu1376\/2026\/03\/image-2.jpeg\"><img loading=\"lazy\" decoding=\"async\" width=\"1024\" height=\"768\" src=\"https:\/\/serveiseducatius.xtec.cat\/cda-tarragona\/wp-content\/uploads\/usu1376\/2026\/03\/image-2-1024x768.jpeg\" alt=\"\" class=\"wp-image-16159\" style=\"width:632px;height:auto\" srcset=\"https:\/\/serveiseducatius.xtec.cat\/cda-tarragona\/wp-content\/uploads\/usu1376\/2026\/03\/image-2-1024x768.jpeg 1024w, https:\/\/serveiseducatius.xtec.cat\/cda-tarragona\/wp-content\/uploads\/usu1376\/2026\/03\/image-2-300x225.jpeg 300w, https:\/\/serveiseducatius.xtec.cat\/cda-tarragona\/wp-content\/uploads\/usu1376\/2026\/03\/image-2-768x576.jpeg 768w, https:\/\/serveiseducatius.xtec.cat\/cda-tarragona\/wp-content\/uploads\/usu1376\/2026\/03\/image-2-1536x1152.jpeg 1536w, https:\/\/serveiseducatius.xtec.cat\/cda-tarragona\/wp-content\/uploads\/usu1376\/2026\/03\/image-2.jpeg 2048w\" sizes=\"auto, (max-width: 1024px) 100vw, 1024px\" \/><\/a><\/figure>\n","protected":false},"excerpt":{"rendered":"<p>El proper 14 de maig, en el marc del Festival Tarraco Viva de l\u2019Ajuntament de Tarragona, el Camp d\u2019Aprenentatge de la Ciutat de Tarragona organitza la Jornada d\u2019aprenentatge actiu: \u201cJuguem com jugaven les nenes i els nens de Tarraco\u201d, una proposta educativa que cada any aplega m\u00e9s de 2.000 alumnes de 5\u00e8 de prim\u00e0ria de [&hellip;]<\/p>\n","protected":false},"author":1,"featured_media":16160,"comment_status":"closed","ping_status":"open","sticky":false,"template":"","format":"standard","meta":{"_bbp_topic_count":0,"_bbp_reply_count":0,"_bbp_total_topic_count":0,"_bbp_total_reply_count":0,"_bbp_voice_count":0,"_bbp_anonymous_reply_count":0,"_bbp_topic_count_hidden":0,"_bbp_reply_count_hidden":0,"_bbp_forum_subforum_count":0,"site-sidebar-layout":"default","site-content-layout":"","ast-site-content-layout":"default","site-content-style":"default","site-sidebar-style":"default","ast-global-header-display":"","ast-banner-title-visibility":"","ast-main-header-display":"","ast-hfb-above-header-display":"","ast-hfb-below-header-display":"","ast-hfb-mobile-header-display":"","site-post-title":"","ast-breadcrumbs-content":"","ast-featured-img":"","footer-sml-layout":"","theme-transparent-header-meta":"","adv-header-id-meta":"","stick-header-meta":"","header-above-stick-meta":"","header-main-stick-meta":"","header-below-stick-meta":"","astra-migrate-meta-layouts":"set","ast-page-background-enabled":"default","ast-page-background-meta":{"desktop":{"background-color":"var(--ast-global-color-4)","background-image":"","background-repeat":"repeat","background-position":"center center","background-size":"auto","background-attachment":"scroll","background-type":"","background-media":"","overlay-type":"","overlay-color":"","overlay-opacity":"","overlay-gradient":""},"tablet":{"background-color":"","background-image":"","background-repeat":"repeat","background-position":"center center","background-size":"auto","background-attachment":"scroll","background-type":"","background-media":"","overlay-type":"","overlay-color":"","overlay-opacity":"","overlay-gradient":""},"mobile":{"background-color":"","background-image":"","background-repeat":"repeat","background-position":"center center","background-size":"auto","background-attachment":"scroll","background-type":"","background-media":"","overlay-type":"","overlay-color":"","overlay-opacity":"","overlay-gradient":""}},"ast-content-background-meta":{"desktop":{"background-color":"var(--ast-global-color-5)","background-image":"","background-repeat":"repeat","background-position":"center center","background-size":"auto","background-attachment":"scroll","background-type":"","background-media":"","overlay-type":"","overlay-color":"","overlay-opacity":"","overlay-gradient":""},"tablet":{"background-color":"var(--ast-global-color-5)","background-image":"","background-repeat":"repeat","background-position":"center center","background-size":"auto","background-attachment":"scroll","background-type":"","background-media":"","overlay-type":"","overlay-color":"","overlay-opacity":"","overlay-gradient":""},"mobile":{"background-color":"var(--ast-global-color-5)","background-image":"","background-repeat":"repeat","background-position":"center center","background-size":"auto","background-attachment":"scroll","background-type":"","background-media":"","overlay-type":"","overlay-color":"","overlay-opacity":"","overlay-gradient":""}},"footnotes":""},"categories":[262,286,1],"tags":[413,345,412,369,370,329],"class_list":["post-16152","post","type-post","status-publish","format-standard","has-post-thumbnail","hentry","category-activitats","category-educacio","category-general","tag-aprenemambcampsientorns","tag-cda","tag-cdaciutatdetarragona","tag-entorns-daprenentatge","tag-serveis-educatius","tag-tarragona"],"post_mailing_queue_ids":[],"_links":{"self":[{"href":"https:\/\/serveiseducatius.xtec.cat\/cda-tarragona\/wp-json\/wp\/v2\/posts\/16152","targetHints":{"allow":["GET"]}}],"collection":[{"href":"https:\/\/serveiseducatius.xtec.cat\/cda-tarragona\/wp-json\/wp\/v2\/posts"}],"about":[{"href":"https:\/\/serveiseducatius.xtec.cat\/cda-tarragona\/wp-json\/wp\/v2\/types\/post"}],"author":[{"embeddable":true,"href":"https:\/\/serveiseducatius.xtec.cat\/cda-tarragona\/wp-json\/wp\/v2\/users\/1"}],"replies":[{"embeddable":true,"href":"https:\/\/serveiseducatius.xtec.cat\/cda-tarragona\/wp-json\/wp\/v2\/comments?post=16152"}],"version-history":[{"count":5,"href":"https:\/\/serveiseducatius.xtec.cat\/cda-tarragona\/wp-json\/wp\/v2\/posts\/16152\/revisions"}],"predecessor-version":[{"id":16188,"href":"https:\/\/serveiseducatius.xtec.cat\/cda-tarragona\/wp-json\/wp\/v2\/posts\/16152\/revisions\/16188"}],"wp:featuredmedia":[{"embeddable":true,"href":"https:\/\/serveiseducatius.xtec.cat\/cda-tarragona\/wp-json\/wp\/v2\/media\/16160"}],"wp:attachment":[{"href":"https:\/\/serveiseducatius.xtec.cat\/cda-tarragona\/wp-json\/wp\/v2\/media?parent=16152"}],"wp:term":[{"taxonomy":"category","embeddable":true,"href":"https:\/\/serveiseducatius.xtec.cat\/cda-tarragona\/wp-json\/wp\/v2\/categories?post=16152"},{"taxonomy":"post_tag","embeddable":true,"href":"https:\/\/serveiseducatius.xtec.cat\/cda-tarragona\/wp-json\/wp\/v2\/tags?post=16152"}],"curies":[{"name":"wp","href":"https:\/\/api.w.org\/{rel}","templated":true}]}}