{"id":16031,"date":"2025-10-14T14:13:58","date_gmt":"2025-10-14T12:13:58","guid":{"rendered":"https:\/\/serveiseducatius.xtec.cat\/cda-tarragona\/?p=16031"},"modified":"2025-10-14T14:13:58","modified_gmt":"2025-10-14T12:13:58","slug":"inaugurem-laula-de-la-quimica-una-aposta-per-laprenentatge-cientific-al-territori","status":"publish","type":"post","link":"https:\/\/serveiseducatius.xtec.cat\/cda-tarragona\/general\/inaugurem-laula-de-la-quimica-una-aposta-per-laprenentatge-cientific-al-territori\/","title":{"rendered":"Inaugurem l&#8217;Aula de la Qu\u00edmica, una aposta per l&#8217;aprenentatge cient\u00edfic al territori!"},"content":{"rendered":"\n<p>El passat dia <strong>13 d\u2019octubre de 2025<\/strong> al Camp d&#8217;Aprenentatge Ciutat de Tarragona vam fer un acte per celebrar la inauguraci\u00f3 oficial dels nous espais i materials did\u00e0ctics a l\u2019<strong>Aula de la Qu\u00edmica<\/strong>, fruit del conveni entre l\u2019Associaci\u00f3 d\u2019Empreses Qu\u00edmiques de Tarragona (AEQT) i el Departament d\u2019Educaci\u00f3 i Formaci\u00f3 Professional. Des de la seva posada en funcionament l\u2019any 2007, aquest equipament ha rebut m\u00e9s de <strong>30.000 estudiants<\/strong>, convertint-se en un referent de divulgaci\u00f3 cient\u00edfica i educativa al nostre territori. <\/p>\n\n\n\n<figure class=\"wp-block-image size-large\"><a href=\"https:\/\/serveiseducatius.xtec.cat\/cda-tarragona\/wp-content\/uploads\/usu1376\/2025\/10\/01.jpg\"><img loading=\"lazy\" decoding=\"async\" width=\"1024\" height=\"768\" src=\"https:\/\/serveiseducatius.xtec.cat\/cda-tarragona\/wp-content\/uploads\/usu1376\/2025\/10\/01-1024x768.jpg\" alt=\"\" class=\"wp-image-16034\" srcset=\"https:\/\/serveiseducatius.xtec.cat\/cda-tarragona\/wp-content\/uploads\/usu1376\/2025\/10\/01-1024x768.jpg 1024w, https:\/\/serveiseducatius.xtec.cat\/cda-tarragona\/wp-content\/uploads\/usu1376\/2025\/10\/01-300x225.jpg 300w, https:\/\/serveiseducatius.xtec.cat\/cda-tarragona\/wp-content\/uploads\/usu1376\/2025\/10\/01-768x576.jpg 768w, https:\/\/serveiseducatius.xtec.cat\/cda-tarragona\/wp-content\/uploads\/usu1376\/2025\/10\/01-1536x1152.jpg 1536w, https:\/\/serveiseducatius.xtec.cat\/cda-tarragona\/wp-content\/uploads\/usu1376\/2025\/10\/01.jpg 2048w\" sizes=\"auto, (max-width: 1024px) 100vw, 1024px\" \/><\/a><\/figure>\n\n\n\n<div style=\"height:49px\" aria-hidden=\"true\" class=\"wp-block-spacer\"><\/div>\n\n\n\n<h3 class=\"wp-block-heading\">Objectius de la remodelaci\u00f3<\/h3>\n\n\n\n<p>L\u2019actuaci\u00f3 ha implicat una renovaci\u00f3 tant dels espais com dels materials pedag\u00f2gics, amb l\u2019objectiu d\u2019adequar-los als <strong>reptes tecnol\u00f2gics i metodol\u00f2gics actuals<\/strong> tant del sector educatiu com del sector qu\u00edmic.  Les noves propostes busquen:<\/p>\n\n\n\n<ul class=\"wp-block-list\">\n<li>Fer les activitats m\u00e9s immersives, interactives i adaptades als diferents nivells educatius.<\/li>\n<\/ul>\n\n\n\n<ul class=\"wp-block-list\">\n<li>Integrar recursos i metodologies actives per estimular la curiositat i el pensament cr\u00edtic. <\/li>\n<\/ul>\n\n\n\n<ul class=\"wp-block-list\">\n<li>Connectar l\u2019aprenentatge amb el context industrial del territori i les transformacions del sector qu\u00edmic als pol\u00edgons industrials de Tarragona.<\/li>\n<\/ul>\n\n\n\n<figure class=\"wp-block-gallery has-nested-images columns-default is-cropped wp-block-gallery-1 is-layout-flex wp-block-gallery-is-layout-flex\">\n<figure class=\"wp-block-image size-large\"><a href=\"https:\/\/serveiseducatius.xtec.cat\/cda-tarragona\/wp-content\/uploads\/usu1376\/2025\/10\/02-1.jpg\"><img loading=\"lazy\" decoding=\"async\" width=\"1024\" height=\"768\" data-id=\"16038\" src=\"https:\/\/serveiseducatius.xtec.cat\/cda-tarragona\/wp-content\/uploads\/usu1376\/2025\/10\/02-1-1024x768.jpg\" alt=\"\" class=\"wp-image-16038\" srcset=\"https:\/\/serveiseducatius.xtec.cat\/cda-tarragona\/wp-content\/uploads\/usu1376\/2025\/10\/02-1-1024x768.jpg 1024w, https:\/\/serveiseducatius.xtec.cat\/cda-tarragona\/wp-content\/uploads\/usu1376\/2025\/10\/02-1-300x225.jpg 300w, https:\/\/serveiseducatius.xtec.cat\/cda-tarragona\/wp-content\/uploads\/usu1376\/2025\/10\/02-1-768x576.jpg 768w, https:\/\/serveiseducatius.xtec.cat\/cda-tarragona\/wp-content\/uploads\/usu1376\/2025\/10\/02-1-1536x1152.jpg 1536w, https:\/\/serveiseducatius.xtec.cat\/cda-tarragona\/wp-content\/uploads\/usu1376\/2025\/10\/02-1.jpg 2048w\" sizes=\"auto, (max-width: 1024px) 100vw, 1024px\" \/><\/a><\/figure>\n\n\n\n<figure class=\"wp-block-image size-large\"><a href=\"https:\/\/serveiseducatius.xtec.cat\/cda-tarragona\/wp-content\/uploads\/usu1376\/2025\/10\/03-1.jpg\"><img loading=\"lazy\" decoding=\"async\" width=\"1024\" height=\"768\" data-id=\"16040\" src=\"https:\/\/serveiseducatius.xtec.cat\/cda-tarragona\/wp-content\/uploads\/usu1376\/2025\/10\/03-1-1024x768.jpg\" alt=\"\" class=\"wp-image-16040\" srcset=\"https:\/\/serveiseducatius.xtec.cat\/cda-tarragona\/wp-content\/uploads\/usu1376\/2025\/10\/03-1-1024x768.jpg 1024w, https:\/\/serveiseducatius.xtec.cat\/cda-tarragona\/wp-content\/uploads\/usu1376\/2025\/10\/03-1-300x225.jpg 300w, https:\/\/serveiseducatius.xtec.cat\/cda-tarragona\/wp-content\/uploads\/usu1376\/2025\/10\/03-1-768x576.jpg 768w, https:\/\/serveiseducatius.xtec.cat\/cda-tarragona\/wp-content\/uploads\/usu1376\/2025\/10\/03-1-1536x1152.jpg 1536w, https:\/\/serveiseducatius.xtec.cat\/cda-tarragona\/wp-content\/uploads\/usu1376\/2025\/10\/03-1.jpg 2048w\" sizes=\"auto, (max-width: 1024px) 100vw, 1024px\" \/><\/a><\/figure>\n\n\n\n<figure class=\"wp-block-image size-large\"><a href=\"https:\/\/serveiseducatius.xtec.cat\/cda-tarragona\/wp-content\/uploads\/usu1376\/2025\/10\/04-1.jpg\"><img loading=\"lazy\" decoding=\"async\" width=\"1024\" height=\"753\" data-id=\"16039\" src=\"https:\/\/serveiseducatius.xtec.cat\/cda-tarragona\/wp-content\/uploads\/usu1376\/2025\/10\/04-1-1024x753.jpg\" alt=\"\" class=\"wp-image-16039\" srcset=\"https:\/\/serveiseducatius.xtec.cat\/cda-tarragona\/wp-content\/uploads\/usu1376\/2025\/10\/04-1-1024x753.jpg 1024w, https:\/\/serveiseducatius.xtec.cat\/cda-tarragona\/wp-content\/uploads\/usu1376\/2025\/10\/04-1-300x221.jpg 300w, https:\/\/serveiseducatius.xtec.cat\/cda-tarragona\/wp-content\/uploads\/usu1376\/2025\/10\/04-1-768x565.jpg 768w, https:\/\/serveiseducatius.xtec.cat\/cda-tarragona\/wp-content\/uploads\/usu1376\/2025\/10\/04-1-1536x1130.jpg 1536w, https:\/\/serveiseducatius.xtec.cat\/cda-tarragona\/wp-content\/uploads\/usu1376\/2025\/10\/04-1.jpg 1664w\" sizes=\"auto, (max-width: 1024px) 100vw, 1024px\" \/><\/a><\/figure>\n<\/figure>\n\n\n\n<div style=\"height:49px\" aria-hidden=\"true\" class=\"wp-block-spacer\"><\/div>\n\n\n\n<h3 class=\"wp-block-heading\">Activitats destacades<\/h3>\n\n\n\n<p>Aquesta renovaci\u00f3 permetr\u00e0 seguir oferint a l&#8217;alumnat dues activitats principals:<\/p>\n\n\n\n<ol class=\"wp-block-list\">\n<li><strong>Un tresor sota les xemeneies<\/strong><br>Adre\u00e7ada a l\u2019alumnat de cicle superior de prim\u00e0ria i primer d\u2019ESO (10-12 anys). \u00c9s una proposta seq\u00fcenciada de presentaci\u00f3 d&#8217;all\u00f2 que \u00e9s i representa la ind\u00fastria qu\u00edmica al nostre territori. L&#8217;observaci\u00f3, la manipulaci\u00f3 i l&#8217;an\u00e0lisi deductiva s\u00f3n els eixos principals del seu disseny. Posterior a l&#8217;explicaci\u00f3 del proc\u00e9s de formaci\u00f3, extracci\u00f3 i transformaci\u00f3 del petroli, l&#8217;alumnat treballa, de manera simult\u00e0nia, en cinc racons de descoberta.<\/li>\n\n\n\n<li><strong>La ind\u00fastria qu\u00edmica de Tarragona<\/strong><br>Pensada per a estudiants de l\u2019ESO, Batxillerat i cicles formatius (a partir de 13 anys). Aquesta activitat posa \u00e8mfasi en els elements curriculars de geografia, hist\u00f2ria i qu\u00edmica. L&#8217;alumnat podr\u00e0 observar els canvis sobre el territori, la seva import\u00e0ncia i les implicacions econ\u00f2miques, socials i demogr\u00e0fiques, aix\u00ed com la incid\u00e8ncia, de manera directa i indirecta, sobre les altres empreses dels voltants. En aquest cas, l&#8217;an\u00e0lisi, les deduccions i l&#8217;extracci\u00f3 de conclusions porten l&#8217;alumnat a formar-se una idea multicausal del proc\u00e9s.<\/li>\n<\/ol>\n\n\n\n<p>Ambdues propostes combinen l\u2019\u00fas de metodologies actives i manipulatives, i es complementen amb el <strong>QuimiEscape<\/strong>, un joc de pistes tipus breakout en qu\u00e8 l\u2019alumnat ha de resoldre proves per aconseguir claus digitals i avan\u00e7ar en l\u2019aprenentatge de forma l\u00fadica.<\/p>\n\n\n\n<p> <\/p>\n\n\n\n<figure class=\"wp-block-gallery has-nested-images columns-default is-cropped wp-block-gallery-2 is-layout-flex wp-block-gallery-is-layout-flex\">\n<figure class=\"wp-block-image size-large\"><a href=\"https:\/\/serveiseducatius.xtec.cat\/cda-tarragona\/wp-content\/uploads\/usu1376\/2025\/10\/05.jpg\"><img loading=\"lazy\" decoding=\"async\" width=\"1024\" height=\"768\" data-id=\"16041\" src=\"https:\/\/serveiseducatius.xtec.cat\/cda-tarragona\/wp-content\/uploads\/usu1376\/2025\/10\/05-1024x768.jpg\" alt=\"\" class=\"wp-image-16041\" srcset=\"https:\/\/serveiseducatius.xtec.cat\/cda-tarragona\/wp-content\/uploads\/usu1376\/2025\/10\/05-1024x768.jpg 1024w, https:\/\/serveiseducatius.xtec.cat\/cda-tarragona\/wp-content\/uploads\/usu1376\/2025\/10\/05-300x225.jpg 300w, https:\/\/serveiseducatius.xtec.cat\/cda-tarragona\/wp-content\/uploads\/usu1376\/2025\/10\/05-768x576.jpg 768w, https:\/\/serveiseducatius.xtec.cat\/cda-tarragona\/wp-content\/uploads\/usu1376\/2025\/10\/05-1536x1152.jpg 1536w, https:\/\/serveiseducatius.xtec.cat\/cda-tarragona\/wp-content\/uploads\/usu1376\/2025\/10\/05.jpg 1600w\" sizes=\"auto, (max-width: 1024px) 100vw, 1024px\" \/><\/a><\/figure>\n\n\n\n<figure class=\"wp-block-image size-large\"><a href=\"https:\/\/serveiseducatius.xtec.cat\/cda-tarragona\/wp-content\/uploads\/usu1376\/2025\/10\/06.jpg\"><img loading=\"lazy\" decoding=\"async\" width=\"768\" height=\"1024\" data-id=\"16044\" src=\"https:\/\/serveiseducatius.xtec.cat\/cda-tarragona\/wp-content\/uploads\/usu1376\/2025\/10\/06-768x1024.jpg\" alt=\"\" class=\"wp-image-16044\" srcset=\"https:\/\/serveiseducatius.xtec.cat\/cda-tarragona\/wp-content\/uploads\/usu1376\/2025\/10\/06-768x1024.jpg 768w, https:\/\/serveiseducatius.xtec.cat\/cda-tarragona\/wp-content\/uploads\/usu1376\/2025\/10\/06-225x300.jpg 225w, https:\/\/serveiseducatius.xtec.cat\/cda-tarragona\/wp-content\/uploads\/usu1376\/2025\/10\/06-1152x1536.jpg 1152w, https:\/\/serveiseducatius.xtec.cat\/cda-tarragona\/wp-content\/uploads\/usu1376\/2025\/10\/06.jpg 1278w\" sizes=\"auto, (max-width: 768px) 100vw, 768px\" \/><\/a><\/figure>\n\n\n\n<figure class=\"wp-block-image size-large\"><a href=\"https:\/\/serveiseducatius.xtec.cat\/cda-tarragona\/wp-content\/uploads\/usu1376\/2025\/10\/07.jpg\"><img loading=\"lazy\" decoding=\"async\" width=\"1024\" height=\"768\" data-id=\"16042\" src=\"https:\/\/serveiseducatius.xtec.cat\/cda-tarragona\/wp-content\/uploads\/usu1376\/2025\/10\/07-1024x768.jpg\" alt=\"\" class=\"wp-image-16042\" srcset=\"https:\/\/serveiseducatius.xtec.cat\/cda-tarragona\/wp-content\/uploads\/usu1376\/2025\/10\/07-1024x768.jpg 1024w, https:\/\/serveiseducatius.xtec.cat\/cda-tarragona\/wp-content\/uploads\/usu1376\/2025\/10\/07-300x225.jpg 300w, https:\/\/serveiseducatius.xtec.cat\/cda-tarragona\/wp-content\/uploads\/usu1376\/2025\/10\/07-768x576.jpg 768w, https:\/\/serveiseducatius.xtec.cat\/cda-tarragona\/wp-content\/uploads\/usu1376\/2025\/10\/07-1536x1152.jpg 1536w, https:\/\/serveiseducatius.xtec.cat\/cda-tarragona\/wp-content\/uploads\/usu1376\/2025\/10\/07.jpg 2048w\" sizes=\"auto, (max-width: 1024px) 100vw, 1024px\" \/><\/a><\/figure>\n\n\n\n<figure class=\"wp-block-image size-large\"><a href=\"https:\/\/serveiseducatius.xtec.cat\/cda-tarragona\/wp-content\/uploads\/usu1376\/2025\/10\/08.jpg\"><img loading=\"lazy\" decoding=\"async\" width=\"1024\" height=\"768\" data-id=\"16046\" src=\"https:\/\/serveiseducatius.xtec.cat\/cda-tarragona\/wp-content\/uploads\/usu1376\/2025\/10\/08-1024x768.jpg\" alt=\"\" class=\"wp-image-16046\" srcset=\"https:\/\/serveiseducatius.xtec.cat\/cda-tarragona\/wp-content\/uploads\/usu1376\/2025\/10\/08-1024x768.jpg 1024w, https:\/\/serveiseducatius.xtec.cat\/cda-tarragona\/wp-content\/uploads\/usu1376\/2025\/10\/08-300x225.jpg 300w, https:\/\/serveiseducatius.xtec.cat\/cda-tarragona\/wp-content\/uploads\/usu1376\/2025\/10\/08-768x576.jpg 768w, https:\/\/serveiseducatius.xtec.cat\/cda-tarragona\/wp-content\/uploads\/usu1376\/2025\/10\/08-1536x1152.jpg 1536w, https:\/\/serveiseducatius.xtec.cat\/cda-tarragona\/wp-content\/uploads\/usu1376\/2025\/10\/08.jpg 2048w\" sizes=\"auto, (max-width: 1024px) 100vw, 1024px\" \/><\/a><\/figure>\n\n\n\n<figure class=\"wp-block-image size-large\"><a href=\"https:\/\/serveiseducatius.xtec.cat\/cda-tarragona\/wp-content\/uploads\/usu1376\/2025\/10\/09.jpg\"><img loading=\"lazy\" decoding=\"async\" width=\"1024\" height=\"751\" data-id=\"16043\" src=\"https:\/\/serveiseducatius.xtec.cat\/cda-tarragona\/wp-content\/uploads\/usu1376\/2025\/10\/09-1024x751.jpg\" alt=\"\" class=\"wp-image-16043\" srcset=\"https:\/\/serveiseducatius.xtec.cat\/cda-tarragona\/wp-content\/uploads\/usu1376\/2025\/10\/09-1024x751.jpg 1024w, https:\/\/serveiseducatius.xtec.cat\/cda-tarragona\/wp-content\/uploads\/usu1376\/2025\/10\/09-300x220.jpg 300w, https:\/\/serveiseducatius.xtec.cat\/cda-tarragona\/wp-content\/uploads\/usu1376\/2025\/10\/09-768x563.jpg 768w, https:\/\/serveiseducatius.xtec.cat\/cda-tarragona\/wp-content\/uploads\/usu1376\/2025\/10\/09-1536x1127.jpg 1536w, https:\/\/serveiseducatius.xtec.cat\/cda-tarragona\/wp-content\/uploads\/usu1376\/2025\/10\/09.jpg 1943w\" sizes=\"auto, (max-width: 1024px) 100vw, 1024px\" \/><\/a><\/figure>\n\n\n\n<figure class=\"wp-block-image size-large\"><a href=\"https:\/\/serveiseducatius.xtec.cat\/cda-tarragona\/wp-content\/uploads\/usu1376\/2025\/10\/10.jpg\"><img loading=\"lazy\" decoding=\"async\" width=\"1024\" height=\"805\" data-id=\"16045\" src=\"https:\/\/serveiseducatius.xtec.cat\/cda-tarragona\/wp-content\/uploads\/usu1376\/2025\/10\/10-1024x805.jpg\" alt=\"\" class=\"wp-image-16045\" srcset=\"https:\/\/serveiseducatius.xtec.cat\/cda-tarragona\/wp-content\/uploads\/usu1376\/2025\/10\/10-1024x805.jpg 1024w, https:\/\/serveiseducatius.xtec.cat\/cda-tarragona\/wp-content\/uploads\/usu1376\/2025\/10\/10-300x236.jpg 300w, https:\/\/serveiseducatius.xtec.cat\/cda-tarragona\/wp-content\/uploads\/usu1376\/2025\/10\/10-768x604.jpg 768w, https:\/\/serveiseducatius.xtec.cat\/cda-tarragona\/wp-content\/uploads\/usu1376\/2025\/10\/10-1536x1208.jpg 1536w, https:\/\/serveiseducatius.xtec.cat\/cda-tarragona\/wp-content\/uploads\/usu1376\/2025\/10\/10.jpg 1799w\" sizes=\"auto, (max-width: 1024px) 100vw, 1024px\" \/><\/a><\/figure>\n<\/figure>\n\n\n\n<div style=\"height:49px\" aria-hidden=\"true\" class=\"wp-block-spacer\"><\/div>\n\n\n\n<h3 class=\"wp-block-heading\">Impacte esperat i comprom\u00eds territorial<\/h3>\n\n\n\n<p>Per al curs 2025-2026, es preveu que l\u2019aula aculli <strong>uns 2.085 alumnes<\/strong> procedents de centres educatius del Camp de Tarragona.  Aquesta xifra refor\u00e7a el paper central d\u2019aquest espai en la divulgaci\u00f3 cient\u00edfica al nostre entorn. <\/p>\n\n\n\n<p>Durant l\u2019acte, la Maria Moscoso, directora adjunta dels Serveis Territorials d\u2019Educaci\u00f3 i FP, va destacar la import\u00e0ncia de connectar l\u2019aprenentatge amb el m\u00f3n real. Seguidament, en Javier Sancho, president de l\u2019AEQT, va subratllar la rellev\u00e0ncia de fomentar vocacions cient\u00edfiques i el comprom\u00eds del sector amb la divulgaci\u00f3 educativa. I per \u00faltim, la Marta Panad\u00e8s, directora del Camp d\u2019Aprenentatge, va fer un recorregut hist\u00f2ric i present de l\u2019aula, detallant les millores realitzades. <\/p>\n\n\n\n<p>Aquest projecte refor\u00e7a la col\u00b7laboraci\u00f3 entre educaci\u00f3 i ind\u00fastria, amb l\u2019objectiu d\u2019augmentar la transpar\u00e8ncia i la confian\u00e7a m\u00fatua entre el teixit industrial i la societat educativa.<\/p>\n\n\n\n<p> <\/p>\n\n\n\n<figure class=\"wp-block-image size-large\"><a href=\"https:\/\/serveiseducatius.xtec.cat\/cda-tarragona\/wp-content\/uploads\/usu1376\/2025\/10\/5.jpg\"><img loading=\"lazy\" decoding=\"async\" width=\"1024\" height=\"806\" src=\"https:\/\/serveiseducatius.xtec.cat\/cda-tarragona\/wp-content\/uploads\/usu1376\/2025\/10\/5-1024x806.jpg\" alt=\"\" class=\"wp-image-16047\" srcset=\"https:\/\/serveiseducatius.xtec.cat\/cda-tarragona\/wp-content\/uploads\/usu1376\/2025\/10\/5-1024x806.jpg 1024w, https:\/\/serveiseducatius.xtec.cat\/cda-tarragona\/wp-content\/uploads\/usu1376\/2025\/10\/5-300x236.jpg 300w, https:\/\/serveiseducatius.xtec.cat\/cda-tarragona\/wp-content\/uploads\/usu1376\/2025\/10\/5-768x604.jpg 768w, https:\/\/serveiseducatius.xtec.cat\/cda-tarragona\/wp-content\/uploads\/usu1376\/2025\/10\/5-1536x1209.jpg 1536w, https:\/\/serveiseducatius.xtec.cat\/cda-tarragona\/wp-content\/uploads\/usu1376\/2025\/10\/5.jpg 1952w\" sizes=\"auto, (max-width: 1024px) 100vw, 1024px\" \/><\/a><\/figure>\n\n\n\n<div style=\"height:49px\" aria-hidden=\"true\" class=\"wp-block-spacer\"><\/div>\n\n\n\n<h3 class=\"wp-block-heading\">Una aula clau per l&#8217;aprenentatge cient\u00edfic<\/h3>\n\n\n\n<p>Estem conven\u00e7uts que l\u2019Aula de la Qu\u00edmica renovada ser\u00e0 una eina clau perqu\u00e8 l\u2019alumnat pugui comprendre millor el m\u00f3n que els envolta, experimentar i, potser, descobrir una vocaci\u00f3 cient\u00edfica que els acompanyi en el futur. Esperem rebre-vos aviat en les sessions del curs vinent i que aquest espai sigui un punt de trobada i aprenentatge continu. <\/p>\n\n\n\n<p><\/p>\n","protected":false},"excerpt":{"rendered":"<p>El passat dia 13 d\u2019octubre de 2025 al Camp d&#8217;Aprenentatge Ciutat de Tarragona vam fer un acte per celebrar la inauguraci\u00f3 oficial dels nous espais i materials did\u00e0ctics a l\u2019Aula de la Qu\u00edmica, fruit del conveni entre l\u2019Associaci\u00f3 d\u2019Empreses Qu\u00edmiques de Tarragona (AEQT) i el Departament d\u2019Educaci\u00f3 i Formaci\u00f3 Professional. Des de la seva posada [&hellip;]<\/p>\n","protected":false},"author":1,"featured_media":16034,"comment_status":"closed","ping_status":"open","sticky":false,"template":"","format":"standard","meta":{"_bbp_topic_count":0,"_bbp_reply_count":0,"_bbp_total_topic_count":0,"_bbp_total_reply_count":0,"_bbp_voice_count":0,"_bbp_anonymous_reply_count":0,"_bbp_topic_count_hidden":0,"_bbp_reply_count_hidden":0,"_bbp_forum_subforum_count":0,"site-sidebar-layout":"default","site-content-layout":"","ast-site-content-layout":"default","site-content-style":"default","site-sidebar-style":"default","ast-global-header-display":"","ast-banner-title-visibility":"","ast-main-header-display":"","ast-hfb-above-header-display":"","ast-hfb-below-header-display":"","ast-hfb-mobile-header-display":"","site-post-title":"","ast-breadcrumbs-content":"","ast-featured-img":"","footer-sml-layout":"","theme-transparent-header-meta":"","adv-header-id-meta":"","stick-header-meta":"","header-above-stick-meta":"","header-main-stick-meta":"","header-below-stick-meta":"","astra-migrate-meta-layouts":"set","ast-page-background-enabled":"default","ast-page-background-meta":{"desktop":{"background-color":"var(--ast-global-color-4)","background-image":"","background-repeat":"repeat","background-position":"center center","background-size":"auto","background-attachment":"scroll","background-type":"","background-media":"","overlay-type":"","overlay-color":"","overlay-opacity":"","overlay-gradient":""},"tablet":{"background-color":"","background-image":"","background-repeat":"repeat","background-position":"center center","background-size":"auto","background-attachment":"scroll","background-type":"","background-media":"","overlay-type":"","overlay-color":"","overlay-opacity":"","overlay-gradient":""},"mobile":{"background-color":"","background-image":"","background-repeat":"repeat","background-position":"center center","background-size":"auto","background-attachment":"scroll","background-type":"","background-media":"","overlay-type":"","overlay-color":"","overlay-opacity":"","overlay-gradient":""}},"ast-content-background-meta":{"desktop":{"background-color":"var(--ast-global-color-5)","background-image":"","background-repeat":"repeat","background-position":"center center","background-size":"auto","background-attachment":"scroll","background-type":"","background-media":"","overlay-type":"","overlay-color":"","overlay-opacity":"","overlay-gradient":""},"tablet":{"background-color":"var(--ast-global-color-5)","background-image":"","background-repeat":"repeat","background-position":"center center","background-size":"auto","background-attachment":"scroll","background-type":"","background-media":"","overlay-type":"","overlay-color":"","overlay-opacity":"","overlay-gradient":""},"mobile":{"background-color":"var(--ast-global-color-5)","background-image":"","background-repeat":"repeat","background-position":"center center","background-size":"auto","background-attachment":"scroll","background-type":"","background-media":"","overlay-type":"","overlay-color":"","overlay-opacity":"","overlay-gradient":""}},"footnotes":""},"categories":[262,286,1,287],"tags":[356,397,405,395,368,345,319,409,370,329],"class_list":["post-16031","post","type-post","status-publish","format-standard","has-post-thumbnail","hentry","category-activitats","category-educacio","category-general","category-noticies","tag-cdatarragona","tag-aeqt","tag-aprendreambelscampsientorns","tag-camp-daprenentatge","tag-camps-daprenentatge","tag-cda","tag-educacio","tag-projectecda","tag-serveis-educatius","tag-tarragona"],"post_mailing_queue_ids":[],"_links":{"self":[{"href":"https:\/\/serveiseducatius.xtec.cat\/cda-tarragona\/wp-json\/wp\/v2\/posts\/16031","targetHints":{"allow":["GET"]}}],"collection":[{"href":"https:\/\/serveiseducatius.xtec.cat\/cda-tarragona\/wp-json\/wp\/v2\/posts"}],"about":[{"href":"https:\/\/serveiseducatius.xtec.cat\/cda-tarragona\/wp-json\/wp\/v2\/types\/post"}],"author":[{"embeddable":true,"href":"https:\/\/serveiseducatius.xtec.cat\/cda-tarragona\/wp-json\/wp\/v2\/users\/1"}],"replies":[{"embeddable":true,"href":"https:\/\/serveiseducatius.xtec.cat\/cda-tarragona\/wp-json\/wp\/v2\/comments?post=16031"}],"version-history":[{"count":6,"href":"https:\/\/serveiseducatius.xtec.cat\/cda-tarragona\/wp-json\/wp\/v2\/posts\/16031\/revisions"}],"predecessor-version":[{"id":16053,"href":"https:\/\/serveiseducatius.xtec.cat\/cda-tarragona\/wp-json\/wp\/v2\/posts\/16031\/revisions\/16053"}],"wp:featuredmedia":[{"embeddable":true,"href":"https:\/\/serveiseducatius.xtec.cat\/cda-tarragona\/wp-json\/wp\/v2\/media\/16034"}],"wp:attachment":[{"href":"https:\/\/serveiseducatius.xtec.cat\/cda-tarragona\/wp-json\/wp\/v2\/media?parent=16031"}],"wp:term":[{"taxonomy":"category","embeddable":true,"href":"https:\/\/serveiseducatius.xtec.cat\/cda-tarragona\/wp-json\/wp\/v2\/categories?post=16031"},{"taxonomy":"post_tag","embeddable":true,"href":"https:\/\/serveiseducatius.xtec.cat\/cda-tarragona\/wp-json\/wp\/v2\/tags?post=16031"}],"curies":[{"name":"wp","href":"https:\/\/api.w.org\/{rel}","templated":true}]}}