{"id":12870,"date":"2022-05-09T18:34:36","date_gmt":"2022-05-09T16:34:36","guid":{"rendered":"https:\/\/serveiseducatius.xtec.cat\/cda-tarragona\/?p=12870"},"modified":"2022-05-09T18:59:04","modified_gmt":"2022-05-09T16:59:04","slug":"sollicitud-dactivitats-pel-curs-2022-2023-a-laplicacio-camps-cal-comenceu-un-proces-nou-per-a-cada-sollicitud","status":"publish","type":"post","link":"https:\/\/serveiseducatius.xtec.cat\/cda-tarragona\/general\/sollicitud-dactivitats-pel-curs-2022-2023-a-laplicacio-camps-cal-comenceu-un-proces-nou-per-a-cada-sollicitud\/","title":{"rendered":"Sol\u00b7licitud d&#8217;activitats per al curs 2022-2023 a l&#8217;Aplicaci\u00f3 Camps: Cal comen\u00e7ar un proc\u00e9s nou per a cada sol\u00b7licitud"},"content":{"rendered":"<p><img loading=\"lazy\" decoding=\"async\" class=\"aligncenter size-large wp-image-12881\" src=\"https:\/\/serveiseducatius.xtec.cat\/cda-tarragona\/wp-content\/uploads\/usu1376\/2022\/05\/2022-2023_cartell_inscripcio\u0301_proce\u0301s_nou-1024x313.jpg\" alt=\"\" width=\"1024\" height=\"313\" srcset=\"https:\/\/serveiseducatius.xtec.cat\/cda-tarragona\/wp-content\/uploads\/usu1376\/2022\/05\/2022-2023_cartell_inscripcio\u0301_proce\u0301s_nou-1024x313.jpg 1024w, https:\/\/serveiseducatius.xtec.cat\/cda-tarragona\/wp-content\/uploads\/usu1376\/2022\/05\/2022-2023_cartell_inscripcio\u0301_proce\u0301s_nou-300x92.jpg 300w, https:\/\/serveiseducatius.xtec.cat\/cda-tarragona\/wp-content\/uploads\/usu1376\/2022\/05\/2022-2023_cartell_inscripcio\u0301_proce\u0301s_nou-768x235.jpg 768w, https:\/\/serveiseducatius.xtec.cat\/cda-tarragona\/wp-content\/uploads\/usu1376\/2022\/05\/2022-2023_cartell_inscripcio\u0301_proce\u0301s_nou.jpg 1164w\" sizes=\"auto, (max-width: 1024px) 100vw, 1024px\" \/>Un cop fet tot el proc\u00e9s de selecci\u00f3 d&#8217;activitats que us interessi sol\u00b7licitar als Camps i Entorns d&#8217;Aprenentatge, donareu d&#8217;alta la sol\u00b7licitud. Aquesta t\u00e9 un codi de registre \u00fanic. Us aconsellem desar-la i descarregar-la en <strong>pdf.<\/strong><\/p>\n<p>Per a <strong>cada sol\u00b7licitud comenceu un proc\u00e9s nou, no aprofiteu les dades entrades<\/strong>, ja que el nombre de registre de les sol\u00b7licituds seria el mateix i aix\u00f2 pot interferir en el proc\u00e9s d\u2019assignaci\u00f3, substituint una sol\u00b7licitud per una altra feta despr\u00e9s.<\/p>\n<p><strong>ATENCI\u00d3: Entreu i sortiu de l&#8217;Aplicaci\u00f3 Camps cada vegada que sol\u00b7liciteu una activitat.<\/strong><\/p>\n<p>Caldr\u00e0 controlar que cada una de les sol\u00b7licituds tingui un codi diferent, generalment correlatius.<\/p>\n<p>Recordeu que el per\u00edode d\u2019inscripci\u00f3 ordinari \u00e9s del <strong>2 de maig al 31 de maig<\/strong> de 2022. <strong>Durant aquest temps les sol\u00b7licituds es podran modificar.<\/strong><\/p>\n<p>Per a m\u00e9s informaci\u00f3 accediu a la p\u00e0gina web seg\u00fcent:\u00a0<a href=\"http:\/\/xtec.gencat.cat\/ca\/serveis\/sesc\/cda\/inscripcio\/\">http:\/\/xtec.gencat.cat\/ca\/serveis\/sesc\/cda\/inscripcio\/<\/a><\/p>\n","protected":false},"excerpt":{"rendered":"<p>Un cop fet tot el proc\u00e9s de selecci\u00f3 d&#8217;activitats que us interessi sol\u00b7licitar als Camps i Entorns d&#8217;Aprenentatge, donareu d&#8217;alta la sol\u00b7licitud. Aquesta t\u00e9 un codi de registre \u00fanic. Us aconsellem desar-la i descarregar-la en pdf. Per a cada sol\u00b7licitud comenceu un proc\u00e9s nou, no aprofiteu les dades entrades, ja que el nombre de registre [&hellip;]<\/p>\n","protected":false},"author":1,"featured_media":12881,"comment_status":"closed","ping_status":"closed","sticky":false,"template":"","format":"standard","meta":{"_bbp_topic_count":0,"_bbp_reply_count":0,"_bbp_total_topic_count":0,"_bbp_total_reply_count":0,"_bbp_voice_count":0,"_bbp_anonymous_reply_count":0,"_bbp_topic_count_hidden":0,"_bbp_reply_count_hidden":0,"_bbp_forum_subforum_count":0,"site-sidebar-layout":"default","site-content-layout":"","ast-site-content-layout":"","site-content-style":"default","site-sidebar-style":"default","ast-global-header-display":"","ast-banner-title-visibility":"","ast-main-header-display":"","ast-hfb-above-header-display":"","ast-hfb-below-header-display":"","ast-hfb-mobile-header-display":"","site-post-title":"","ast-breadcrumbs-content":"","ast-featured-img":"","footer-sml-layout":"","theme-transparent-header-meta":"","adv-header-id-meta":"","stick-header-meta":"","header-above-stick-meta":"","header-main-stick-meta":"","header-below-stick-meta":"","astra-migrate-meta-layouts":"default","ast-page-background-enabled":"default","ast-page-background-meta":{"desktop":{"background-color":"var(--ast-global-color-4)","background-image":"","background-repeat":"repeat","background-position":"center center","background-size":"auto","background-attachment":"scroll","background-type":"","background-media":"","overlay-type":"","overlay-color":"","overlay-opacity":"","overlay-gradient":""},"tablet":{"background-color":"","background-image":"","background-repeat":"repeat","background-position":"center center","background-size":"auto","background-attachment":"scroll","background-type":"","background-media":"","overlay-type":"","overlay-color":"","overlay-opacity":"","overlay-gradient":""},"mobile":{"background-color":"","background-image":"","background-repeat":"repeat","background-position":"center center","background-size":"auto","background-attachment":"scroll","background-type":"","background-media":"","overlay-type":"","overlay-color":"","overlay-opacity":"","overlay-gradient":""}},"ast-content-background-meta":{"desktop":{"background-color":"var(--ast-global-color-5)","background-image":"","background-repeat":"repeat","background-position":"center center","background-size":"auto","background-attachment":"scroll","background-type":"","background-media":"","overlay-type":"","overlay-color":"","overlay-opacity":"","overlay-gradient":""},"tablet":{"background-color":"var(--ast-global-color-5)","background-image":"","background-repeat":"repeat","background-position":"center center","background-size":"auto","background-attachment":"scroll","background-type":"","background-media":"","overlay-type":"","overlay-color":"","overlay-opacity":"","overlay-gradient":""},"mobile":{"background-color":"var(--ast-global-color-5)","background-image":"","background-repeat":"repeat","background-position":"center center","background-size":"auto","background-attachment":"scroll","background-type":"","background-media":"","overlay-type":"","overlay-color":"","overlay-opacity":"","overlay-gradient":""}},"footnotes":""},"categories":[286,1,321,287,29],"tags":[368,345,366,367,369,353,370,329],"class_list":["post-12870","post","type-post","status-publish","format-standard","has-post-thumbnail","hentry","category-educacio","category-general","category-inici","category-noticies","category-portada","tag-camps-daprenentatge","tag-cda","tag-curs-2022-2023","tag-eda","tag-entorns-daprenentatge","tag-inscripcions","tag-serveis-educatius","tag-tarragona"],"post_mailing_queue_ids":[],"_links":{"self":[{"href":"https:\/\/serveiseducatius.xtec.cat\/cda-tarragona\/wp-json\/wp\/v2\/posts\/12870","targetHints":{"allow":["GET"]}}],"collection":[{"href":"https:\/\/serveiseducatius.xtec.cat\/cda-tarragona\/wp-json\/wp\/v2\/posts"}],"about":[{"href":"https:\/\/serveiseducatius.xtec.cat\/cda-tarragona\/wp-json\/wp\/v2\/types\/post"}],"author":[{"embeddable":true,"href":"https:\/\/serveiseducatius.xtec.cat\/cda-tarragona\/wp-json\/wp\/v2\/users\/1"}],"replies":[{"embeddable":true,"href":"https:\/\/serveiseducatius.xtec.cat\/cda-tarragona\/wp-json\/wp\/v2\/comments?post=12870"}],"version-history":[{"count":3,"href":"https:\/\/serveiseducatius.xtec.cat\/cda-tarragona\/wp-json\/wp\/v2\/posts\/12870\/revisions"}],"predecessor-version":[{"id":12883,"href":"https:\/\/serveiseducatius.xtec.cat\/cda-tarragona\/wp-json\/wp\/v2\/posts\/12870\/revisions\/12883"}],"wp:featuredmedia":[{"embeddable":true,"href":"https:\/\/serveiseducatius.xtec.cat\/cda-tarragona\/wp-json\/wp\/v2\/media\/12881"}],"wp:attachment":[{"href":"https:\/\/serveiseducatius.xtec.cat\/cda-tarragona\/wp-json\/wp\/v2\/media?parent=12870"}],"wp:term":[{"taxonomy":"category","embeddable":true,"href":"https:\/\/serveiseducatius.xtec.cat\/cda-tarragona\/wp-json\/wp\/v2\/categories?post=12870"},{"taxonomy":"post_tag","embeddable":true,"href":"https:\/\/serveiseducatius.xtec.cat\/cda-tarragona\/wp-json\/wp\/v2\/tags?post=12870"}],"curies":[{"name":"wp","href":"https:\/\/api.w.org\/{rel}","templated":true}]}}