{"id":12851,"date":"2022-05-03T11:19:36","date_gmt":"2022-05-03T09:19:36","guid":{"rendered":"https:\/\/serveiseducatius.xtec.cat\/cda-tarragona\/?p=12851"},"modified":"2022-05-03T11:19:36","modified_gmt":"2022-05-03T09:19:36","slug":"informacions-sobre-inscripcio-i-quotes-de-les-inscripcions-al-curs-2022-2023","status":"publish","type":"post","link":"https:\/\/serveiseducatius.xtec.cat\/cda-tarragona\/general\/informacions-sobre-inscripcio-i-quotes-de-les-inscripcions-al-curs-2022-2023\/","title":{"rendered":"Informacions sobre inscripci\u00f3 i quotes de les inscripcions al curs 2022-2023"},"content":{"rendered":"<p>El per\u00edode d\u2019inscripci\u00f3 ordinari \u00e9s del\u00a0<strong>2\u00a0de maig al 31 de maig de 2022.\u00a0<\/strong><\/p>\n<p>Dins aquest per\u00edode, la inscripci\u00f3 a les estades i sortides per a tots els CdA \/ EdA es realitza a trav\u00e9s de l\u2019<a href=\"http:\/\/aplicacions.gestioeducativa.gencat.cat\/pls\/apex\/f?p=camps\" target=\"_blank\" rel=\"noopener\">Aplicaci\u00f3 CAMPS.<\/a><\/p>\n<p><strong>Calendari:<\/strong><\/p>\n<ul>\n<li><strong>Sol\u00b7licituds<\/strong>\u00a0d\u2019inscripci\u00f3 en per\u00edode ordinari:\u00a0<strong>del 2 de maig al 31 de maig de 2022<\/strong><\/li>\n<li><strong>Sol\u00b7licituds\u00a0<\/strong>d\u2019inscripci\u00f3 en per\u00edode extraordinari:\u00a0<strong>de l&#8217;1 de juny de 2022 a l&#8217;1 de juny de 2023<\/strong><\/li>\n<li><strong>Assignaci\u00f3<\/strong>\u00a0de les sol\u00b7licituds:\u00a0<strong>del 7 al 28 de juny de 2022<\/strong><\/li>\n<li><strong>Acceptaci\u00f3<\/strong>\u00a0de l\u2019assignaci\u00f3:\u00a0<strong>del 29 de juny de 2022 al 14 de juliol de 2023<\/strong><\/li>\n<li><strong>Inscripci\u00f3<\/strong>: el centre educatiu quedar\u00e0 inscrit solament si s\u2019ha fet un bon moment 1 en acord entre el centre educatiu i el CdA \/ EdA i si accepta l\u2019assignaci\u00f3.<\/li>\n<\/ul>\n<p><strong>NOTA IMPORTANT:<\/strong>\u00a0El servei d&#8217;allotjament i manutenci\u00f3 necessari per portar a terme les activitats d&#8217;aprenentatge a les estades dels centres escolars als Camps i Entorns d&#8217;aprenentatge el proporcionen diverses entitats col\u00b7laboradores. Als seg\u00fcents camps i entorns aquest servei el proporcionen albergs de la xarxa d&#8217;albergs de Catalunya (XANASCAT): CdA Monestirs dels Cister; CdA del Ripoll\u00e8s; CdA del Bages; CdA de Barcelona; CdA d&#8217;Emp\u00faries; CdA Pau Casals; CdA de la Garrotxa i EdA de Tremp.<\/p>\n<p><strong>Les reserves d\u2019allotjament en aquests camps podria ser susceptible de modificacions, ja que\u00a0actualment s\u2019hi est\u00e0 allotjant poblaci\u00f3 ucra\u00efnesa refugiada.<\/strong><\/p>\n<p>Per a m\u00e9s informaci\u00f3 accediu a la p\u00e0gina web seg\u00fcent:\u00a0<a href=\"http:\/\/xtec.gencat.cat\/ca\/serveis\/sesc\/cda\/inscripcio\/\">http:\/\/xtec.gencat.cat\/ca\/serveis\/sesc\/cda\/inscripcio\/<\/a><\/p>\n<p>&nbsp;<\/p>\n","protected":false},"excerpt":{"rendered":"<p>El per\u00edode d\u2019inscripci\u00f3 ordinari \u00e9s del\u00a02\u00a0de maig al 31 de maig de 2022.\u00a0 Dins aquest per\u00edode, la inscripci\u00f3 a les estades i sortides per a tots els CdA \/ EdA es realitza a trav\u00e9s de l\u2019Aplicaci\u00f3 CAMPS. Calendari: Sol\u00b7licituds\u00a0d\u2019inscripci\u00f3 en per\u00edode ordinari:\u00a0del 2 de maig al 31 de maig de 2022 Sol\u00b7licituds\u00a0d\u2019inscripci\u00f3 en per\u00edode extraordinari:\u00a0de [&hellip;]<\/p>\n","protected":false},"author":1,"featured_media":12849,"comment_status":"closed","ping_status":"closed","sticky":false,"template":"","format":"standard","meta":{"_bbp_topic_count":0,"_bbp_reply_count":0,"_bbp_total_topic_count":0,"_bbp_total_reply_count":0,"_bbp_voice_count":0,"_bbp_anonymous_reply_count":0,"_bbp_topic_count_hidden":0,"_bbp_reply_count_hidden":0,"_bbp_forum_subforum_count":0,"site-sidebar-layout":"default","site-content-layout":"","ast-site-content-layout":"","site-content-style":"default","site-sidebar-style":"default","ast-global-header-display":"","ast-banner-title-visibility":"","ast-main-header-display":"","ast-hfb-above-header-display":"","ast-hfb-below-header-display":"","ast-hfb-mobile-header-display":"","site-post-title":"","ast-breadcrumbs-content":"","ast-featured-img":"","footer-sml-layout":"","theme-transparent-header-meta":"","adv-header-id-meta":"","stick-header-meta":"","header-above-stick-meta":"","header-main-stick-meta":"","header-below-stick-meta":"","astra-migrate-meta-layouts":"default","ast-page-background-enabled":"default","ast-page-background-meta":{"desktop":{"background-color":"var(--ast-global-color-4)","background-image":"","background-repeat":"repeat","background-position":"center center","background-size":"auto","background-attachment":"scroll","background-type":"","background-media":"","overlay-type":"","overlay-color":"","overlay-opacity":"","overlay-gradient":""},"tablet":{"background-color":"","background-image":"","background-repeat":"repeat","background-position":"center center","background-size":"auto","background-attachment":"scroll","background-type":"","background-media":"","overlay-type":"","overlay-color":"","overlay-opacity":"","overlay-gradient":""},"mobile":{"background-color":"","background-image":"","background-repeat":"repeat","background-position":"center center","background-size":"auto","background-attachment":"scroll","background-type":"","background-media":"","overlay-type":"","overlay-color":"","overlay-opacity":"","overlay-gradient":""}},"ast-content-background-meta":{"desktop":{"background-color":"var(--ast-global-color-5)","background-image":"","background-repeat":"repeat","background-position":"center center","background-size":"auto","background-attachment":"scroll","background-type":"","background-media":"","overlay-type":"","overlay-color":"","overlay-opacity":"","overlay-gradient":""},"tablet":{"background-color":"var(--ast-global-color-5)","background-image":"","background-repeat":"repeat","background-position":"center center","background-size":"auto","background-attachment":"scroll","background-type":"","background-media":"","overlay-type":"","overlay-color":"","overlay-opacity":"","overlay-gradient":""},"mobile":{"background-color":"var(--ast-global-color-5)","background-image":"","background-repeat":"repeat","background-position":"center center","background-size":"auto","background-attachment":"scroll","background-type":"","background-media":"","overlay-type":"","overlay-color":"","overlay-opacity":"","overlay-gradient":""}},"footnotes":""},"categories":[286,1,321,287,29],"tags":[368,345,366,367,369,353,370,329],"class_list":["post-12851","post","type-post","status-publish","format-standard","has-post-thumbnail","hentry","category-educacio","category-general","category-inici","category-noticies","category-portada","tag-camps-daprenentatge","tag-cda","tag-curs-2022-2023","tag-eda","tag-entorns-daprenentatge","tag-inscripcions","tag-serveis-educatius","tag-tarragona"],"post_mailing_queue_ids":[],"_links":{"self":[{"href":"https:\/\/serveiseducatius.xtec.cat\/cda-tarragona\/wp-json\/wp\/v2\/posts\/12851","targetHints":{"allow":["GET"]}}],"collection":[{"href":"https:\/\/serveiseducatius.xtec.cat\/cda-tarragona\/wp-json\/wp\/v2\/posts"}],"about":[{"href":"https:\/\/serveiseducatius.xtec.cat\/cda-tarragona\/wp-json\/wp\/v2\/types\/post"}],"author":[{"embeddable":true,"href":"https:\/\/serveiseducatius.xtec.cat\/cda-tarragona\/wp-json\/wp\/v2\/users\/1"}],"replies":[{"embeddable":true,"href":"https:\/\/serveiseducatius.xtec.cat\/cda-tarragona\/wp-json\/wp\/v2\/comments?post=12851"}],"version-history":[{"count":1,"href":"https:\/\/serveiseducatius.xtec.cat\/cda-tarragona\/wp-json\/wp\/v2\/posts\/12851\/revisions"}],"predecessor-version":[{"id":12853,"href":"https:\/\/serveiseducatius.xtec.cat\/cda-tarragona\/wp-json\/wp\/v2\/posts\/12851\/revisions\/12853"}],"wp:featuredmedia":[{"embeddable":true,"href":"https:\/\/serveiseducatius.xtec.cat\/cda-tarragona\/wp-json\/wp\/v2\/media\/12849"}],"wp:attachment":[{"href":"https:\/\/serveiseducatius.xtec.cat\/cda-tarragona\/wp-json\/wp\/v2\/media?parent=12851"}],"wp:term":[{"taxonomy":"category","embeddable":true,"href":"https:\/\/serveiseducatius.xtec.cat\/cda-tarragona\/wp-json\/wp\/v2\/categories?post=12851"},{"taxonomy":"post_tag","embeddable":true,"href":"https:\/\/serveiseducatius.xtec.cat\/cda-tarragona\/wp-json\/wp\/v2\/tags?post=12851"}],"curies":[{"name":"wp","href":"https:\/\/api.w.org\/{rel}","templated":true}]}}