{"id":11948,"date":"2020-06-05T12:09:09","date_gmt":"2020-06-05T10:09:09","guid":{"rendered":"http:\/\/serveiseducatius.xtec.cat\/cda-tarragona\/?p=11948"},"modified":"2020-07-14T11:52:08","modified_gmt":"2020-07-14T09:52:08","slug":"esmenes-al-document-informatiu-per-a-tots-els-centres-afectats-pel-tancament-dels-cda-i-eda-de-catalunya-per-la-situacio-destat-dalarma-degut-al-covid-19","status":"publish","type":"post","link":"https:\/\/serveiseducatius.xtec.cat\/cda-tarragona\/general\/esmenes-al-document-informatiu-per-a-tots-els-centres-afectats-pel-tancament-dels-cda-i-eda-de-catalunya-per-la-situacio-destat-dalarma-degut-al-covid-19\/","title":{"rendered":"Esmenes al document informatiu per a tots els centres afectats pel tancament dels CdA i EdA de Catalunya per la situaci\u00f3 d\u2019estat d\u2019alarma degut al COVID-19"},"content":{"rendered":"<figure style=\"width: 674px\" class=\"wp-caption aligncenter\"><img loading=\"lazy\" decoding=\"async\" class=\"\" src=\"https:\/\/s1.eestatic.com\/2020\/03\/05\/como\/Coronavirus-Enfermedades_infecciosas-Infecciones-Como_hacer_472464572_147429913_1024x576.jpg\" width=\"674\" height=\"379\" \/><figcaption class=\"wp-caption-text\">Covid-19<\/figcaption><\/figure>\n<p>A causa del Covid 19 i del conseg\u00fcent per\u00edode de confinament que hem patit els Centres i Serveis Educatius, us fem arribar un document informatiu en el qual es fonamenta tota la nostra tasca docent i educativa centrada en la coordinaci\u00f3 i preparaci\u00f3 d&#8217;activitats on-line aix\u00ed com la formaci\u00f3 permanent del professorat implicat<\/p>\n<p><a href=\"https:\/\/drive.google.com\/file\/d\/1-7mfLds9PI43lVNWdO6OzdzZGKFvcmSM\/view?usp=sharing\">https:\/\/drive.google.com\/file\/d\/1-7mfLds9PI43lVNWdO6OzdzZGKFvcmSM\/view?usp=sharing<\/a><\/p>\n","protected":false},"excerpt":{"rendered":"<p>A causa del Covid 19 i del conseg\u00fcent per\u00edode de confinament que hem patit els Centres i Serveis Educatius, us fem arribar un document informatiu en el qual es fonamenta tota la nostra tasca docent i educativa centrada en la coordinaci\u00f3 i preparaci\u00f3 d&#8217;activitats on-line aix\u00ed com la formaci\u00f3 permanent del professorat implicat https:\/\/drive.google.com\/file\/d\/1-7mfLds9PI43lVNWdO6OzdzZGKFvcmSM\/view?usp=sharing<\/p>\n","protected":false},"author":1,"featured_media":0,"comment_status":"open","ping_status":"closed","sticky":false,"template":"","format":"standard","meta":{"_bbp_topic_count":0,"_bbp_reply_count":0,"_bbp_total_topic_count":0,"_bbp_total_reply_count":0,"_bbp_voice_count":0,"_bbp_anonymous_reply_count":0,"_bbp_topic_count_hidden":0,"_bbp_reply_count_hidden":0,"_bbp_forum_subforum_count":0,"site-sidebar-layout":"default","site-content-layout":"","ast-site-content-layout":"","site-content-style":"default","site-sidebar-style":"default","ast-global-header-display":"","ast-banner-title-visibility":"","ast-main-header-display":"","ast-hfb-above-header-display":"","ast-hfb-below-header-display":"","ast-hfb-mobile-header-display":"","site-post-title":"","ast-breadcrumbs-content":"","ast-featured-img":"","footer-sml-layout":"","theme-transparent-header-meta":"","adv-header-id-meta":"","stick-header-meta":"","header-above-stick-meta":"","header-main-stick-meta":"","header-below-stick-meta":"","astra-migrate-meta-layouts":"default","ast-page-background-enabled":"default","ast-page-background-meta":{"desktop":{"background-color":"var(--ast-global-color-4)","background-image":"","background-repeat":"repeat","background-position":"center center","background-size":"auto","background-attachment":"scroll","background-type":"","background-media":"","overlay-type":"","overlay-color":"","overlay-opacity":"","overlay-gradient":""},"tablet":{"background-color":"","background-image":"","background-repeat":"repeat","background-position":"center center","background-size":"auto","background-attachment":"scroll","background-type":"","background-media":"","overlay-type":"","overlay-color":"","overlay-opacity":"","overlay-gradient":""},"mobile":{"background-color":"","background-image":"","background-repeat":"repeat","background-position":"center center","background-size":"auto","background-attachment":"scroll","background-type":"","background-media":"","overlay-type":"","overlay-color":"","overlay-opacity":"","overlay-gradient":""}},"ast-content-background-meta":{"desktop":{"background-color":"var(--ast-global-color-5)","background-image":"","background-repeat":"repeat","background-position":"center center","background-size":"auto","background-attachment":"scroll","background-type":"","background-media":"","overlay-type":"","overlay-color":"","overlay-opacity":"","overlay-gradient":""},"tablet":{"background-color":"var(--ast-global-color-5)","background-image":"","background-repeat":"repeat","background-position":"center center","background-size":"auto","background-attachment":"scroll","background-type":"","background-media":"","overlay-type":"","overlay-color":"","overlay-opacity":"","overlay-gradient":""},"mobile":{"background-color":"var(--ast-global-color-5)","background-image":"","background-repeat":"repeat","background-position":"center center","background-size":"auto","background-attachment":"scroll","background-type":"","background-media":"","overlay-type":"","overlay-color":"","overlay-opacity":"","overlay-gradient":""}},"footnotes":""},"categories":[1,287],"tags":[],"class_list":["post-11948","post","type-post","status-publish","format-standard","hentry","category-general","category-noticies"],"post_mailing_queue_ids":[],"_links":{"self":[{"href":"https:\/\/serveiseducatius.xtec.cat\/cda-tarragona\/wp-json\/wp\/v2\/posts\/11948","targetHints":{"allow":["GET"]}}],"collection":[{"href":"https:\/\/serveiseducatius.xtec.cat\/cda-tarragona\/wp-json\/wp\/v2\/posts"}],"about":[{"href":"https:\/\/serveiseducatius.xtec.cat\/cda-tarragona\/wp-json\/wp\/v2\/types\/post"}],"author":[{"embeddable":true,"href":"https:\/\/serveiseducatius.xtec.cat\/cda-tarragona\/wp-json\/wp\/v2\/users\/1"}],"replies":[{"embeddable":true,"href":"https:\/\/serveiseducatius.xtec.cat\/cda-tarragona\/wp-json\/wp\/v2\/comments?post=11948"}],"version-history":[{"count":3,"href":"https:\/\/serveiseducatius.xtec.cat\/cda-tarragona\/wp-json\/wp\/v2\/posts\/11948\/revisions"}],"predecessor-version":[{"id":11954,"href":"https:\/\/serveiseducatius.xtec.cat\/cda-tarragona\/wp-json\/wp\/v2\/posts\/11948\/revisions\/11954"}],"wp:attachment":[{"href":"https:\/\/serveiseducatius.xtec.cat\/cda-tarragona\/wp-json\/wp\/v2\/media?parent=11948"}],"wp:term":[{"taxonomy":"category","embeddable":true,"href":"https:\/\/serveiseducatius.xtec.cat\/cda-tarragona\/wp-json\/wp\/v2\/categories?post=11948"},{"taxonomy":"post_tag","embeddable":true,"href":"https:\/\/serveiseducatius.xtec.cat\/cda-tarragona\/wp-json\/wp\/v2\/tags?post=11948"}],"curies":[{"name":"wp","href":"https:\/\/api.w.org\/{rel}","templated":true}]}}