{"id":11828,"date":"2019-05-15T20:25:25","date_gmt":"2019-05-15T18:25:25","guid":{"rendered":"http:\/\/serveiseducatius.xtec.cat\/cda-tarragona\/?p=11828"},"modified":"2019-07-02T09:53:42","modified_gmt":"2019-07-02T07:53:42","slug":"inscripcions-als-camps-daprenentatge-fins-al-31-de-maig-pel-curs-2019-2020","status":"publish","type":"post","link":"https:\/\/serveiseducatius.xtec.cat\/cda-tarragona\/general\/inscripcions-als-camps-daprenentatge-fins-al-31-de-maig-pel-curs-2019-2020\/","title":{"rendered":"INSCRIPCIONS ALS CAMPS D&#8217;APRENENTATGE FINS AL 31 DE MAIG PEL CURS 2019-2020"},"content":{"rendered":"<p>Us recordem que del dia\u00a0<strong>15 al 31 de maig<\/strong>\u00a0est\u00e0 obert el per\u00edode\u00a0d&#8217;inscripcions als\u00a0Camps\u00a0d&#8217;Aprenentatge\u00a0i Entorns\u00a0d&#8217;Aprenetatge per a realitzar sortides\u00a0d&#8217;un dia o b\u00e9 estades de 2 a 5 dies durant el curs\u00a02019-2020.<\/p>\n<p>Per a fer la inscripci\u00f3 cal que entreu a la p\u00e0gina web de l&#8217;<strong>XTEC<\/strong>\u00a0(<a href=\"http:\/\/xtec.gencat.cat\/ca\" data-saferedirecturl=\"https:\/\/www.google.com\/url?q=http:\/\/xtec.gencat.cat\/ca&amp;source=gmail&amp;ust=1558030803745000&amp;usg=AFQjCNEjylfSjiVujdpXV_ukyCIHvsCWjQ\">www.xtec.gencat.cat\/ca<\/a>), cliqueu la pestanya de\u00a0<strong><em>Serveis educatius<\/em><\/strong><em>\u00a0<\/em>i dins de\u00a0<em>Camps\u00a0d<\/em><em>&#8216;Aprenentatge<\/em>,\u00a0<em>Inscripci\u00f3 i quotes,\u00a0<\/em>\u00a0hi trobareu tota la informaci\u00f3 necess\u00e0ria referent als\u00a0Camps\u00a0d&#8217;Aprenentatge, aix\u00ed com el proc\u00e9s que cal seguir per fer la sol\u00b7licitud.<\/p>\n<p>En l&#8217;apartat\u00a0<strong><em>Oferta<\/em><\/strong><strong><em>\u00a0educativa<\/em><\/strong>, dins dels\u00a0<em>Camps<\/em><em>\u00a0d&#8217;Aprenentatge<\/em>, s&#8217;exposen tots els CdA&#8217;s i EdA&#8217;s de Catalunya, amb una descripci\u00f3 de cada un\u00a0d&#8217;ells i de les diferents\u00a0activitats\u00a0que s&#8217;hi duen a terme.<\/p>\n<p>Pel que fa al nostre\u00a0Camp\u00a0d&#8217;Aprenentatge, el de la ciutat de Tarragona, us recomanem que visiteu la nostra p\u00e0gina web\u00a0<a href=\"http:\/\/cdatarragona.net\/\" data-saferedirecturl=\"https:\/\/www.google.com\/url?q=http:\/\/cdatarragona.net\/&amp;source=gmail&amp;ust=1558030803745000&amp;usg=AFQjCNH9BUEcqC7pZAXkLYT49rc2OUgRUQ\">www.cdatarragona.net<\/a>\u00a0i\/o\u00a0<a href=\"https:\/\/serveiseducatius.xtec.cat\/cda-tarragona\/\" data-saferedirecturl=\"https:\/\/www.google.com\/url?q=https:\/\/serveiseducatius.xtec.cat\/cda-tarragona\/&amp;source=gmail&amp;ust=1558030803745000&amp;usg=AFQjCNGcfQPQ2H8LNH2CzC91xp9DQ4Onhw\">serveiseducatius.xtec.cat\/cda-tarragona\/<\/a>\u00a0on s&#8217;expliquen detalladament les\u00a0activitats\u00a0que oferim i les diferents tipologies (guiades per professorat del CdA, de pr\u00e9stec, aut\u00f2nomes, etc.) per als diversos \u00e0mbits que treballem (<em>T\u00e0rraco a l&#8217;\u00e8poca romana, Tarragona medieval, Tarragona urbana, Tarragona mar\u00edtima i Tarragona industrial<\/em>) classificades en els diferents nivells (E. Infantil, E. Prim\u00e0ria, E. Secund\u00e0ria, Cicles Formatius i Batxillerat). A m\u00e9s, hi trobareu les\u00a0activitats\u00a0pr\u00e8vies, les posteriors i les complement\u00e0ries a l&#8217;apartat de\u00a0<strong>publicacions<\/strong>.<\/p>\n<p>&nbsp;<\/p>\n<p>La informaci\u00f3 sobre al proc\u00e9s\u00a0d&#8217;inscripci\u00f3 es troba actualitzada a la XTEC:\u00a0<a href=\"http:\/\/xtec.gencat.cat\/ca\/serveis\/sesc\/cda\/inscripcio\/\" data-saferedirecturl=\"https:\/\/www.google.com\/url?q=http:\/\/xtec.gencat.cat\/ca\/serveis\/sesc\/cda\/inscripcio\/&amp;source=gmail&amp;ust=1558030803745000&amp;usg=AFQjCNFOZ7cUF63HxnTw1uobqe898LWGhQ\">http:\/\/xtec.gencat.cat\/ca\/serveis\/sesc\/cda\/inscripcio\/<\/a><\/p>\n<p>&nbsp;<\/p>\n<p>&nbsp;<\/p>\n<p>La inscripci\u00f3 dels centres educatius es far\u00e0 a trav\u00e9s de l&#8217;<a href=\"https:\/\/aplicacions.gestioeducativa.gencat.cat\/pls\/apex\/f?p=151:501:312412856232347:::::\" data-saferedirecturl=\"https:\/\/www.google.com\/url?q=https:\/\/aplicacions.gestioeducativa.gencat.cat\/pls\/apex\/f?p%3D151:501:312412856232347:::::&amp;source=gmail&amp;ust=1558030803745000&amp;usg=AFQjCNGxXksKQkeVssqqd9Y1mbWx9eQ92Q\"><strong>Aplicaci\u00f3 CAMPS<\/strong><\/a>. Per fer aquesta gesti\u00f3 caldr\u00e0 tenir la compet\u00e8ncia per treballar amb l&#8217;aplicaci\u00f3, que us assigna la vostra direcci\u00f3 a trav\u00e9s de la plataforma WAC. \u00c9s molt convenient que a l&#8217;hora de fer la inscripci\u00f3 tingueu en compte el\u00a0<strong>proc\u00e9s de gesti\u00f3 d&#8217;aquesta<\/strong>. \u00c9s el seg\u00fcent:<\/p>\n<ol>\n<li>Sol.licitudde les activitats. La feu el centre a\u00a0l&#8217;<a href=\"https:\/\/aplicacions.gestioeducativa.gencat.cat\/pls\/apex\/f?p=151:501:312412856232347:::::\" data-saferedirecturl=\"https:\/\/www.google.com\/url?q=https:\/\/aplicacions.gestioeducativa.gencat.cat\/pls\/apex\/f?p%3D151:501:312412856232347:::::&amp;source=gmail&amp;ust=1558030803745000&amp;usg=AFQjCNGxXksKQkeVssqqd9Y1mbWx9eQ92Q\">Aplicaci\u00f3 CAMPS<\/a>.<\/li>\n<li>Assignaci\u00f3de les activitats i les dates d&#8217;execuci\u00f3. La fem el CdA\/EdA\u00a0a\u00a0\u00a0l&#8217;<a href=\"https:\/\/aplicacions.gestioeducativa.gencat.cat\/pls\/apex\/f?p=151:501:312412856232347:::::\" data-saferedirecturl=\"https:\/\/www.google.com\/url?q=https:\/\/aplicacions.gestioeducativa.gencat.cat\/pls\/apex\/f?p%3D151:501:312412856232347:::::&amp;source=gmail&amp;ust=1558030803745000&amp;usg=AFQjCNGxXksKQkeVssqqd9Y1mbWx9eQ92Q\">Aplicaci\u00f3 CAMPS<\/a>.<\/li>\n<li>Acceptaci\u00f3telem\u00e0tica de les activitats. La feu el centre\u00a0a\u00a0\u00a0l&#8217;<a href=\"https:\/\/aplicacions.gestioeducativa.gencat.cat\/pls\/apex\/f?p=151:501:312412856232347:::::\" data-saferedirecturl=\"https:\/\/www.google.com\/url?q=https:\/\/aplicacions.gestioeducativa.gencat.cat\/pls\/apex\/f?p%3D151:501:312412856232347:::::&amp;source=gmail&amp;ust=1558030803745000&amp;usg=AFQjCNGxXksKQkeVssqqd9Y1mbWx9eQ92Q\">Aplicaci\u00f3 CAMPS<\/a>.\u00a0Podreu consultar els resultats de l\u2019aplicaci\u00f3 CAMPS a partir 11 de Juny<\/li>\n<li>Enviament del\u00a0<strong>Full d&#8217;acceptaci\u00f3<\/strong>(justificant de la vostra confirmaci\u00f3 a aquella activitat i la data assignada i alhora justificant del comprom\u00eds adoptat entre el centre i el CdA\/EdA). La feu el centre mitjan\u00e7ant correu electr\u00f2nic. En aquest correu ens adjunteu el full generat, segellat i signat per la direcci\u00f3 del vostre centre.<\/li>\n<\/ol>\n<p>&nbsp;<\/p>\n<p>Us demanem que feu extensiva aquesta informaci\u00f3 a la resta de docents del vostre centre.<\/p>\n<p>Junts\/es podrem donar un valor afegit a l&#8217;aprenentatge\u00a0de l&#8217;alumnat amb la descoberta vivencial de la nostra ciutat, Tarragona.<\/p>\n<p>Us animem a fer la sol\u00b7licitud en el termini que marca el Departament per poder gaudir de la vostra assist\u00e8ncia el curs vinent!<\/p>\n<p>Per a qualsevol aclariment, som a la vostra disposici\u00f3 via telef\u00f2nica o b\u00e9 per correu electr\u00f2nic.<\/p>\n<p>Per tal de consultar l&#8217;oferta del Camp d&#8217;Aprenentatge de Tarragona, us passem aquest llistat amb l&#8217;oferta programada pel curs vinent<\/p>\n<p>Us esperem a tots i totes el proper curs!<\/p>\n<p>&nbsp;<\/p>\n<p style=\"margin: 12px auto 6px auto; font-family: Helvetica,Arial,Sans-serif; font-style: normal; font-variant: normal; font-weight: normal; font-size: 14px; line-height: normal; font-size-adjust: none; font-stretch: normal; -x-system-font: none; display: block;\"><a style=\"text-decoration: underline;\" title=\"View Oferta Activitats Camp Aprenentatge 2019-2020 on Scribd\" href=\"https:\/\/www.scribd.com\/document\/410119303\/Oferta-Activitats-Camp-Aprenentatge-2019-2020#from_embed\">Oferta Activitats Camp Apre&#8230;<\/a> by on Scribd<\/p>\n<p><iframe loading=\"lazy\" class=\"scribd_iframe_embed\" title=\"Oferta Activitats Camp Aprenentatge 2019-2020\" src=\"https:\/\/www.scribd.com\/embeds\/410119303\/content?start_page=1&amp;view_mode=scroll&amp;show_recommendations=true&amp;access_key=key-zBPwd3FqsQ9Z7dDid2Ya\" width=\"100%\" height=\"600\" frameborder=\"0\" scrolling=\"no\" data-auto-height=\"true\" data-aspect-ratio=\"null\"><\/iframe><\/p>\n","protected":false},"excerpt":{"rendered":"<p>Us recordem que del dia\u00a015 al 31 de maig\u00a0est\u00e0 obert el per\u00edode\u00a0d&#8217;inscripcions als\u00a0Camps\u00a0d&#8217;Aprenentatge\u00a0i Entorns\u00a0d&#8217;Aprenetatge per a realitzar sortides\u00a0d&#8217;un dia o b\u00e9 estades de 2 a 5 dies durant el curs\u00a02019-2020. Per a fer la inscripci\u00f3 cal que entreu a la p\u00e0gina web de l&#8217;XTEC\u00a0(www.xtec.gencat.cat\/ca), cliqueu la pestanya de\u00a0Serveis educatius\u00a0i dins de\u00a0Camps\u00a0d&#8216;Aprenentatge,\u00a0Inscripci\u00f3 i quotes,\u00a0\u00a0hi trobareu tota [&hellip;]<\/p>\n","protected":false},"author":1,"featured_media":11844,"comment_status":"open","ping_status":"closed","sticky":false,"template":"","format":"standard","meta":{"_bbp_topic_count":0,"_bbp_reply_count":0,"_bbp_total_topic_count":0,"_bbp_total_reply_count":0,"_bbp_voice_count":0,"_bbp_anonymous_reply_count":0,"_bbp_topic_count_hidden":0,"_bbp_reply_count_hidden":0,"_bbp_forum_subforum_count":0,"site-sidebar-layout":"default","site-content-layout":"","ast-site-content-layout":"","site-content-style":"default","site-sidebar-style":"default","ast-global-header-display":"","ast-banner-title-visibility":"","ast-main-header-display":"","ast-hfb-above-header-display":"","ast-hfb-below-header-display":"","ast-hfb-mobile-header-display":"","site-post-title":"","ast-breadcrumbs-content":"","ast-featured-img":"","footer-sml-layout":"","theme-transparent-header-meta":"","adv-header-id-meta":"","stick-header-meta":"","header-above-stick-meta":"","header-main-stick-meta":"","header-below-stick-meta":"","astra-migrate-meta-layouts":"default","ast-page-background-enabled":"default","ast-page-background-meta":{"desktop":{"background-color":"var(--ast-global-color-4)","background-image":"","background-repeat":"repeat","background-position":"center center","background-size":"auto","background-attachment":"scroll","background-type":"","background-media":"","overlay-type":"","overlay-color":"","overlay-opacity":"","overlay-gradient":""},"tablet":{"background-color":"","background-image":"","background-repeat":"repeat","background-position":"center center","background-size":"auto","background-attachment":"scroll","background-type":"","background-media":"","overlay-type":"","overlay-color":"","overlay-opacity":"","overlay-gradient":""},"mobile":{"background-color":"","background-image":"","background-repeat":"repeat","background-position":"center center","background-size":"auto","background-attachment":"scroll","background-type":"","background-media":"","overlay-type":"","overlay-color":"","overlay-opacity":"","overlay-gradient":""}},"ast-content-background-meta":{"desktop":{"background-color":"var(--ast-global-color-5)","background-image":"","background-repeat":"repeat","background-position":"center center","background-size":"auto","background-attachment":"scroll","background-type":"","background-media":"","overlay-type":"","overlay-color":"","overlay-opacity":"","overlay-gradient":""},"tablet":{"background-color":"var(--ast-global-color-5)","background-image":"","background-repeat":"repeat","background-position":"center center","background-size":"auto","background-attachment":"scroll","background-type":"","background-media":"","overlay-type":"","overlay-color":"","overlay-opacity":"","overlay-gradient":""},"mobile":{"background-color":"var(--ast-global-color-5)","background-image":"","background-repeat":"repeat","background-position":"center center","background-size":"auto","background-attachment":"scroll","background-type":"","background-media":"","overlay-type":"","overlay-color":"","overlay-opacity":"","overlay-gradient":""}},"footnotes":""},"categories":[262,1,321,287,29],"tags":[339,338],"class_list":["post-11828","post","type-post","status-publish","format-standard","has-post-thumbnail","hentry","category-activitats","category-general","category-inici","category-noticies","category-portada","tag-activitats","tag-oferta-educativa"],"post_mailing_queue_ids":[],"_links":{"self":[{"href":"https:\/\/serveiseducatius.xtec.cat\/cda-tarragona\/wp-json\/wp\/v2\/posts\/11828","targetHints":{"allow":["GET"]}}],"collection":[{"href":"https:\/\/serveiseducatius.xtec.cat\/cda-tarragona\/wp-json\/wp\/v2\/posts"}],"about":[{"href":"https:\/\/serveiseducatius.xtec.cat\/cda-tarragona\/wp-json\/wp\/v2\/types\/post"}],"author":[{"embeddable":true,"href":"https:\/\/serveiseducatius.xtec.cat\/cda-tarragona\/wp-json\/wp\/v2\/users\/1"}],"replies":[{"embeddable":true,"href":"https:\/\/serveiseducatius.xtec.cat\/cda-tarragona\/wp-json\/wp\/v2\/comments?post=11828"}],"version-history":[{"count":3,"href":"https:\/\/serveiseducatius.xtec.cat\/cda-tarragona\/wp-json\/wp\/v2\/posts\/11828\/revisions"}],"predecessor-version":[{"id":11841,"href":"https:\/\/serveiseducatius.xtec.cat\/cda-tarragona\/wp-json\/wp\/v2\/posts\/11828\/revisions\/11841"}],"wp:featuredmedia":[{"embeddable":true,"href":"https:\/\/serveiseducatius.xtec.cat\/cda-tarragona\/wp-json\/wp\/v2\/media\/11844"}],"wp:attachment":[{"href":"https:\/\/serveiseducatius.xtec.cat\/cda-tarragona\/wp-json\/wp\/v2\/media?parent=11828"}],"wp:term":[{"taxonomy":"category","embeddable":true,"href":"https:\/\/serveiseducatius.xtec.cat\/cda-tarragona\/wp-json\/wp\/v2\/categories?post=11828"},{"taxonomy":"post_tag","embeddable":true,"href":"https:\/\/serveiseducatius.xtec.cat\/cda-tarragona\/wp-json\/wp\/v2\/tags?post=11828"}],"curies":[{"name":"wp","href":"https:\/\/api.w.org\/{rel}","templated":true}]}}