{"id":10591,"date":"2026-09-03T11:15:57","date_gmt":"2026-09-03T09:15:57","guid":{"rendered":"https:\/\/serveiseducatius.xtec.cat\/cda-ripolles\/?p=10591"},"modified":"2026-09-03T11:21:37","modified_gmt":"2026-09-03T09:21:37","slug":"bon-curs-a-tothom","status":"publish","type":"post","link":"https:\/\/serveiseducatius.xtec.cat\/cda-ripolles\/general\/bon-curs-a-tothom\/","title":{"rendered":"Bon curs a tothom!"},"content":{"rendered":"<p><img loading=\"lazy\" decoding=\"async\" class=\"size-medium wp-image-10593 alignleft\" src=\"https:\/\/serveiseducatius.xtec.cat\/cda-ripolles\/wp-content\/uploads\/usu1377\/2026\/09\/IMG_7216-1-245x300.jpg\" alt=\"\" width=\"245\" height=\"300\" srcset=\"https:\/\/serveiseducatius.xtec.cat\/cda-ripolles\/wp-content\/uploads\/usu1377\/2026\/09\/IMG_7216-1-245x300.jpg 245w, https:\/\/serveiseducatius.xtec.cat\/cda-ripolles\/wp-content\/uploads\/usu1377\/2026\/09\/IMG_7216-1-838x1024.jpg 838w, https:\/\/serveiseducatius.xtec.cat\/cda-ripolles\/wp-content\/uploads\/usu1377\/2026\/09\/IMG_7216-1-768x939.jpg 768w, https:\/\/serveiseducatius.xtec.cat\/cda-ripolles\/wp-content\/uploads\/usu1377\/2026\/09\/IMG_7216-1.jpg 941w\" sizes=\"auto, (max-width: 245px) 100vw, 245px\" \/><\/p>\n<p><strong>Tornem-hi!<\/strong><\/p>\n<p>A les escoles, cada inici de curs \u00e9s emocionant. Ple d\u2019incerteses, novetats i reptes que es plantegen per poder fer de millor manera la nostra feina. Aquest curs que acabem d&#8217;iniciar per\u00f2, aquestes sensacions van en augment en comparaci\u00f3 a la resta de cursos que ja hem iniciat anteriorment. Aquest curs, a banda de les incerteses, novetats i reptes habituals si afegeixen les negociacions de docents i Departament. Aquestes han propiciat que durant el mes de maig del curs passat, els camps i entorns d&#8217;aprenentatge no reb\u00e9ssim l&#8217;allau d&#8217;inscripcions al que est\u00e0vem acostumats en els \u00faltims cursos. <strong>Entenem perfectament la decisi\u00f3 dels centres de no fer sortides <\/strong>fora de l&#8217;horari escolar fins que no s&#8217;arribi a un acord clar en les negociacions. <strong>Nosaltres tamb\u00e9 som docents<\/strong> que hem estat m\u00e9s o menys cursos en centre. Per la nostra banda, com a servei educatiu que impartim doc\u00e8ncia amb alumnes, continuarem treballant per servir a docents i centres amb all\u00f2 que convingui potser d&#8217;una manera un p\u00e8l diferent al que est\u00e0vem acostumats. Potser acudirem m\u00e9s nosaltres als centres que no pas als centres als camps i entorns. Potser ser\u00e0 un bon moment per posar ordre, repassar, crear i fer tot all\u00f2 que durant aquests cursos passats no hem tingut tant temps de fer. Potser tamb\u00e9 ens podrem formar encara m\u00e9s per poder oferir la nostra millor versi\u00f3 <strong>quan docents i departament arribin al tant esperat acord<\/strong> i llavors, des dels centres, es decideixi tornar a fer sortides i estades als camps i entorns de Catalunya com ho havien fet fins ara. <strong>Estarem preparats!<\/strong><\/p>\n<p>Sempre que parlem amb docents de qualsevol tipus de centre els diem el mateix. En aquests moments que vivim potser encara pren m\u00e9s for\u00e7a; <strong><em>estem aqu\u00ed per si us podem donar un cop de m\u00e0<\/em><\/strong>, Per qualsevol cosa no dubteu en contactar amb nosaltres. Som servei educatiu!<\/p>\n<p><strong>Bon curs a tothom!<\/strong><\/p>\n","protected":false},"excerpt":{"rendered":"<p>Tornem-hi!<br \/>\nA les escoles, cada inici de curs \u00e9s emocionant. Ple d\u2019incerteses, novetats i reptes que es plantegen per poder fer de millor manera la nostra feina. Aquest curs que acabem d&#8217;iniciar per\u00f2, aquestes sensacions van en augment en comparaci\u00f3 a la resta de cursos que&hellip;  <a href=\"https:\/\/serveiseducatius.xtec.cat\/cda-ripolles\/general\/bon-curs-a-tothom\/\" title=\"Read Bon curs a tothom!\">Llegeix m\u00e9s\u00bb<\/a><\/p>\n","protected":false},"author":1,"featured_media":10593,"comment_status":"open","ping_status":"open","sticky":false,"template":"","format":"standard","meta":{"_bbp_topic_count":0,"_bbp_reply_count":0,"_bbp_total_topic_count":0,"_bbp_total_reply_count":0,"_bbp_voice_count":0,"_bbp_anonymous_reply_count":0,"_bbp_topic_count_hidden":0,"_bbp_reply_count_hidden":0,"_bbp_forum_subforum_count":0,"footnotes":""},"categories":[1,29],"tags":[356,373,357,374,314,339],"class_list":["post-10591","post","type-post","status-publish","format-standard","has-post-thumbnail","hentry","category-general","category-portada","tag-apredreambelscampsientorns","tag-aprenemambelscampsientorns","tag-campsientornsdaprenentatge","tag-dia-assenyalat","tag-equip","tag-nota-informativa"],"post_mailing_queue_ids":[],"_links":{"self":[{"href":"https:\/\/serveiseducatius.xtec.cat\/cda-ripolles\/wp-json\/wp\/v2\/posts\/10591","targetHints":{"allow":["GET"]}}],"collection":[{"href":"https:\/\/serveiseducatius.xtec.cat\/cda-ripolles\/wp-json\/wp\/v2\/posts"}],"about":[{"href":"https:\/\/serveiseducatius.xtec.cat\/cda-ripolles\/wp-json\/wp\/v2\/types\/post"}],"author":[{"embeddable":true,"href":"https:\/\/serveiseducatius.xtec.cat\/cda-ripolles\/wp-json\/wp\/v2\/users\/1"}],"replies":[{"embeddable":true,"href":"https:\/\/serveiseducatius.xtec.cat\/cda-ripolles\/wp-json\/wp\/v2\/comments?post=10591"}],"version-history":[{"count":3,"href":"https:\/\/serveiseducatius.xtec.cat\/cda-ripolles\/wp-json\/wp\/v2\/posts\/10591\/revisions"}],"predecessor-version":[{"id":10596,"href":"https:\/\/serveiseducatius.xtec.cat\/cda-ripolles\/wp-json\/wp\/v2\/posts\/10591\/revisions\/10596"}],"wp:featuredmedia":[{"embeddable":true,"href":"https:\/\/serveiseducatius.xtec.cat\/cda-ripolles\/wp-json\/wp\/v2\/media\/10593"}],"wp:attachment":[{"href":"https:\/\/serveiseducatius.xtec.cat\/cda-ripolles\/wp-json\/wp\/v2\/media?parent=10591"}],"wp:term":[{"taxonomy":"category","embeddable":true,"href":"https:\/\/serveiseducatius.xtec.cat\/cda-ripolles\/wp-json\/wp\/v2\/categories?post=10591"},{"taxonomy":"post_tag","embeddable":true,"href":"https:\/\/serveiseducatius.xtec.cat\/cda-ripolles\/wp-json\/wp\/v2\/tags?post=10591"}],"curies":[{"name":"wp","href":"https:\/\/api.w.org\/{rel}","templated":true}]}}