{"id":10965,"date":"2025-04-04T19:00:45","date_gmt":"2025-04-04T17:00:45","guid":{"rendered":"https:\/\/serveiseducatius.xtec.cat\/cda-noguera\/?p=10965"},"modified":"2025-04-13T19:12:52","modified_gmt":"2025-04-13T17:12:52","slug":"avui-hem-presentat-el-llibre-maleit-merengue-memories-dun-soldat-de-la-lleva-del-bibero-a-la-sala-dactes-de-la-paeria-de-balaguer","status":"publish","type":"post","link":"https:\/\/serveiseducatius.xtec.cat\/cda-noguera\/general\/avui-hem-presentat-el-llibre-maleit-merengue-memories-dun-soldat-de-la-lleva-del-bibero-a-la-sala-dactes-de-la-paeria-de-balaguer\/","title":{"rendered":"Avui hem presentat el llibre &#8220;Male\u00eft Merengue. Mem\u00f2ries d\u2019un soldat de la lleva del biber\u00f3&#8221;, a la sala d&#8217;actes de la Paeria de Balaguer."},"content":{"rendered":"<p>Ahir va ser la presentaci\u00f3 del llibre &#8220;Male\u00eft Merengue. Mem\u00f2ries d\u2019un soldat de la lleva del biber\u00f3&#8221;, a la sala d&#8217;actes de la Paeria de Balaguer. Van assistir 112 persones. Avui hem tornat a sortir al diari Segre. I en portada!<\/p>\n<p><img loading=\"lazy\" decoding=\"async\" class=\"alignnone size-medium wp-image-10966\" src=\"https:\/\/serveiseducatius.xtec.cat\/cda-noguera\/wp-content\/uploads\/usu1379\/2025\/04\/1ups-300x281.jpg\" alt=\"\" width=\"300\" height=\"281\" srcset=\"https:\/\/serveiseducatius.xtec.cat\/cda-noguera\/wp-content\/uploads\/usu1379\/2025\/04\/1ups-300x281.jpg 300w, https:\/\/serveiseducatius.xtec.cat\/cda-noguera\/wp-content\/uploads\/usu1379\/2025\/04\/1ups-1024x961.jpg 1024w, https:\/\/serveiseducatius.xtec.cat\/cda-noguera\/wp-content\/uploads\/usu1379\/2025\/04\/1ups-768x720.jpg 768w, https:\/\/serveiseducatius.xtec.cat\/cda-noguera\/wp-content\/uploads\/usu1379\/2025\/04\/1ups.jpg 1307w\" sizes=\"auto, (max-width: 300px) 100vw, 300px\" \/> <img loading=\"lazy\" decoding=\"async\" class=\"alignnone size-medium wp-image-10967\" src=\"https:\/\/serveiseducatius.xtec.cat\/cda-noguera\/wp-content\/uploads\/usu1379\/2025\/04\/2e23-248x300.jpg\" alt=\"\" width=\"248\" height=\"300\" srcset=\"https:\/\/serveiseducatius.xtec.cat\/cda-noguera\/wp-content\/uploads\/usu1379\/2025\/04\/2e23-248x300.jpg 248w, https:\/\/serveiseducatius.xtec.cat\/cda-noguera\/wp-content\/uploads\/usu1379\/2025\/04\/2e23-846x1024.jpg 846w, https:\/\/serveiseducatius.xtec.cat\/cda-noguera\/wp-content\/uploads\/usu1379\/2025\/04\/2e23-768x930.jpg 768w, https:\/\/serveiseducatius.xtec.cat\/cda-noguera\/wp-content\/uploads\/usu1379\/2025\/04\/2e23.jpg 1225w\" sizes=\"auto, (max-width: 248px) 100vw, 248px\" \/> <img loading=\"lazy\" decoding=\"async\" class=\"alignnone size-medium wp-image-10968\" src=\"https:\/\/serveiseducatius.xtec.cat\/cda-noguera\/wp-content\/uploads\/usu1379\/2025\/04\/segre-268x300.jpg\" alt=\"\" width=\"268\" height=\"300\" srcset=\"https:\/\/serveiseducatius.xtec.cat\/cda-noguera\/wp-content\/uploads\/usu1379\/2025\/04\/segre-268x300.jpg 268w, https:\/\/serveiseducatius.xtec.cat\/cda-noguera\/wp-content\/uploads\/usu1379\/2025\/04\/segre-916x1024.jpg 916w, https:\/\/serveiseducatius.xtec.cat\/cda-noguera\/wp-content\/uploads\/usu1379\/2025\/04\/segre-768x859.jpg 768w, https:\/\/serveiseducatius.xtec.cat\/cda-noguera\/wp-content\/uploads\/usu1379\/2025\/04\/segre-1374x1536.jpg 1374w, https:\/\/serveiseducatius.xtec.cat\/cda-noguera\/wp-content\/uploads\/usu1379\/2025\/04\/segre.jpg 1440w\" sizes=\"auto, (max-width: 268px) 100vw, 268px\" \/> <img loading=\"lazy\" decoding=\"async\" class=\"alignnone size-medium wp-image-10969\" src=\"https:\/\/serveiseducatius.xtec.cat\/cda-noguera\/wp-content\/uploads\/usu1379\/2025\/04\/segre433-240x300.jpg\" alt=\"\" width=\"240\" height=\"300\" srcset=\"https:\/\/serveiseducatius.xtec.cat\/cda-noguera\/wp-content\/uploads\/usu1379\/2025\/04\/segre433-240x300.jpg 240w, https:\/\/serveiseducatius.xtec.cat\/cda-noguera\/wp-content\/uploads\/usu1379\/2025\/04\/segre433-820x1024.jpg 820w, https:\/\/serveiseducatius.xtec.cat\/cda-noguera\/wp-content\/uploads\/usu1379\/2025\/04\/segre433-768x959.jpg 768w, https:\/\/serveiseducatius.xtec.cat\/cda-noguera\/wp-content\/uploads\/usu1379\/2025\/04\/segre433-1230x1536.jpg 1230w, https:\/\/serveiseducatius.xtec.cat\/cda-noguera\/wp-content\/uploads\/usu1379\/2025\/04\/segre433.jpg 1440w\" sizes=\"auto, (max-width: 240px) 100vw, 240px\" \/><\/p>\n","protected":false},"excerpt":{"rendered":"<p>Avui hem presentat el llibre &#8220;Male\u00eft Merengue. Mem\u00f2ries d\u2019un soldat de la lleva del biber\u00f3&#8221;, a la sala d&#8217;actes de la Paeria de Balaguer. Van assistir 112 persones. Avui hem tornat a sortir al diari Segre. I en portada!<\/p>\n","protected":false},"author":1,"featured_media":10966,"comment_status":"open","ping_status":"closed","sticky":false,"template":"","format":"standard","meta":{"_bbp_topic_count":0,"_bbp_reply_count":0,"_bbp_total_topic_count":0,"_bbp_total_reply_count":0,"_bbp_voice_count":0,"_bbp_anonymous_reply_count":0,"_bbp_topic_count_hidden":0,"_bbp_reply_count_hidden":0,"_bbp_forum_subforum_count":0,"site-sidebar-layout":"default","site-content-layout":"","ast-site-content-layout":"","site-content-style":"default","site-sidebar-style":"default","ast-global-header-display":"","ast-banner-title-visibility":"","ast-main-header-display":"","ast-hfb-above-header-display":"","ast-hfb-below-header-display":"","ast-hfb-mobile-header-display":"","site-post-title":"","ast-breadcrumbs-content":"","ast-featured-img":"","footer-sml-layout":"","theme-transparent-header-meta":"","adv-header-id-meta":"","stick-header-meta":"","header-above-stick-meta":"","header-main-stick-meta":"","header-below-stick-meta":"","astra-migrate-meta-layouts":"default","ast-page-background-enabled":"default","ast-page-background-meta":{"desktop":{"background-color":"var(--ast-global-color-4)","background-image":"","background-repeat":"repeat","background-position":"center center","background-size":"auto","background-attachment":"scroll","background-type":"","background-media":"","overlay-type":"","overlay-color":"","overlay-opacity":"","overlay-gradient":""},"tablet":{"background-color":"","background-image":"","background-repeat":"repeat","background-position":"center center","background-size":"auto","background-attachment":"scroll","background-type":"","background-media":"","overlay-type":"","overlay-color":"","overlay-opacity":"","overlay-gradient":""},"mobile":{"background-color":"","background-image":"","background-repeat":"repeat","background-position":"center center","background-size":"auto","background-attachment":"scroll","background-type":"","background-media":"","overlay-type":"","overlay-color":"","overlay-opacity":"","overlay-gradient":""}},"ast-content-background-meta":{"desktop":{"background-color":"var(--ast-global-color-5)","background-image":"","background-repeat":"repeat","background-position":"center center","background-size":"auto","background-attachment":"scroll","background-type":"","background-media":"","overlay-type":"","overlay-color":"","overlay-opacity":"","overlay-gradient":""},"tablet":{"background-color":"var(--ast-global-color-5)","background-image":"","background-repeat":"repeat","background-position":"center center","background-size":"auto","background-attachment":"scroll","background-type":"","background-media":"","overlay-type":"","overlay-color":"","overlay-opacity":"","overlay-gradient":""},"mobile":{"background-color":"var(--ast-global-color-5)","background-image":"","background-repeat":"repeat","background-position":"center center","background-size":"auto","background-attachment":"scroll","background-type":"","background-media":"","overlay-type":"","overlay-color":"","overlay-opacity":"","overlay-gradient":""}},"footnotes":""},"categories":[1,29],"tags":[336,338,327,373],"class_list":["post-10965","post","type-post","status-publish","format-standard","has-post-thumbnail","hentry","category-general","category-portada","tag-celebracio","tag-collaborem-amb-les-institucions","tag-materials","tag-memoria-democratica"],"post_mailing_queue_ids":[],"_links":{"self":[{"href":"https:\/\/serveiseducatius.xtec.cat\/cda-noguera\/wp-json\/wp\/v2\/posts\/10965","targetHints":{"allow":["GET"]}}],"collection":[{"href":"https:\/\/serveiseducatius.xtec.cat\/cda-noguera\/wp-json\/wp\/v2\/posts"}],"about":[{"href":"https:\/\/serveiseducatius.xtec.cat\/cda-noguera\/wp-json\/wp\/v2\/types\/post"}],"author":[{"embeddable":true,"href":"https:\/\/serveiseducatius.xtec.cat\/cda-noguera\/wp-json\/wp\/v2\/users\/1"}],"replies":[{"embeddable":true,"href":"https:\/\/serveiseducatius.xtec.cat\/cda-noguera\/wp-json\/wp\/v2\/comments?post=10965"}],"version-history":[{"count":1,"href":"https:\/\/serveiseducatius.xtec.cat\/cda-noguera\/wp-json\/wp\/v2\/posts\/10965\/revisions"}],"predecessor-version":[{"id":10970,"href":"https:\/\/serveiseducatius.xtec.cat\/cda-noguera\/wp-json\/wp\/v2\/posts\/10965\/revisions\/10970"}],"wp:featuredmedia":[{"embeddable":true,"href":"https:\/\/serveiseducatius.xtec.cat\/cda-noguera\/wp-json\/wp\/v2\/media\/10966"}],"wp:attachment":[{"href":"https:\/\/serveiseducatius.xtec.cat\/cda-noguera\/wp-json\/wp\/v2\/media?parent=10965"}],"wp:term":[{"taxonomy":"category","embeddable":true,"href":"https:\/\/serveiseducatius.xtec.cat\/cda-noguera\/wp-json\/wp\/v2\/categories?post=10965"},{"taxonomy":"post_tag","embeddable":true,"href":"https:\/\/serveiseducatius.xtec.cat\/cda-noguera\/wp-json\/wp\/v2\/tags?post=10965"}],"curies":[{"name":"wp","href":"https:\/\/api.w.org\/{rel}","templated":true}]}}