{"id":10492,"date":"2023-05-26T18:40:36","date_gmt":"2023-05-26T16:40:36","guid":{"rendered":"https:\/\/serveiseducatius.xtec.cat\/cda-noguera\/?p=10492"},"modified":"2023-09-30T18:43:49","modified_gmt":"2023-09-30T16:43:49","slug":"participant-a-la-taula-rodona-de-lacte-de-tancament-del-grup-de-treball-educacio-patrimoni-territori-promogut-per-linstitut-destudis-ilerdencs","status":"publish","type":"post","link":"https:\/\/serveiseducatius.xtec.cat\/cda-noguera\/general\/participant-a-la-taula-rodona-de-lacte-de-tancament-del-grup-de-treball-educacio-patrimoni-territori-promogut-per-linstitut-destudis-ilerdencs\/","title":{"rendered":"Participant a la taula rodona de l&#8217;acte de tancament del grup de treball Educaci\u00f3. Patrimoni. Territori, promogut per l&#8217;Institut d&#8217;Estudis Ilerdencs"},"content":{"rendered":"<p>Avui a la tarda, teixint aliances amb institucions del territori en relaci\u00f3 a l&#8217;educaci\u00f3 patrimonial. Participant a la taula rodona de l&#8217;acte de tancament del grup de treball Educaci\u00f3. Patrimoni. Territori, promogut per l&#8217;Institut d&#8217;Estudis Ilerdencs, que al llarg de quatre anys ha treballat sobre el tema, i en el qual hem participat.<\/p>\n<p><img loading=\"lazy\" decoding=\"async\" class=\"alignnone size-full wp-image-10493\" src=\"https:\/\/serveiseducatius.xtec.cat\/cda-noguera\/wp-content\/uploads\/usu1379\/2023\/09\/349194757_921407478966175_899502083283938894_n.jpg\" alt=\"\" width=\"927\" height=\"960\" srcset=\"https:\/\/serveiseducatius.xtec.cat\/cda-noguera\/wp-content\/uploads\/usu1379\/2023\/09\/349194757_921407478966175_899502083283938894_n.jpg 927w, https:\/\/serveiseducatius.xtec.cat\/cda-noguera\/wp-content\/uploads\/usu1379\/2023\/09\/349194757_921407478966175_899502083283938894_n-290x300.jpg 290w, https:\/\/serveiseducatius.xtec.cat\/cda-noguera\/wp-content\/uploads\/usu1379\/2023\/09\/349194757_921407478966175_899502083283938894_n-768x795.jpg 768w\" sizes=\"auto, (max-width: 927px) 100vw, 927px\" \/> <img loading=\"lazy\" decoding=\"async\" class=\"alignnone size-large wp-image-10494\" src=\"https:\/\/serveiseducatius.xtec.cat\/cda-noguera\/wp-content\/uploads\/usu1379\/2023\/09\/349539179_1476401756442338_878062511450273537_n-990x1024.jpg\" alt=\"\" width=\"990\" height=\"1024\" srcset=\"https:\/\/serveiseducatius.xtec.cat\/cda-noguera\/wp-content\/uploads\/usu1379\/2023\/09\/349539179_1476401756442338_878062511450273537_n-990x1024.jpg 990w, https:\/\/serveiseducatius.xtec.cat\/cda-noguera\/wp-content\/uploads\/usu1379\/2023\/09\/349539179_1476401756442338_878062511450273537_n-290x300.jpg 290w, https:\/\/serveiseducatius.xtec.cat\/cda-noguera\/wp-content\/uploads\/usu1379\/2023\/09\/349539179_1476401756442338_878062511450273537_n-768x795.jpg 768w, https:\/\/serveiseducatius.xtec.cat\/cda-noguera\/wp-content\/uploads\/usu1379\/2023\/09\/349539179_1476401756442338_878062511450273537_n.jpg 1440w\" sizes=\"auto, (max-width: 990px) 100vw, 990px\" \/><\/p>\n","protected":false},"excerpt":{"rendered":"<p>Avui a la tarda, teixint aliances amb institucions del territori en relaci\u00f3 a l&#8217;educaci\u00f3 patrimonial. Participant a la taula rodona de l&#8217;acte de tancament del grup de treball Educaci\u00f3. Patrimoni. Territori, promogut per l&#8217;Institut d&#8217;Estudis Ilerdencs, que al llarg de quatre anys ha treballat sobre el tema, i en el qual hem participat.<\/p>\n","protected":false},"author":1,"featured_media":10493,"comment_status":"open","ping_status":"closed","sticky":false,"template":"","format":"standard","meta":{"_bbp_topic_count":0,"_bbp_reply_count":0,"_bbp_total_topic_count":0,"_bbp_total_reply_count":0,"_bbp_voice_count":0,"_bbp_anonymous_reply_count":0,"_bbp_topic_count_hidden":0,"_bbp_reply_count_hidden":0,"_bbp_forum_subforum_count":0,"site-sidebar-layout":"default","site-content-layout":"","ast-site-content-layout":"","site-content-style":"default","site-sidebar-style":"default","ast-global-header-display":"","ast-banner-title-visibility":"","ast-main-header-display":"","ast-hfb-above-header-display":"","ast-hfb-below-header-display":"","ast-hfb-mobile-header-display":"","site-post-title":"","ast-breadcrumbs-content":"","ast-featured-img":"","footer-sml-layout":"","theme-transparent-header-meta":"","adv-header-id-meta":"","stick-header-meta":"","header-above-stick-meta":"","header-main-stick-meta":"","header-below-stick-meta":"","astra-migrate-meta-layouts":"default","ast-page-background-enabled":"default","ast-page-background-meta":{"desktop":{"background-color":"var(--ast-global-color-4)","background-image":"","background-repeat":"repeat","background-position":"center center","background-size":"auto","background-attachment":"scroll","background-type":"","background-media":"","overlay-type":"","overlay-color":"","overlay-opacity":"","overlay-gradient":""},"tablet":{"background-color":"","background-image":"","background-repeat":"repeat","background-position":"center center","background-size":"auto","background-attachment":"scroll","background-type":"","background-media":"","overlay-type":"","overlay-color":"","overlay-opacity":"","overlay-gradient":""},"mobile":{"background-color":"","background-image":"","background-repeat":"repeat","background-position":"center center","background-size":"auto","background-attachment":"scroll","background-type":"","background-media":"","overlay-type":"","overlay-color":"","overlay-opacity":"","overlay-gradient":""}},"ast-content-background-meta":{"desktop":{"background-color":"var(--ast-global-color-5)","background-image":"","background-repeat":"repeat","background-position":"center center","background-size":"auto","background-attachment":"scroll","background-type":"","background-media":"","overlay-type":"","overlay-color":"","overlay-opacity":"","overlay-gradient":""},"tablet":{"background-color":"var(--ast-global-color-5)","background-image":"","background-repeat":"repeat","background-position":"center center","background-size":"auto","background-attachment":"scroll","background-type":"","background-media":"","overlay-type":"","overlay-color":"","overlay-opacity":"","overlay-gradient":""},"mobile":{"background-color":"var(--ast-global-color-5)","background-image":"","background-repeat":"repeat","background-position":"center center","background-size":"auto","background-attachment":"scroll","background-type":"","background-media":"","overlay-type":"","overlay-color":"","overlay-opacity":"","overlay-gradient":""}},"footnotes":""},"categories":[1,29],"tags":[338,342],"class_list":["post-10492","post","type-post","status-publish","format-standard","has-post-thumbnail","hentry","category-general","category-portada","tag-collaborem-amb-les-institucions","tag-patrimoni"],"post_mailing_queue_ids":[],"_links":{"self":[{"href":"https:\/\/serveiseducatius.xtec.cat\/cda-noguera\/wp-json\/wp\/v2\/posts\/10492","targetHints":{"allow":["GET"]}}],"collection":[{"href":"https:\/\/serveiseducatius.xtec.cat\/cda-noguera\/wp-json\/wp\/v2\/posts"}],"about":[{"href":"https:\/\/serveiseducatius.xtec.cat\/cda-noguera\/wp-json\/wp\/v2\/types\/post"}],"author":[{"embeddable":true,"href":"https:\/\/serveiseducatius.xtec.cat\/cda-noguera\/wp-json\/wp\/v2\/users\/1"}],"replies":[{"embeddable":true,"href":"https:\/\/serveiseducatius.xtec.cat\/cda-noguera\/wp-json\/wp\/v2\/comments?post=10492"}],"version-history":[{"count":1,"href":"https:\/\/serveiseducatius.xtec.cat\/cda-noguera\/wp-json\/wp\/v2\/posts\/10492\/revisions"}],"predecessor-version":[{"id":10495,"href":"https:\/\/serveiseducatius.xtec.cat\/cda-noguera\/wp-json\/wp\/v2\/posts\/10492\/revisions\/10495"}],"wp:featuredmedia":[{"embeddable":true,"href":"https:\/\/serveiseducatius.xtec.cat\/cda-noguera\/wp-json\/wp\/v2\/media\/10493"}],"wp:attachment":[{"href":"https:\/\/serveiseducatius.xtec.cat\/cda-noguera\/wp-json\/wp\/v2\/media?parent=10492"}],"wp:term":[{"taxonomy":"category","embeddable":true,"href":"https:\/\/serveiseducatius.xtec.cat\/cda-noguera\/wp-json\/wp\/v2\/categories?post=10492"},{"taxonomy":"post_tag","embeddable":true,"href":"https:\/\/serveiseducatius.xtec.cat\/cda-noguera\/wp-json\/wp\/v2\/tags?post=10492"}],"curies":[{"name":"wp","href":"https:\/\/api.w.org\/{rel}","templated":true}]}}