{"id":11134,"date":"2025-04-10T17:47:37","date_gmt":"2025-04-10T15:47:37","guid":{"rendered":"https:\/\/serveiseducatius.xtec.cat\/cda-monestirs\/?p=11134"},"modified":"2025-04-10T17:50:37","modified_gmt":"2025-04-10T15:50:37","slug":"georeferenciem-la-conca","status":"publish","type":"post","link":"https:\/\/serveiseducatius.xtec.cat\/cda-monestirs\/portada\/georeferenciem-la-conca\/","title":{"rendered":"GEOREFERENCIEM LA CONCA"},"content":{"rendered":"<p class=\"\" data-start=\"242\" data-end=\"548\">La setmana passada el Camp d&#8217;Aprenentatge va participar en la proposta educativa <strong data-start=\"312\" data-end=\"341\">&#8220;Georeferenciem la Conca&#8221;<\/strong>, organitzada pel <strong data-start=\"359\" data-end=\"389\">CRP de la Conca de Barber\u00e0<\/strong>. Aquest any, l\u2019activitat ens va portat fins al poble de <strong data-start=\"449\" data-end=\"463\">Blancafort<\/strong>, on vam poder gaudir d\u2019una jornada plena d\u2019aprenentatges i descoberta del territori.<\/p>\n<p class=\"\" data-start=\"550\" data-end=\"932\">La sortida va tenir com a fil conductor el <strong data-start=\"594\" data-end=\"618\">treball del paisatge<\/strong>, una eina clau per comprendre la realitat natural, social i econ\u00f2mica de la <strong data-start=\"695\" data-end=\"715\">conca del Trepat<\/strong>. Al llarg del mat\u00ed, vam analitzar diferents aspectes del paisatge agr\u00edcola de la zona, posant especial atenci\u00f3 a conreus com la vinya i l\u2019ametller, la distribuci\u00f3 de la poblaci\u00f3 i l\u2019evoluci\u00f3 demogr\u00e0fica del municipi.<a href=\"https:\/\/serveiseducatius.xtec.cat\/cda-monestirs\/wp-content\/uploads\/usu1380\/2025\/04\/WhatsApp-Image-2025-04-03-at-12.23.49.jpeg\"><img loading=\"lazy\" decoding=\"async\" class=\"wp-image-11135 alignright\" src=\"https:\/\/serveiseducatius.xtec.cat\/cda-monestirs\/wp-content\/uploads\/usu1380\/2025\/04\/WhatsApp-Image-2025-04-03-at-12.23.49-1024x768.jpeg\" alt=\"\" width=\"420\" height=\"315\" srcset=\"https:\/\/serveiseducatius.xtec.cat\/cda-monestirs\/wp-content\/uploads\/usu1380\/2025\/04\/WhatsApp-Image-2025-04-03-at-12.23.49-1024x768.jpeg 1024w, https:\/\/serveiseducatius.xtec.cat\/cda-monestirs\/wp-content\/uploads\/usu1380\/2025\/04\/WhatsApp-Image-2025-04-03-at-12.23.49-300x225.jpeg 300w, https:\/\/serveiseducatius.xtec.cat\/cda-monestirs\/wp-content\/uploads\/usu1380\/2025\/04\/WhatsApp-Image-2025-04-03-at-12.23.49-768x576.jpeg 768w, https:\/\/serveiseducatius.xtec.cat\/cda-monestirs\/wp-content\/uploads\/usu1380\/2025\/04\/WhatsApp-Image-2025-04-03-at-12.23.49-1536x1152.jpeg 1536w, https:\/\/serveiseducatius.xtec.cat\/cda-monestirs\/wp-content\/uploads\/usu1380\/2025\/04\/WhatsApp-Image-2025-04-03-at-12.23.49.jpeg 1600w\" sizes=\"auto, (max-width: 420px) 100vw, 420px\" \/><\/a><\/p>\n<p class=\"\" data-start=\"934\" data-end=\"1242\">Un dels punts destacats de la jornada va ser l&#8217;observaci\u00f3 de les construccions de <strong data-start=\"1027\" data-end=\"1041\">pedra seca<\/strong>, un element patrimonial molt caracter\u00edstic del nostre entorn i que els alumnes de l&#8217;escola de Blancafort ja coneixien, ja que s\u00f3n habituals en els camps dels voltants del poble. Vam poder anar a\u00a0 veure <strong data-start=\"1120\" data-end=\"1131\">in situ<\/strong> diferents exemples d\u2019aquest tipus de construcci\u00f3 tradicional mentre f\u00e8iem una passejada pel voltant del poble.<\/p>\n<p class=\"\" data-start=\"1244\" data-end=\"1552\">Per acabar, i com a cloenda significativa de la sortida, vam construir una <strong data-start=\"1374\" data-end=\"1422\">trona de pedra seca al voltant d\u2019un ametller <\/strong>al pati de l&#8217;escola, creant un espai de conviv\u00e8ncia que alhora posa en valor aquest tipus de construcci\u00f3 i el vincle amb el paisatge que ens envolta.<\/p>\n<p data-start=\"1554\" data-end=\"1754\">Volem agrair de manera especial a l&#8217;escola i a l&#8217;ajuntament que ens van ajudar a poder portar a terme aquest bonic mat\u00ed .<\/p>\n<p class=\"\" data-start=\"1554\" data-end=\"1754\">Va ser una jornada enriquidora, plena de descoberta, que ens va permetre <strong data-start=\"1618\" data-end=\"1648\">con\u00e8ixer una mica m\u00e9s el territori<\/strong>, <strong data-start=\"1650\" data-end=\"1674\">valorar el patrimoni<\/strong> i treballar conjuntament per <strong data-start=\"1704\" data-end=\"1753\">estimar i entendre millor la Conca de Barber\u00e0<\/strong>.<\/p>\n<p data-start=\"1554\" data-end=\"1754\">\n","protected":false},"excerpt":{"rendered":"<p>La setmana passada el Camp d&#8217;Aprenentatge va participar en la proposta educativa &#8220;Georeferenciem la Conca&#8221;, organitzada pel CRP de la [&hellip;]<\/p>\n","protected":false},"author":1,"featured_media":11135,"comment_status":"open","ping_status":"closed","sticky":false,"template":"","format":"standard","meta":{"_bbp_topic_count":0,"_bbp_reply_count":0,"_bbp_total_topic_count":0,"_bbp_total_reply_count":0,"_bbp_voice_count":0,"_bbp_anonymous_reply_count":0,"_bbp_topic_count_hidden":0,"_bbp_reply_count_hidden":0,"_bbp_forum_subforum_count":0,"site-sidebar-layout":"default","site-content-layout":"","ast-site-content-layout":"default","site-content-style":"default","site-sidebar-style":"default","ast-global-header-display":"","ast-banner-title-visibility":"","ast-main-header-display":"","ast-hfb-above-header-display":"","ast-hfb-below-header-display":"","ast-hfb-mobile-header-display":"","site-post-title":"","ast-breadcrumbs-content":"","ast-featured-img":"","footer-sml-layout":"","theme-transparent-header-meta":"default","adv-header-id-meta":"","stick-header-meta":"","header-above-stick-meta":"","header-main-stick-meta":"","header-below-stick-meta":"","astra-migrate-meta-layouts":"set","ast-page-background-enabled":"default","ast-page-background-meta":{"desktop":{"background-color":"var(--ast-global-color-4)","background-image":"","background-repeat":"repeat","background-position":"center center","background-size":"auto","background-attachment":"scroll","background-type":"","background-media":"","overlay-type":"","overlay-color":"","overlay-opacity":"","overlay-gradient":""},"tablet":{"background-color":"","background-image":"","background-repeat":"repeat","background-position":"center center","background-size":"auto","background-attachment":"scroll","background-type":"","background-media":"","overlay-type":"","overlay-color":"","overlay-opacity":"","overlay-gradient":""},"mobile":{"background-color":"","background-image":"","background-repeat":"repeat","background-position":"center center","background-size":"auto","background-attachment":"scroll","background-type":"","background-media":"","overlay-type":"","overlay-color":"","overlay-opacity":"","overlay-gradient":""}},"ast-content-background-meta":{"desktop":{"background-color":"var(--ast-global-color-5)","background-image":"","background-repeat":"repeat","background-position":"center center","background-size":"auto","background-attachment":"scroll","background-type":"","background-media":"","overlay-type":"","overlay-color":"","overlay-opacity":"","overlay-gradient":""},"tablet":{"background-color":"var(--ast-global-color-5)","background-image":"","background-repeat":"repeat","background-position":"center center","background-size":"auto","background-attachment":"scroll","background-type":"","background-media":"","overlay-type":"","overlay-color":"","overlay-opacity":"","overlay-gradient":""},"mobile":{"background-color":"var(--ast-global-color-5)","background-image":"","background-repeat":"repeat","background-position":"center center","background-size":"auto","background-attachment":"scroll","background-type":"","background-media":"","overlay-type":"","overlay-color":"","overlay-opacity":"","overlay-gradient":""}},"footnotes":""},"categories":[29],"tags":[314,415,337,338,336,424,423,422],"class_list":["post-11134","post","type-post","status-publish","format-standard","has-post-thumbnail","hentry","category-portada","tag-cdaelsmonestirs","tag-cdamonestirsdelcister","tag-comarca","tag-entorn","tag-suportcentres","tag-blancafort","tag-crp","tag-georeferenciemlaconca"],"post_mailing_queue_ids":[],"_links":{"self":[{"href":"https:\/\/serveiseducatius.xtec.cat\/cda-monestirs\/wp-json\/wp\/v2\/posts\/11134","targetHints":{"allow":["GET"]}}],"collection":[{"href":"https:\/\/serveiseducatius.xtec.cat\/cda-monestirs\/wp-json\/wp\/v2\/posts"}],"about":[{"href":"https:\/\/serveiseducatius.xtec.cat\/cda-monestirs\/wp-json\/wp\/v2\/types\/post"}],"author":[{"embeddable":true,"href":"https:\/\/serveiseducatius.xtec.cat\/cda-monestirs\/wp-json\/wp\/v2\/users\/1"}],"replies":[{"embeddable":true,"href":"https:\/\/serveiseducatius.xtec.cat\/cda-monestirs\/wp-json\/wp\/v2\/comments?post=11134"}],"version-history":[{"count":3,"href":"https:\/\/serveiseducatius.xtec.cat\/cda-monestirs\/wp-json\/wp\/v2\/posts\/11134\/revisions"}],"predecessor-version":[{"id":11138,"href":"https:\/\/serveiseducatius.xtec.cat\/cda-monestirs\/wp-json\/wp\/v2\/posts\/11134\/revisions\/11138"}],"wp:featuredmedia":[{"embeddable":true,"href":"https:\/\/serveiseducatius.xtec.cat\/cda-monestirs\/wp-json\/wp\/v2\/media\/11135"}],"wp:attachment":[{"href":"https:\/\/serveiseducatius.xtec.cat\/cda-monestirs\/wp-json\/wp\/v2\/media?parent=11134"}],"wp:term":[{"taxonomy":"category","embeddable":true,"href":"https:\/\/serveiseducatius.xtec.cat\/cda-monestirs\/wp-json\/wp\/v2\/categories?post=11134"},{"taxonomy":"post_tag","embeddable":true,"href":"https:\/\/serveiseducatius.xtec.cat\/cda-monestirs\/wp-json\/wp\/v2\/tags?post=11134"}],"curies":[{"name":"wp","href":"https:\/\/api.w.org\/{rel}","templated":true}]}}