{"id":11494,"date":"2026-04-30T08:39:06","date_gmt":"2026-04-30T06:39:06","guid":{"rendered":"https:\/\/serveiseducatius.xtec.cat\/cda-juneda\/?p=11494"},"modified":"2026-04-30T08:44:44","modified_gmt":"2026-04-30T06:44:44","slug":"de-gra-a-laliment-de-la-terra-al-plat","status":"publish","type":"post","link":"https:\/\/serveiseducatius.xtec.cat\/cda-juneda\/general\/de-gra-a-laliment-de-la-terra-al-plat\/","title":{"rendered":"De gra a l&#8217;aliment, de la terra al plat"},"content":{"rendered":"<p data-start=\"128\" data-end=\"427\">L\u2019activitat de <strong data-start=\"143\" data-end=\"154\">Farines<\/strong> \u00e9s una proposta educativa que convida l\u2019alumnat a fer un viatge complet: des de l\u2019origen del cereal fins a la seva transformaci\u00f3 en aliment. Tenim com a prioritat entendre tot el proc\u00e9s que hi ha al darrere i, sobretot, de viure\u2019l en primera persona.<\/p>\n<p data-start=\"429\" data-end=\"755\">El punt de partida \u00e9s<strong> la terra<\/strong>. A trav\u00e9s d&#8217;una introducci\u00f3 sobre l&#8217;origen de la domesticaci\u00f3 del cereal, i amb l&#8217;ajuda del bancs de llavors, els alumnes descobreixen la diversitat de cereals, les seves caracter\u00edstiques i el valor que tenen dins del nostre sistema alimentari. Aquest primer contacte permet posar en context all\u00f2 que sovint es dona per fet: d\u2019on surten els aliments que consumim cada dia.<\/p>\n<p data-start=\"789\" data-end=\"1271\">A partir d\u2019aqu\u00ed, el recorregut avan\u00e7a cap als processos de transformaci\u00f3. L\u2019obtenci\u00f3 de la farina es treballa a trav\u00e9s d\u2019una <strong>seq\u00fc\u00e8ncia de tasques<\/strong> estructurada que l\u2019alumnat ha de seguir de manera aut\u00f2noma i coordinada. Cada grup assumeix el repte d\u2019organitzar-se, repartir rols i avan\u00e7ar pas a pas per assolir un objectiu compartit. Aquest plantejament metodol\u00f2gic afavoreix tant la comprensi\u00f3 del proc\u00e9s com el desenvolupament d\u2019habilitats de treball en equip i presa de decisions.<\/p>\n<p data-start=\"1273\" data-end=\"1646\">Amb la farina a les mans, arriba el moment de la massa. \u00c9s aqu\u00ed on l\u2019activitat pren una dimensi\u00f3 m\u00e9s vivencial: barrejar, provar, rectificar\u2026 La massa no sempre respon com s\u2019espera, i \u00e9s precisament en aquest proc\u00e9s d\u2019ajust on es genera un aprenentatge m\u00e9s significatiu. Aquesta part tamb\u00e9 incorpora la descoberta de maquin\u00e0ria i processos de producci\u00f3, connectant el treball artesanal amb el m\u00f3n m\u00e9s tecnificat. Aix\u00f2 permet ampliar la mirada i entendre com aquests processos es duen a terme a escala m\u00e9s gran, establint ponts entre el que fan ells i el que passa en la realitat industrial.<\/p>\n<p data-start=\"1970\" data-end=\"2243\">Tot aquest cam\u00ed es planteja de manera progressiva i accessible, perqu\u00e8 cada alumne pugui avan\u00e7ar amb autonomia. L\u2019error es viu com una part natural del proc\u00e9s, i el rol de l\u2019educador \u00e9s el d\u2019acompanyar, orientar i generar les condicions perqu\u00e8 l\u2019aprenentatge tingui sentit.<\/p>\n<p data-start=\"2245\" data-end=\"2513\">Fer pasta acaba sent, aix\u00ed, una fant\u00e0stica excusa. Una excusa per experimentar, per treballar en equip, per connectar coneixements i per posar en valor el recorregut dels aliments. El resultat final \u2014sempre vist\u00f3s i engrescador\u2014 \u00e9s nom\u00e9s la part visible d\u2019un proc\u00e9s molt m\u00e9s ric.<\/p>\n<p data-start=\"2245\" data-end=\"2513\">\r\n\t<div class=\"slideshow_container slideshow_container_style-light\" style=\"height: 300px; \" data-slideshow-id=\"10665\" data-style-name=\"style-light\" data-style-version=\"2.3.1\" >\r\n\r\n\t\t\t\t\t<div class=\"slideshow_loading_icon\"><\/div>\r\n\t\t\r\n\t\t<div class=\"slideshow_content\" style=\"display: none;\">\r\n\r\n\t\t\t<div class=\"slideshow_view\">\r\n\t\t\t\t<div class=\"slideshow_slide slideshow_slide_image\">\r\n\t\t\t\t\t\t\t\t\t\t\t<img src=\"https:\/\/serveiseducatius.xtec.cat\/cda-juneda\/wp-content\/uploads\/usu1381\/2026\/04\/FARINES8-1-scaled.jpg\" alt=\"FARINES8 (1)\" width=\"1920\" height=\"2560\" \/>\r\n\t\t\t\t\t\t\t\t\t\t<div class=\"slideshow_description_box slideshow_transparent\">\r\n\t\t\t\t\t\t<div class=\"slideshow_title\">FARINES8 (1)<\/div>\t\t\t\t\t\t\t\t\t\t\t<\/div>\r\n\t\t\t\t<\/div>\r\n\r\n\t\t\t\t\t\t\r\n\t\t\t\t<div class=\"slideshow_slide slideshow_slide_image\">\r\n\t\t\t\t\t\t\t\t\t\t\t<img src=\"https:\/\/serveiseducatius.xtec.cat\/cda-juneda\/wp-content\/uploads\/usu1381\/2026\/04\/WhatsApp-Image-2026-04-30-at-08.27.49-2.jpeg\" alt=\"seq\u00fc\u00e8ncia de tasques\" width=\"1195\" height=\"896\" \/>\r\n\t\t\t\t\t\t\t\t\t\t<div class=\"slideshow_description_box slideshow_transparent\">\r\n\t\t\t\t\t\t<div class=\"slideshow_title\">seq\u00fc\u00e8ncia de tasques<\/div>\t\t\t\t\t\t\t\t\t\t\t<\/div>\r\n\t\t\t\t<\/div>\r\n\r\n\t\t\t\t\t\t\r\n\t\t\t\t<div class=\"slideshow_slide slideshow_slide_image\">\r\n\t\t\t\t\t\t\t\t\t\t\t<img src=\"https:\/\/serveiseducatius.xtec.cat\/cda-juneda\/wp-content\/uploads\/usu1381\/2026\/04\/WhatsApp-Image-2026-04-30-at-08.27.49-1-e1777531311307.jpeg\" alt=\"elaboraci\u00f3 pasta\" width=\"1448\" height=\"965\" \/>\r\n\t\t\t\t\t\t\t\t\t\t<div class=\"slideshow_description_box slideshow_transparent\">\r\n\t\t\t\t\t\t<div class=\"slideshow_title\">elaboraci\u00f3 pasta<\/div>\t\t\t\t\t\t\t\t\t\t\t<\/div>\r\n\t\t\t\t<\/div>\r\n\r\n\t\t\t\t\t\t<div style=\"clear: both;\"><\/div><\/div><div class=\"slideshow_view\">\r\n\t\t\t\t<div class=\"slideshow_slide slideshow_slide_image\">\r\n\t\t\t\t\t\t\t\t\t\t\t<img src=\"https:\/\/serveiseducatius.xtec.cat\/cda-juneda\/wp-content\/uploads\/usu1381\/2026\/04\/WhatsApp-Image-2026-04-30-at-08.28.16-1.jpeg\" alt=\"amassat\" width=\"1195\" height=\"896\" \/>\r\n\t\t\t\t\t\t\t\t\t\t<div class=\"slideshow_description_box slideshow_transparent\">\r\n\t\t\t\t\t\t<div class=\"slideshow_title\">amassat<\/div>\t\t\t\t\t\t\t\t\t\t\t<\/div>\r\n\t\t\t\t<\/div>\r\n\r\n\t\t\t\t\t\t\r\n\t\t\t\t<div class=\"slideshow_slide slideshow_slide_image\">\r\n\t\t\t\t\t\t\t\t\t\t\t<img src=\"https:\/\/serveiseducatius.xtec.cat\/cda-juneda\/wp-content\/uploads\/usu1381\/2026\/04\/WhatsApp-Image-2026-04-30-at-08.28.16.jpeg\" alt=\"mol\u00ed fariner\" width=\"1086\" height=\"1448\" \/>\r\n\t\t\t\t\t\t\t\t\t\t<div class=\"slideshow_description_box slideshow_transparent\">\r\n\t\t\t\t\t\t<div class=\"slideshow_title\">mol\u00ed fariner<\/div>\t\t\t\t\t\t\t\t\t\t\t<\/div>\r\n\t\t\t\t<\/div>\r\n\r\n\t\t\t\t\t\t\r\n\t\t\t\t<div class=\"slideshow_slide slideshow_slide_image\">\r\n\t\t\t\t\t\t\t\t\t\t\t<img src=\"https:\/\/serveiseducatius.xtec.cat\/cda-juneda\/wp-content\/uploads\/usu1381\/2026\/04\/WhatsApp-Image-2026-04-30-at-08.28.16-2.jpeg\" alt=\"resultat final\" width=\"896\" height=\"1195\" \/>\r\n\t\t\t\t\t\t\t\t\t\t<div class=\"slideshow_description_box slideshow_transparent\">\r\n\t\t\t\t\t\t<div class=\"slideshow_title\">resultat final<\/div>\t\t\t\t\t\t\t\t\t\t\t<\/div>\r\n\t\t\t\t<\/div>\r\n\r\n\t\t\t\t\t\t<div style=\"clear: both;\"><\/div><\/div><div class=\"slideshow_view\">\r\n\t\t\t\t<div class=\"slideshow_slide slideshow_slide_image\">\r\n\t\t\t\t\t\t\t\t\t\t\t<img src=\"https:\/\/serveiseducatius.xtec.cat\/cda-juneda\/wp-content\/uploads\/usu1381\/2026\/04\/WhatsApp-Image-2026-04-30-at-08.27.49-3.jpeg\" alt=\"banc de llavors\" width=\"1086\" height=\"1448\" \/>\r\n\t\t\t\t\t\t\t\t\t\t<div class=\"slideshow_description_box slideshow_transparent\">\r\n\t\t\t\t\t\t<div class=\"slideshow_title\">banc de llavors<\/div>\t\t\t\t\t\t\t\t\t\t\t<\/div>\r\n\t\t\t\t<\/div>\r\n\r\n\t\t\t\t\t\t\r\n\t\t\t\t<div class=\"slideshow_slide slideshow_slide_image\">\r\n\t\t\t\t\t\t\t\t\t\t\t<img src=\"https:\/\/serveiseducatius.xtec.cat\/cda-juneda\/wp-content\/uploads\/usu1381\/2024\/05\/farines.jpg\" alt=\"farines\" width=\"2048\" height=\"1536\" \/>\r\n\t\t\t\t\t\t\t\t\t\t<div class=\"slideshow_description_box slideshow_transparent\">\r\n\t\t\t\t\t\t<div class=\"slideshow_title\">farines<\/div>\t\t\t\t\t\t\t\t\t\t\t<\/div>\r\n\t\t\t\t<\/div>\r\n\r\n\t\t\t\t\t\t\r\n\t\t\t\t<div class=\"slideshow_slide slideshow_slide_image\">\r\n\t\t\t\t\t\t\t\t\t\t\t<img src=\"https:\/\/serveiseducatius.xtec.cat\/cda-juneda\/wp-content\/uploads\/usu1381\/2024\/05\/farines-tipus-e1715686102791.jpg\" alt=\"farines tipus\" width=\"886\" height=\"567\" \/>\r\n\t\t\t\t\t\t\t\t\t\t<div class=\"slideshow_description_box slideshow_transparent\">\r\n\t\t\t\t\t\t<div class=\"slideshow_title\">farines tipus<\/div>\t\t\t\t\t\t\t\t\t\t\t<\/div>\r\n\t\t\t\t<\/div>\r\n\r\n\t\t\t\t\t\t<div style=\"clear: both;\"><\/div><\/div>\r\n\t\t<\/div>\r\n\r\n\t\t<div class=\"slideshow_controlPanel slideshow_transparent\" style=\"display: none;\"><ul><li class=\"slideshow_togglePlay\" data-play-text=\"Visualitza\" data-pause-text=\"Pausa\"><\/li><\/ul><\/div>\r\n\r\n\t\t<div class=\"slideshow_button slideshow_previous slideshow_transparent\" role=\"button\" data-previous-text=\"Anterior\" style=\"display: none;\"><\/div>\r\n\t\t<div class=\"slideshow_button slideshow_next slideshow_transparent\" role=\"button\" data-next-text=\"Seg\u00fcent\" style=\"display: none;\"><\/div>\r\n\r\n\t\t<div class=\"slideshow_pagination\" style=\"display: none;\" data-go-to-text=\"V\u00e9s a la diapositiva\"><div class=\"slideshow_pagination_center\"><\/div><\/div>\r\n\r\n\t\t<!-- WordPress Slideshow Version 2.3.1 -->\r\n\r\n\t\t\t<\/div>\r\n\r\n<\/p>\n<p data-start=\"2245\" data-end=\"2513\">\n","protected":false},"excerpt":{"rendered":"<p>L\u2019activitat de Farines \u00e9s una proposta educativa que convida l\u2019alumnat a fer un viatge complet: des de l\u2019origen del cereal fins a la seva transformaci\u00f3 en aliment. Tenim com a prioritat entendre tot el proc\u00e9s que hi ha al darrere i, sobretot, de viure\u2019l en primera persona. El punt de partida \u00e9s la terra. A [&hellip;]<\/p>\n","protected":false},"author":1,"featured_media":11496,"comment_status":"open","ping_status":"open","sticky":false,"template":"","format":"standard","meta":{"_bbp_topic_count":0,"_bbp_reply_count":0,"_bbp_total_topic_count":0,"_bbp_total_reply_count":0,"_bbp_voice_count":0,"_bbp_anonymous_reply_count":0,"_bbp_topic_count_hidden":0,"_bbp_reply_count_hidden":0,"_bbp_forum_subforum_count":0,"site-sidebar-layout":"default","site-content-layout":"","ast-site-content-layout":"default","site-content-style":"default","site-sidebar-style":"default","ast-global-header-display":"","ast-banner-title-visibility":"","ast-main-header-display":"","ast-hfb-above-header-display":"","ast-hfb-below-header-display":"","ast-hfb-mobile-header-display":"","site-post-title":"","ast-breadcrumbs-content":"","ast-featured-img":"","footer-sml-layout":"","theme-transparent-header-meta":"default","adv-header-id-meta":"","stick-header-meta":"","header-above-stick-meta":"","header-main-stick-meta":"","header-below-stick-meta":"","astra-migrate-meta-layouts":"set","ast-page-background-enabled":"default","ast-page-background-meta":{"desktop":{"background-color":"var(--ast-global-color-4)","background-image":"","background-repeat":"repeat","background-position":"center center","background-size":"auto","background-attachment":"scroll","background-type":"","background-media":"","overlay-type":"","overlay-color":"","overlay-opacity":"","overlay-gradient":""},"tablet":{"background-color":"","background-image":"","background-repeat":"repeat","background-position":"center center","background-size":"auto","background-attachment":"scroll","background-type":"","background-media":"","overlay-type":"","overlay-color":"","overlay-opacity":"","overlay-gradient":""},"mobile":{"background-color":"","background-image":"","background-repeat":"repeat","background-position":"center center","background-size":"auto","background-attachment":"scroll","background-type":"","background-media":"","overlay-type":"","overlay-color":"","overlay-opacity":"","overlay-gradient":""}},"ast-content-background-meta":{"desktop":{"background-color":"var(--ast-global-color-5)","background-image":"","background-repeat":"repeat","background-position":"center center","background-size":"auto","background-attachment":"scroll","background-type":"","background-media":"","overlay-type":"","overlay-color":"","overlay-opacity":"","overlay-gradient":""},"tablet":{"background-color":"var(--ast-global-color-5)","background-image":"","background-repeat":"repeat","background-position":"center center","background-size":"auto","background-attachment":"scroll","background-type":"","background-media":"","overlay-type":"","overlay-color":"","overlay-opacity":"","overlay-gradient":""},"mobile":{"background-color":"var(--ast-global-color-5)","background-image":"","background-repeat":"repeat","background-position":"center center","background-size":"auto","background-attachment":"scroll","background-type":"","background-media":"","overlay-type":"","overlay-color":"","overlay-opacity":"","overlay-gradient":""}},"footnotes":""},"categories":[1,29],"tags":[357,356,365,371,366],"class_list":["post-11494","post","type-post","status-publish","format-standard","has-post-thumbnail","hentry","category-general","category-portada","tag-aprenemambelscampsientorns","tag-projectecda","tag-estadacda","tag-estadaeda","tag-sortidacda"],"post_mailing_queue_ids":[],"_links":{"self":[{"href":"https:\/\/serveiseducatius.xtec.cat\/cda-juneda\/wp-json\/wp\/v2\/posts\/11494","targetHints":{"allow":["GET"]}}],"collection":[{"href":"https:\/\/serveiseducatius.xtec.cat\/cda-juneda\/wp-json\/wp\/v2\/posts"}],"about":[{"href":"https:\/\/serveiseducatius.xtec.cat\/cda-juneda\/wp-json\/wp\/v2\/types\/post"}],"author":[{"embeddable":true,"href":"https:\/\/serveiseducatius.xtec.cat\/cda-juneda\/wp-json\/wp\/v2\/users\/1"}],"replies":[{"embeddable":true,"href":"https:\/\/serveiseducatius.xtec.cat\/cda-juneda\/wp-json\/wp\/v2\/comments?post=11494"}],"version-history":[{"count":4,"href":"https:\/\/serveiseducatius.xtec.cat\/cda-juneda\/wp-json\/wp\/v2\/posts\/11494\/revisions"}],"predecessor-version":[{"id":11507,"href":"https:\/\/serveiseducatius.xtec.cat\/cda-juneda\/wp-json\/wp\/v2\/posts\/11494\/revisions\/11507"}],"wp:featuredmedia":[{"embeddable":true,"href":"https:\/\/serveiseducatius.xtec.cat\/cda-juneda\/wp-json\/wp\/v2\/media\/11496"}],"wp:attachment":[{"href":"https:\/\/serveiseducatius.xtec.cat\/cda-juneda\/wp-json\/wp\/v2\/media?parent=11494"}],"wp:term":[{"taxonomy":"category","embeddable":true,"href":"https:\/\/serveiseducatius.xtec.cat\/cda-juneda\/wp-json\/wp\/v2\/categories?post=11494"},{"taxonomy":"post_tag","embeddable":true,"href":"https:\/\/serveiseducatius.xtec.cat\/cda-juneda\/wp-json\/wp\/v2\/tags?post=11494"}],"curies":[{"name":"wp","href":"https:\/\/api.w.org\/{rel}","templated":true}]}}