{"id":9154,"date":"2020-07-14T07:56:22","date_gmt":"2020-07-14T05:56:22","guid":{"rendered":"https:\/\/serveiseducatius.xtec.cat\/cda-flix\/?p=9154"},"modified":"2020-09-14T18:24:28","modified_gmt":"2020-09-14T16:24:28","slug":"ja-estan-les-inscripcions-obertes","status":"publish","type":"post","link":"https:\/\/serveiseducatius.xtec.cat\/cda-flix\/general\/ja-estan-les-inscripcions-obertes\/","title":{"rendered":"Ja estan les inscripcions obertes!"},"content":{"rendered":"<p><img loading=\"lazy\" decoding=\"async\" class=\"aligncenter wp-image-9159 size-full\" src=\"https:\/\/serveiseducatius.xtec.cat\/cda-flix\/wp-content\/uploads\/usu1373\/2020\/07\/inscrip-mailchimp-nova.png\" alt=\"\" width=\"681\" height=\"96\" srcset=\"https:\/\/serveiseducatius.xtec.cat\/cda-flix\/wp-content\/uploads\/usu1373\/2020\/07\/inscrip-mailchimp-nova.png 681w, https:\/\/serveiseducatius.xtec.cat\/cda-flix\/wp-content\/uploads\/usu1373\/2020\/07\/inscrip-mailchimp-nova-300x42.png 300w\" sizes=\"auto, (max-width: 681px) 100vw, 681px\" \/><\/p>\n<p><strong><span style=\"color: #339966;\">L&#8217;equip educatiu del CdA de Flix<\/span><\/strong> us fem saber que ja est\u00e0 obert el <a href=\"http:\/\/xtec.gencat.cat\/ca\/serveis\/sesc\/cda\/inscripcio\/\" target=\"_blank\" rel=\"noopener noreferrer\"><strong><span style=\"color: #008080;\">per\u00edode d&#8217;inscripci\u00f3<\/span><\/strong><\/a> de la xarxa de Camps i Entorns d&#8217;Aprenentatge del Departament d&#8217;Educaci\u00f3, <strong><span style=\"color: #ff0000;\">del 13 de juliol al 14 de setembre<\/span><\/strong>. <a href=\"http:\/\/xtec.gencat.cat\/ca\/serveis\/sesc\/cda\/inscripcio\/\" target=\"_blank\" rel=\"noopener noreferrer\">http:\/\/xtec.gencat.cat\/ca\/serveis\/sesc\/cda\/inscripcio\/<\/a><\/p>\n<p>Dir-vos que<strong><span style=\"color: #ff6600;\"> som molt conscients de l&#8217;excepcionalitat del moment que estem vivint i viurem aquest curs<\/span><\/strong>. Al llarg del setembre elaborarem un <strong>pla d&#8217;organitzaci\u00f3 del nostre servei educatiu <\/strong>(ventilaci\u00f3, neteja i desinfecci\u00f3, organitzaci\u00f3 d&#8217;espais&#8230;) que podreu consultar, i que tindr\u00e0 com a marc referencial el Pla d\u2019actuaci\u00f3 aprovat pel PROCICAT entre d&#8217;altres, i que comptar\u00e0 amb l&#8217;acompanyament de la inspecci\u00f3 educativa.<\/p>\n<p>Veiem una oportunitat inigualable per tal d&#8217;oferir activitats did\u00e0ctiques en entorns singulars, encara m\u00e9s personalitzades. D&#8217;aquesta manera, <strong><span style=\"color: #ff6600;\">ens<\/span><\/strong> <strong><span style=\"color: #ff6600;\">comprometrem a vetllar<\/span><\/strong> <span style=\"color: #ff6600;\"><strong>per a oferir-vos el millor acompanyament i assessorament<\/strong><\/span> possible a l&#8217;hora del disseny compartit de les <strong>seq\u00fc\u00e8ncies<\/strong> <strong>did\u00e0ctiques<\/strong> amb vosaltres, i ajustades a les necessitats que presentin els vostres <strong>grups estables<\/strong>.<\/p>\n<p>Tenim al davant un<strong><span style=\"color: #ff6600;\"> esfor\u00e7 conjunt i imaginatiu, entre docents, alumnat i el nostre servei educatiu<\/span><\/strong>, <strong>ple d&#8217;oportunitats d&#8217;aprenentatge per a tots\/es, i entre tots\/es plegats\/des<\/strong>. Caldr\u00e0 atendre la complexitat que pugui presentar cadascuna de les sortides\/estades de manera encara m\u00e9s individualitzada, per tal de preveure la millor resposta possible en cada cas.<\/p>\n<p>Finalment, <span style=\"color: #ff6600;\"><span style=\"color: #000000;\">mantindrem ara m\u00e9s que mai, l&#8217;<\/span><strong>exclusivitat d&#8217;\u00fas de l&#8217;alberg per a cada torn d&#8217;estada<\/strong><\/span>, i aix\u00ed poder <strong>gaudir de les condicions de seguretat<\/strong>, que puguin evitar el contacte entre grups estables de diferents centres educatius simult\u00e0niament.<\/p>\n<p><img loading=\"lazy\" decoding=\"async\" class=\"aligncenter size-full wp-image-8998\" src=\"https:\/\/serveiseducatius.xtec.cat\/cda-flix\/wp-content\/uploads\/usu1373\/2020\/03\/43500011.png\" alt=\"\" width=\"220\" height=\"72\" \/><\/p>\n","protected":false},"excerpt":{"rendered":"<p>L&#8217;equip educatiu del CdA de Flix us fem saber que ja est\u00e0 obert el per\u00edode d&#8217;inscripci\u00f3 de la xarxa de Camps i Entorns d&#8217;Aprenentatge del Departament d&#8217;Educaci\u00f3, del 13 de juliol al 14 de setembre. http:\/\/xtec.gencat.cat\/ca\/serveis\/sesc\/cda\/inscripcio\/ Dir-vos que som molt conscients de l&#8217;excepcionalitat del moment que estem vivint i viurem aquest curs. Al llarg del [&hellip;]<\/p>\n","protected":false},"author":1,"featured_media":9158,"comment_status":"closed","ping_status":"closed","sticky":false,"template":"","format":"standard","meta":{"_bbp_topic_count":0,"_bbp_reply_count":0,"_bbp_total_topic_count":0,"_bbp_total_reply_count":0,"_bbp_voice_count":0,"_bbp_anonymous_reply_count":0,"_bbp_topic_count_hidden":0,"_bbp_reply_count_hidden":0,"_bbp_forum_subforum_count":0,"site-sidebar-layout":"default","site-content-layout":"","ast-site-content-layout":"","site-content-style":"default","site-sidebar-style":"default","ast-global-header-display":"","ast-banner-title-visibility":"","ast-main-header-display":"","ast-hfb-above-header-display":"","ast-hfb-below-header-display":"","ast-hfb-mobile-header-display":"","site-post-title":"","ast-breadcrumbs-content":"","ast-featured-img":"","footer-sml-layout":"","theme-transparent-header-meta":"","adv-header-id-meta":"","stick-header-meta":"","header-above-stick-meta":"","header-main-stick-meta":"","header-below-stick-meta":"","astra-migrate-meta-layouts":"default","ast-page-background-enabled":"default","ast-page-background-meta":{"desktop":{"background-color":"var(--ast-global-color-4)","background-image":"","background-repeat":"repeat","background-position":"center center","background-size":"auto","background-attachment":"scroll","background-type":"","background-media":"","overlay-type":"","overlay-color":"","overlay-opacity":"","overlay-gradient":""},"tablet":{"background-color":"","background-image":"","background-repeat":"repeat","background-position":"center center","background-size":"auto","background-attachment":"scroll","background-type":"","background-media":"","overlay-type":"","overlay-color":"","overlay-opacity":"","overlay-gradient":""},"mobile":{"background-color":"","background-image":"","background-repeat":"repeat","background-position":"center center","background-size":"auto","background-attachment":"scroll","background-type":"","background-media":"","overlay-type":"","overlay-color":"","overlay-opacity":"","overlay-gradient":""}},"ast-content-background-meta":{"desktop":{"background-color":"var(--ast-global-color-5)","background-image":"","background-repeat":"repeat","background-position":"center center","background-size":"auto","background-attachment":"scroll","background-type":"","background-media":"","overlay-type":"","overlay-color":"","overlay-opacity":"","overlay-gradient":""},"tablet":{"background-color":"var(--ast-global-color-5)","background-image":"","background-repeat":"repeat","background-position":"center center","background-size":"auto","background-attachment":"scroll","background-type":"","background-media":"","overlay-type":"","overlay-color":"","overlay-opacity":"","overlay-gradient":""},"mobile":{"background-color":"var(--ast-global-color-5)","background-image":"","background-repeat":"repeat","background-position":"center center","background-size":"auto","background-attachment":"scroll","background-type":"","background-media":"","overlay-type":"","overlay-color":"","overlay-opacity":"","overlay-gradient":""}},"footnotes":""},"categories":[1,29],"tags":[311,310],"class_list":["post-9154","post","type-post","status-publish","format-standard","has-post-thumbnail","hentry","category-general","category-portada","tag-general","tag-portada"],"post_mailing_queue_ids":[],"_links":{"self":[{"href":"https:\/\/serveiseducatius.xtec.cat\/cda-flix\/wp-json\/wp\/v2\/posts\/9154","targetHints":{"allow":["GET"]}}],"collection":[{"href":"https:\/\/serveiseducatius.xtec.cat\/cda-flix\/wp-json\/wp\/v2\/posts"}],"about":[{"href":"https:\/\/serveiseducatius.xtec.cat\/cda-flix\/wp-json\/wp\/v2\/types\/post"}],"author":[{"embeddable":true,"href":"https:\/\/serveiseducatius.xtec.cat\/cda-flix\/wp-json\/wp\/v2\/users\/1"}],"replies":[{"embeddable":true,"href":"https:\/\/serveiseducatius.xtec.cat\/cda-flix\/wp-json\/wp\/v2\/comments?post=9154"}],"version-history":[{"count":3,"href":"https:\/\/serveiseducatius.xtec.cat\/cda-flix\/wp-json\/wp\/v2\/posts\/9154\/revisions"}],"predecessor-version":[{"id":9191,"href":"https:\/\/serveiseducatius.xtec.cat\/cda-flix\/wp-json\/wp\/v2\/posts\/9154\/revisions\/9191"}],"wp:featuredmedia":[{"embeddable":true,"href":"https:\/\/serveiseducatius.xtec.cat\/cda-flix\/wp-json\/wp\/v2\/media\/9158"}],"wp:attachment":[{"href":"https:\/\/serveiseducatius.xtec.cat\/cda-flix\/wp-json\/wp\/v2\/media?parent=9154"}],"wp:term":[{"taxonomy":"category","embeddable":true,"href":"https:\/\/serveiseducatius.xtec.cat\/cda-flix\/wp-json\/wp\/v2\/categories?post=9154"},{"taxonomy":"post_tag","embeddable":true,"href":"https:\/\/serveiseducatius.xtec.cat\/cda-flix\/wp-json\/wp\/v2\/tags?post=9154"}],"curies":[{"name":"wp","href":"https:\/\/api.w.org\/{rel}","templated":true}]}}