{"id":12166,"date":"2026-07-02T12:49:21","date_gmt":"2026-07-02T10:49:21","guid":{"rendered":"https:\/\/serveiseducatius.xtec.cat\/cda-flix\/?p=12166"},"modified":"2026-07-02T12:56:27","modified_gmt":"2026-07-02T10:56:27","slug":"participem-a-la-jornada-fem-i-compartim-25-26","status":"publish","type":"post","link":"https:\/\/serveiseducatius.xtec.cat\/cda-flix\/general\/participem-a-la-jornada-fem-i-compartim-25-26\/","title":{"rendered":"Participem a la Jornada FEM I COMPARTIM 25-26"},"content":{"rendered":"\n<figure class=\"wp-block-image aligncenter size-large is-resized\"><a href=\"https:\/\/serveiseducatius.xtec.cat\/cda-flix\/wp-content\/uploads\/usu1373\/2026\/07\/WhatsApp-Image-2026-07-02-at-12.20.37.jpeg\"><img loading=\"lazy\" decoding=\"async\" width=\"1024\" height=\"768\" src=\"https:\/\/serveiseducatius.xtec.cat\/cda-flix\/wp-content\/uploads\/usu1373\/2026\/07\/WhatsApp-Image-2026-07-02-at-12.20.37-1024x768.jpeg\" alt=\"\" class=\"wp-image-12167\" style=\"width:589px;height:auto\" srcset=\"https:\/\/serveiseducatius.xtec.cat\/cda-flix\/wp-content\/uploads\/usu1373\/2026\/07\/WhatsApp-Image-2026-07-02-at-12.20.37-1024x768.jpeg 1024w, https:\/\/serveiseducatius.xtec.cat\/cda-flix\/wp-content\/uploads\/usu1373\/2026\/07\/WhatsApp-Image-2026-07-02-at-12.20.37-300x225.jpeg 300w, https:\/\/serveiseducatius.xtec.cat\/cda-flix\/wp-content\/uploads\/usu1373\/2026\/07\/WhatsApp-Image-2026-07-02-at-12.20.37-768x576.jpeg 768w, https:\/\/serveiseducatius.xtec.cat\/cda-flix\/wp-content\/uploads\/usu1373\/2026\/07\/WhatsApp-Image-2026-07-02-at-12.20.37-1536x1152.jpeg 1536w, https:\/\/serveiseducatius.xtec.cat\/cda-flix\/wp-content\/uploads\/usu1373\/2026\/07\/WhatsApp-Image-2026-07-02-at-12.20.37.jpeg 2048w\" sizes=\"auto, (max-width: 1024px) 100vw, 1024px\" \/><\/a><\/figure>\n\n\n\n<p>Aquest passat dilluns, el Cda de Flix, vam participar a la jornada docent <strong>FEM I COMPARTIM<\/strong>, enguany a Flix. Aquesta ha estat organitzada conjuntament per l&#8217;Ajuntament de Flix, el CRP de la Ribera d&#8217;ebre i, els centres educatius del municipi que formem part del Consell Escolar Municipal 360, aquest s\u00f3n la llar d&#8217;infants Pam i toc, l&#8217;Escola de Flix, l&#8217;IES Flix, l&#8217;Escola Municipal de M\u00fasica, el CEE Jeroni de Moragas i nosaltres.<\/p>\n\n\n\n<div class=\"wp-block-columns is-layout-flex wp-container-core-columns-is-layout-1 wp-block-columns-is-layout-flex\">\n<div class=\"wp-block-column is-layout-flow wp-block-column-is-layout-flow\" style=\"flex-basis:33.33%\">\n<figure class=\"wp-block-image size-large\"><a href=\"https:\/\/serveiseducatius.xtec.cat\/cda-flix\/wp-content\/uploads\/usu1373\/2026\/07\/WhatsApp-Image-2026-07-02-at-12.29.53.jpeg\"><img loading=\"lazy\" decoding=\"async\" width=\"768\" height=\"1024\" src=\"https:\/\/serveiseducatius.xtec.cat\/cda-flix\/wp-content\/uploads\/usu1373\/2026\/07\/WhatsApp-Image-2026-07-02-at-12.29.53-768x1024.jpeg\" alt=\"\" class=\"wp-image-12168\" srcset=\"https:\/\/serveiseducatius.xtec.cat\/cda-flix\/wp-content\/uploads\/usu1373\/2026\/07\/WhatsApp-Image-2026-07-02-at-12.29.53-768x1024.jpeg 768w, https:\/\/serveiseducatius.xtec.cat\/cda-flix\/wp-content\/uploads\/usu1373\/2026\/07\/WhatsApp-Image-2026-07-02-at-12.29.53-225x300.jpeg 225w, https:\/\/serveiseducatius.xtec.cat\/cda-flix\/wp-content\/uploads\/usu1373\/2026\/07\/WhatsApp-Image-2026-07-02-at-12.29.53-1152x1536.jpeg 1152w, https:\/\/serveiseducatius.xtec.cat\/cda-flix\/wp-content\/uploads\/usu1373\/2026\/07\/WhatsApp-Image-2026-07-02-at-12.29.53.jpeg 1500w\" sizes=\"auto, (max-width: 768px) 100vw, 768px\" \/><\/a><\/figure>\n<\/div>\n\n\n\n<div class=\"wp-block-column is-layout-flow wp-block-column-is-layout-flow\" style=\"flex-basis:66.66%\">\n<p>Com a Cda, vam rebre la proposta de compartir el nostre projecte <strong><mark style=\"background-color:rgba(0, 0, 0, 0)\" class=\"has-inline-color has-ast-global-color-1-color\">NATURESCOLA: natura, societat i escola<\/mark><\/strong>, <strong>conjuntament amb el CEE Jeroni de Moragas i l&#8217;Escola de Flix<\/strong>.  Vam tenir la possibilitat d&#8217;oferir la visi\u00f3 compartida entre els centres que el conformem, tot destacant-ne l&#8217;alt grau de satisfacci\u00f3 que hi t\u00e9 l&#8217;alumnat participant, alumnat el qual gaudeix d&#8217;experi\u00e8ncies educatives codissenyades, que presenten i plantegen escenaris inclusius reals, on la interacci\u00f3 i descoberta entre ells i elles, en sigui l&#8217;eix vertebrador. Volem fer un agra\u00efment als propietaris d&#8217;<strong>OliFlix<\/strong>, per tal d&#8217;haver-nos obert l&#8217;espai de l&#8217;antic Mol\u00ed, i aix\u00ed hi haguem pogut dur a terme la nostra exposici\u00f3 i destacar-ne el valor que hi t\u00e9 el propi espai dins l&#8217;activitat did\u00e0ctica. <\/p>\n<\/div>\n<\/div>\n\n\n\n<p>Per acabar, el centres educatius locals vam dur a terme una taula rodona destacant el per qu\u00e8 de Flix com a poble educador. <mark style=\"background-color:rgba(0, 0, 0, 0)\" class=\"has-inline-color has-ast-global-color-0-color\"><strong>Gr\u00e0cies a tothom que hi va participar i que la va fer possible, va ser molt gratificant i productiva<\/strong><\/mark>!<\/p>\n","protected":false},"excerpt":{"rendered":"<p>Aquest passat dilluns, el Cda de Flix, vam participar a la jornada docent FEM I COMPARTIM, enguany a Flix. Aquesta ha estat organitzada conjuntament per l&#8217;Ajuntament de Flix, el CRP de la Ribera d&#8217;ebre i, els centres educatius del municipi que formem part del Consell Escolar Municipal 360, aquest s\u00f3n la llar d&#8217;infants Pam i [&hellip;]<\/p>\n","protected":false},"author":1,"featured_media":12169,"comment_status":"open","ping_status":"open","sticky":false,"template":"","format":"standard","meta":{"_bbp_topic_count":0,"_bbp_reply_count":0,"_bbp_total_topic_count":0,"_bbp_total_reply_count":0,"_bbp_voice_count":0,"_bbp_anonymous_reply_count":0,"_bbp_topic_count_hidden":0,"_bbp_reply_count_hidden":0,"_bbp_forum_subforum_count":0,"site-sidebar-layout":"default","site-content-layout":"","ast-site-content-layout":"default","site-content-style":"default","site-sidebar-style":"default","ast-global-header-display":"","ast-banner-title-visibility":"","ast-main-header-display":"","ast-hfb-above-header-display":"","ast-hfb-below-header-display":"","ast-hfb-mobile-header-display":"","site-post-title":"","ast-breadcrumbs-content":"","ast-featured-img":"","footer-sml-layout":"","theme-transparent-header-meta":"","adv-header-id-meta":"","stick-header-meta":"","header-above-stick-meta":"","header-main-stick-meta":"","header-below-stick-meta":"","astra-migrate-meta-layouts":"set","ast-page-background-enabled":"default","ast-page-background-meta":{"desktop":{"background-color":"var(--ast-global-color-4)","background-image":"","background-repeat":"repeat","background-position":"center center","background-size":"auto","background-attachment":"scroll","background-type":"","background-media":"","overlay-type":"","overlay-color":"","overlay-opacity":"","overlay-gradient":""},"tablet":{"background-color":"","background-image":"","background-repeat":"repeat","background-position":"center center","background-size":"auto","background-attachment":"scroll","background-type":"","background-media":"","overlay-type":"","overlay-color":"","overlay-opacity":"","overlay-gradient":""},"mobile":{"background-color":"","background-image":"","background-repeat":"repeat","background-position":"center center","background-size":"auto","background-attachment":"scroll","background-type":"","background-media":"","overlay-type":"","overlay-color":"","overlay-opacity":"","overlay-gradient":""}},"ast-content-background-meta":{"desktop":{"background-color":"var(--ast-global-color-5)","background-image":"","background-repeat":"repeat","background-position":"center center","background-size":"auto","background-attachment":"scroll","background-type":"","background-media":"","overlay-type":"","overlay-color":"","overlay-opacity":"","overlay-gradient":""},"tablet":{"background-color":"var(--ast-global-color-5)","background-image":"","background-repeat":"repeat","background-position":"center center","background-size":"auto","background-attachment":"scroll","background-type":"","background-media":"","overlay-type":"","overlay-color":"","overlay-opacity":"","overlay-gradient":""},"mobile":{"background-color":"var(--ast-global-color-5)","background-image":"","background-repeat":"repeat","background-position":"center center","background-size":"auto","background-attachment":"scroll","background-type":"","background-media":"","overlay-type":"","overlay-color":"","overlay-opacity":"","overlay-gradient":""}},"footnotes":""},"categories":[336,1,333,29],"tags":[335,311,314,310],"class_list":["post-12166","post","type-post","status-publish","format-standard","has-post-thumbnail","hentry","category-aprendreambelscampsientorns","category-general","category-jornades","category-portada","tag-aprendreambelscampsientorns","tag-general","tag-jornades","tag-portada"],"post_mailing_queue_ids":[],"_links":{"self":[{"href":"https:\/\/serveiseducatius.xtec.cat\/cda-flix\/wp-json\/wp\/v2\/posts\/12166","targetHints":{"allow":["GET"]}}],"collection":[{"href":"https:\/\/serveiseducatius.xtec.cat\/cda-flix\/wp-json\/wp\/v2\/posts"}],"about":[{"href":"https:\/\/serveiseducatius.xtec.cat\/cda-flix\/wp-json\/wp\/v2\/types\/post"}],"author":[{"embeddable":true,"href":"https:\/\/serveiseducatius.xtec.cat\/cda-flix\/wp-json\/wp\/v2\/users\/1"}],"replies":[{"embeddable":true,"href":"https:\/\/serveiseducatius.xtec.cat\/cda-flix\/wp-json\/wp\/v2\/comments?post=12166"}],"version-history":[{"count":2,"href":"https:\/\/serveiseducatius.xtec.cat\/cda-flix\/wp-json\/wp\/v2\/posts\/12166\/revisions"}],"predecessor-version":[{"id":12171,"href":"https:\/\/serveiseducatius.xtec.cat\/cda-flix\/wp-json\/wp\/v2\/posts\/12166\/revisions\/12171"}],"wp:featuredmedia":[{"embeddable":true,"href":"https:\/\/serveiseducatius.xtec.cat\/cda-flix\/wp-json\/wp\/v2\/media\/12169"}],"wp:attachment":[{"href":"https:\/\/serveiseducatius.xtec.cat\/cda-flix\/wp-json\/wp\/v2\/media?parent=12166"}],"wp:term":[{"taxonomy":"category","embeddable":true,"href":"https:\/\/serveiseducatius.xtec.cat\/cda-flix\/wp-json\/wp\/v2\/categories?post=12166"},{"taxonomy":"post_tag","embeddable":true,"href":"https:\/\/serveiseducatius.xtec.cat\/cda-flix\/wp-json\/wp\/v2\/tags?post=12166"}],"curies":[{"name":"wp","href":"https:\/\/api.w.org\/{rel}","templated":true}]}}