{"id":12124,"date":"2026-04-21T11:44:41","date_gmt":"2026-04-21T09:44:41","guid":{"rendered":"https:\/\/serveiseducatius.xtec.cat\/cda-flix\/?p=12124"},"modified":"2026-04-21T11:47:34","modified_gmt":"2026-04-21T09:47:34","slug":"nou-relleu-a-la-presidencia-del-gnf","status":"publish","type":"post","link":"https:\/\/serveiseducatius.xtec.cat\/cda-flix\/general\/nou-relleu-a-la-presidencia-del-gnf\/","title":{"rendered":"Nou relleu a la presid\u00e8ncia del GNF"},"content":{"rendered":"\n<p>Com sabeu, la vinculaci\u00f3 del <mark style=\"background-color:rgba(0, 0, 0, 0);color:#01763e\" class=\"has-inline-color\"><strong><a href=\"https:\/\/www.freixe.cat\/\" target=\"_blank\" rel=\"noreferrer noopener\">Grup de Natura Freixe<\/a><\/strong><\/mark> al nostre projecte educatiu, va estretament de la m\u00e0 i una not\u00edcia d&#8217;aquesta magnitud, requereix un espai per a l&#8217;agra\u00efment per la gran feina feta. Fa uns dies, va tenir lloc l&#8217;Assemblea General Ordin\u00e0ria del Grup de Natura Freixe, on hi va destacar la renovaci\u00f3 de la Junta Directiva, en qu\u00e8 <strong><mark style=\"background-color:rgba(0, 0, 0, 0)\" class=\"has-inline-color has-ast-global-color-1-color\">\u00d2scar Bosch<\/mark><\/strong> va deixar la presid\u00e8ncia despr\u00e9s de sis anys al capdavant de l&#8217;entitat.<\/p>\n\n\n\n<div class=\"wp-block-columns is-layout-flex wp-container-core-columns-is-layout-1 wp-block-columns-is-layout-flex\">\n<div class=\"wp-block-column is-layout-flow wp-block-column-is-layout-flow\" style=\"flex-basis:66.66%\">\n<figure class=\"wp-block-image size-large is-resized\"><a href=\"https:\/\/serveiseducatius.xtec.cat\/cda-flix\/wp-content\/uploads\/usu1373\/2026\/04\/WhatsApp-Image-2026-04-17-at-07.19.13.jpeg\"><img loading=\"lazy\" decoding=\"async\" width=\"1024\" height=\"768\" src=\"https:\/\/serveiseducatius.xtec.cat\/cda-flix\/wp-content\/uploads\/usu1373\/2026\/04\/WhatsApp-Image-2026-04-17-at-07.19.13-1024x768.jpeg\" alt=\"\" class=\"wp-image-12125\" style=\"width:507px;height:auto\" srcset=\"https:\/\/serveiseducatius.xtec.cat\/cda-flix\/wp-content\/uploads\/usu1373\/2026\/04\/WhatsApp-Image-2026-04-17-at-07.19.13-1024x768.jpeg 1024w, https:\/\/serveiseducatius.xtec.cat\/cda-flix\/wp-content\/uploads\/usu1373\/2026\/04\/WhatsApp-Image-2026-04-17-at-07.19.13-300x225.jpeg 300w, https:\/\/serveiseducatius.xtec.cat\/cda-flix\/wp-content\/uploads\/usu1373\/2026\/04\/WhatsApp-Image-2026-04-17-at-07.19.13-768x576.jpeg 768w, https:\/\/serveiseducatius.xtec.cat\/cda-flix\/wp-content\/uploads\/usu1373\/2026\/04\/WhatsApp-Image-2026-04-17-at-07.19.13.jpeg 1191w\" sizes=\"auto, (max-width: 1024px) 100vw, 1024px\" \/><\/a><figcaption class=\"wp-element-caption\"><em>Moment de la formalitzaci\u00f3 del relleu a la presid\u00e8ncia del GNF.<\/em><\/figcaption><\/figure>\n<\/div>\n\n\n\n<div class=\"wp-block-column is-layout-flow wp-block-column-is-layout-flow\" style=\"flex-basis:33.33%\">\n<p>Sis anys, estretament lligats a la fundaci\u00f3 i creixement del <strong><mark style=\"background-color:rgba(0, 0, 0, 0);color:#029f95\" class=\"has-inline-color\">Camp d&#8217;aprenentatge de Flix<\/mark><\/strong>, com a servei educatiu del Departament d&#8217;Educaci\u00f3, i figura clau de l&#8217;educaci\u00f3 ambiental de l&#8217;entitat. Tanmateix, per l&#8217;aposta personal i decidida, per la consolidaci\u00f3 de la figura de l&#8217;educadora ambiental i de voluntariat, en el s\u00ed de l&#8217;equip educatiu del Cda, la qual, el complementa amb la seva expertesa i saber fer. <strong>\u00d3scar, gr\u00e0cies per donar-nos ple suport.<\/strong><\/p>\n<\/div>\n<\/div>\n\n\n\n<p>La presid\u00e8ncia passa ara a <strong><mark style=\"background-color:rgba(0, 0, 0, 0)\" class=\"has-inline-color has-ast-global-color-1-color\">\u00d2scar Gonz\u00e1lez<\/mark><\/strong>, vinculat a l\u2019entitat des de fa anys. Forma part de la junta des del 2008 i ha estat implicat en el voluntariat des dels inicis, fet que garanteix un relleu amb profund coneixement del projecte i de la seva traject\u00f2ria.<\/p>\n\n\n\n<div class=\"wp-block-columns is-layout-flex wp-container-core-columns-is-layout-2 wp-block-columns-is-layout-flex\">\n<div class=\"wp-block-column is-layout-flow wp-block-column-is-layout-flow\" style=\"flex-basis:33.33%\">\n<p>L\u2019assemblea tamb\u00e9 va servir per recon\u00e8ixer la tasca de <strong><mark style=\"background-color:rgba(0, 0, 0, 0)\" class=\"has-inline-color has-ast-global-color-1-color\">Jordi Rofes<\/mark><\/strong>, soci fundador, que deixa la Junta Directiva despr\u00e9s de 37 anys d\u2019implicaci\u00f3 ininterrompuda. Des del Cda de Flix, ens volem sumar a l&#8217;agra\u00efment realitzat per la junta i  l\u2019equip t\u00e8cnic, per una traject\u00f2ria marcada pel comprom\u00eds i per una contribuci\u00f3 essencial al desenvolupament de l\u2019entitat.<\/p>\n<\/div>\n\n\n\n<div class=\"wp-block-column is-layout-flow wp-block-column-is-layout-flow\" style=\"flex-basis:66.66%\">\n<figure class=\"wp-block-image size-large is-resized\"><a href=\"https:\/\/serveiseducatius.xtec.cat\/cda-flix\/wp-content\/uploads\/usu1373\/2026\/04\/WhatsApp-Image-2026-04-17-at-07.17.26.jpeg\"><img loading=\"lazy\" decoding=\"async\" width=\"1024\" height=\"768\" src=\"https:\/\/serveiseducatius.xtec.cat\/cda-flix\/wp-content\/uploads\/usu1373\/2026\/04\/WhatsApp-Image-2026-04-17-at-07.17.26-1024x768.jpeg\" alt=\"\" class=\"wp-image-12126\" style=\"width:403px;height:auto\" srcset=\"https:\/\/serveiseducatius.xtec.cat\/cda-flix\/wp-content\/uploads\/usu1373\/2026\/04\/WhatsApp-Image-2026-04-17-at-07.17.26-1024x768.jpeg 1024w, https:\/\/serveiseducatius.xtec.cat\/cda-flix\/wp-content\/uploads\/usu1373\/2026\/04\/WhatsApp-Image-2026-04-17-at-07.17.26-300x225.jpeg 300w, https:\/\/serveiseducatius.xtec.cat\/cda-flix\/wp-content\/uploads\/usu1373\/2026\/04\/WhatsApp-Image-2026-04-17-at-07.17.26-768x576.jpeg 768w, https:\/\/serveiseducatius.xtec.cat\/cda-flix\/wp-content\/uploads\/usu1373\/2026\/04\/WhatsApp-Image-2026-04-17-at-07.17.26.jpeg 1536w\" sizes=\"auto, (max-width: 1024px) 100vw, 1024px\" \/><\/a><\/figure>\n<\/div>\n<\/div>\n\n\n\n<p>Amb aquesta renovaci\u00f3, el Grup de Natura Freixe enceta una nova etapa que combina continu\u00eftat i renovaci\u00f3, amb l\u2019objectiu de consolidar la seva tasca en la conservaci\u00f3 del medi natural i refor\u00e7ar el seu paper com a entitat de refer\u00e8ncia al territori. Des del Cda de Flix continuarem treballant colze a colze amb el GNF, per tal de continuar endavant amb la mateixa determinaci\u00f3 i fermesa, apropant l&#8217;educaci\u00f3 ambiental a l&#8217;alumnat i professorat de Catalunya qui participa de les nostres activitats did\u00e0ctiques, seguint el mestratge rebut. <strong><mark style=\"background-color:rgba(0, 0, 0, 0)\" class=\"has-inline-color has-ast-global-color-1-color\">Gr\u00e0cies, i ens continuem retrobant a la natura!<\/mark><\/strong><\/p>\n","protected":false},"excerpt":{"rendered":"<p>Com sabeu, la vinculaci\u00f3 del Grup de Natura Freixe al nostre projecte educatiu, va estretament de la m\u00e0 i una not\u00edcia d&#8217;aquesta magnitud, requereix un espai per a l&#8217;agra\u00efment per la gran feina feta. Fa uns dies, va tenir lloc l&#8217;Assemblea General Ordin\u00e0ria del Grup de Natura Freixe, on hi va destacar la renovaci\u00f3 de [&hellip;]<\/p>\n","protected":false},"author":1,"featured_media":12125,"comment_status":"open","ping_status":"open","sticky":false,"template":"","format":"standard","meta":{"_bbp_topic_count":0,"_bbp_reply_count":0,"_bbp_total_topic_count":0,"_bbp_total_reply_count":0,"_bbp_voice_count":0,"_bbp_anonymous_reply_count":0,"_bbp_topic_count_hidden":0,"_bbp_reply_count_hidden":0,"_bbp_forum_subforum_count":0,"site-sidebar-layout":"default","site-content-layout":"","ast-site-content-layout":"default","site-content-style":"default","site-sidebar-style":"default","ast-global-header-display":"","ast-banner-title-visibility":"","ast-main-header-display":"","ast-hfb-above-header-display":"","ast-hfb-below-header-display":"","ast-hfb-mobile-header-display":"","site-post-title":"","ast-breadcrumbs-content":"","ast-featured-img":"","footer-sml-layout":"","theme-transparent-header-meta":"","adv-header-id-meta":"","stick-header-meta":"","header-above-stick-meta":"","header-main-stick-meta":"","header-below-stick-meta":"","astra-migrate-meta-layouts":"set","ast-page-background-enabled":"default","ast-page-background-meta":{"desktop":{"background-color":"var(--ast-global-color-4)","background-image":"","background-repeat":"repeat","background-position":"center center","background-size":"auto","background-attachment":"scroll","background-type":"","background-media":"","overlay-type":"","overlay-color":"","overlay-opacity":"","overlay-gradient":""},"tablet":{"background-color":"","background-image":"","background-repeat":"repeat","background-position":"center center","background-size":"auto","background-attachment":"scroll","background-type":"","background-media":"","overlay-type":"","overlay-color":"","overlay-opacity":"","overlay-gradient":""},"mobile":{"background-color":"","background-image":"","background-repeat":"repeat","background-position":"center center","background-size":"auto","background-attachment":"scroll","background-type":"","background-media":"","overlay-type":"","overlay-color":"","overlay-opacity":"","overlay-gradient":""}},"ast-content-background-meta":{"desktop":{"background-color":"var(--ast-global-color-5)","background-image":"","background-repeat":"repeat","background-position":"center center","background-size":"auto","background-attachment":"scroll","background-type":"","background-media":"","overlay-type":"","overlay-color":"","overlay-opacity":"","overlay-gradient":""},"tablet":{"background-color":"var(--ast-global-color-5)","background-image":"","background-repeat":"repeat","background-position":"center center","background-size":"auto","background-attachment":"scroll","background-type":"","background-media":"","overlay-type":"","overlay-color":"","overlay-opacity":"","overlay-gradient":""},"mobile":{"background-color":"var(--ast-global-color-5)","background-image":"","background-repeat":"repeat","background-position":"center center","background-size":"auto","background-attachment":"scroll","background-type":"","background-media":"","overlay-type":"","overlay-color":"","overlay-opacity":"","overlay-gradient":""}},"footnotes":""},"categories":[1,338,29],"tags":[311,310],"class_list":["post-12124","post","type-post","status-publish","format-standard","has-post-thumbnail","hentry","category-general","category-noticies","category-portada","tag-general","tag-portada"],"post_mailing_queue_ids":[],"_links":{"self":[{"href":"https:\/\/serveiseducatius.xtec.cat\/cda-flix\/wp-json\/wp\/v2\/posts\/12124","targetHints":{"allow":["GET"]}}],"collection":[{"href":"https:\/\/serveiseducatius.xtec.cat\/cda-flix\/wp-json\/wp\/v2\/posts"}],"about":[{"href":"https:\/\/serveiseducatius.xtec.cat\/cda-flix\/wp-json\/wp\/v2\/types\/post"}],"author":[{"embeddable":true,"href":"https:\/\/serveiseducatius.xtec.cat\/cda-flix\/wp-json\/wp\/v2\/users\/1"}],"replies":[{"embeddable":true,"href":"https:\/\/serveiseducatius.xtec.cat\/cda-flix\/wp-json\/wp\/v2\/comments?post=12124"}],"version-history":[{"count":2,"href":"https:\/\/serveiseducatius.xtec.cat\/cda-flix\/wp-json\/wp\/v2\/posts\/12124\/revisions"}],"predecessor-version":[{"id":12128,"href":"https:\/\/serveiseducatius.xtec.cat\/cda-flix\/wp-json\/wp\/v2\/posts\/12124\/revisions\/12128"}],"wp:featuredmedia":[{"embeddable":true,"href":"https:\/\/serveiseducatius.xtec.cat\/cda-flix\/wp-json\/wp\/v2\/media\/12125"}],"wp:attachment":[{"href":"https:\/\/serveiseducatius.xtec.cat\/cda-flix\/wp-json\/wp\/v2\/media?parent=12124"}],"wp:term":[{"taxonomy":"category","embeddable":true,"href":"https:\/\/serveiseducatius.xtec.cat\/cda-flix\/wp-json\/wp\/v2\/categories?post=12124"},{"taxonomy":"post_tag","embeddable":true,"href":"https:\/\/serveiseducatius.xtec.cat\/cda-flix\/wp-json\/wp\/v2\/tags?post=12124"}],"curies":[{"name":"wp","href":"https:\/\/api.w.org\/{rel}","templated":true}]}}