{"id":11407,"date":"2024-06-13T10:53:36","date_gmt":"2024-06-13T08:53:36","guid":{"rendered":"https:\/\/serveiseducatius.xtec.cat\/cda-flix\/?p=11407"},"modified":"2024-06-13T12:45:58","modified_gmt":"2024-06-13T10:45:58","slug":"los-fardatxets-aprenentatge-servei-aprenentatge-amb-sentit-100","status":"publish","type":"post","link":"https:\/\/serveiseducatius.xtec.cat\/cda-flix\/general\/los-fardatxets-aprenentatge-servei-aprenentatge-amb-sentit-100\/","title":{"rendered":"Los fardatxets: aprenentatge servei &#8211; aprenentatge amb sentit 100%"},"content":{"rendered":"<p><img loading=\"lazy\" decoding=\"async\" class=\"aligncenter wp-image-11408 size-large\" src=\"https:\/\/serveiseducatius.xtec.cat\/cda-flix\/wp-content\/uploads\/usu1373\/2024\/06\/WhatsApp-Image-2024-06-12-at-12.28.56-e1718268742414-1024x553.jpeg\" alt=\"\" width=\"1024\" height=\"553\" srcset=\"https:\/\/serveiseducatius.xtec.cat\/cda-flix\/wp-content\/uploads\/usu1373\/2024\/06\/WhatsApp-Image-2024-06-12-at-12.28.56-e1718268742414-1024x553.jpeg 1024w, https:\/\/serveiseducatius.xtec.cat\/cda-flix\/wp-content\/uploads\/usu1373\/2024\/06\/WhatsApp-Image-2024-06-12-at-12.28.56-e1718268742414-300x162.jpeg 300w, https:\/\/serveiseducatius.xtec.cat\/cda-flix\/wp-content\/uploads\/usu1373\/2024\/06\/WhatsApp-Image-2024-06-12-at-12.28.56-e1718268742414-768x414.jpeg 768w, https:\/\/serveiseducatius.xtec.cat\/cda-flix\/wp-content\/uploads\/usu1373\/2024\/06\/WhatsApp-Image-2024-06-12-at-12.28.56-e1718268742414-1536x829.jpeg 1536w, https:\/\/serveiseducatius.xtec.cat\/cda-flix\/wp-content\/uploads\/usu1373\/2024\/06\/WhatsApp-Image-2024-06-12-at-12.28.56-e1718268742414.jpeg 2048w\" sizes=\"auto, (max-width: 1024px) 100vw, 1024px\" \/><\/p>\n<p style=\"text-align: justify;\">Ahir va tenir lloc a la <span style=\"color: #008000;\"><strong>Reserva Natural de Sebes<\/strong> <\/span>de Flix un dels dies m\u00e9s esperats des de feia temps: la jornada de voluntariat ambiental <span style=\"color: #ff0000;\"><strong>Los fardatxets<\/strong><\/span>, organitzada conjuntament entre els companys\/es del <span style=\"color: #808000;\"><strong>Grup de Natura Freixe<\/strong><\/span> i l&#8217;equip educatiu del <strong><span style=\"color: #008080;\">Cda de Flix<\/span><\/strong>, amb la participaci\u00f3 de <strong><span style=\"color: #ff6600;\">m\u00e9s d&#8217;un centenar<\/span><\/strong>\u00a0 <strong><span style=\"color: #ff6600;\">d&#8217;alumnes de 6\u00e8 dels cinc centres participants als Projectes compartits comarcals amb nosaltres<\/span><\/strong> i tamb\u00e9 amb la col\u00b7laboraci\u00f3 de l&#8217;alumnat de la <span style=\"color: #c9a100;\"><strong>Unitat d&#8217;Escolaritzaci\u00f3 Compartida (UEC) El Taller<\/strong><\/span>.<\/p>\n<p style=\"text-align: justify;\">La jornada pretenia ser el punt culminant als tres projectes compartits que han realitzat l&#8217;alumnat al llarg de l&#8217;etapa de prim\u00e0ria amb el Cda, i bastir una nova generaci\u00f3 de voluntaris\/\u00e0ries ambientals (<span style=\"color: #339966;\"><strong>Los fardatxets<\/strong><\/span>) de present i futur, que gr\u00e0cies al poder de l&#8217;aprenentatge servei poguessin transferir a la realitat en forma d&#8217;acci\u00f3 directa all\u00f2 que han apr\u00e8s, amb les seves pr\u00f2pies mans, i en un escenari incomparable: espais naturals protegits diversos de la RNS de Flix. Tot sota la supervisi\u00f3 i expertesa t\u00e8cnica de l&#8217;equip t\u00e8cnic del Grup de Natura Freixe.<\/p>\n<p style=\"text-align: justify;\">Tot plegat <strong>mitjan\u00e7ant accions de restauraci\u00f3 d&#8217;ecosistemes a trav\u00e9s de la reconstrucci\u00f3 d&#8217;espones de pedra seca i la replantaci\u00f3 d&#8217;esp\u00e8cies de flora aut\u00f2ctona, aix\u00ed com afavorir la biodiversitat a trav\u00e9s de la construcci\u00f3 d&#8217;hotels d&#8217;insectes, caixes niu i menjadores d&#8217;ocells<\/strong>. Una jornada que tothom hem valorat molt positivament i que esperem repetir i compartir el curs vinent amb alguns dels centres participants i d&#8217;altres de convidats nous. <span style=\"color: #008080;\"><strong>Visca el voluntariat ambiental!<\/strong><\/span><\/p>\n<div class=\"ast-oembed-container \" style=\"height: 100%;\"><iframe loading=\"lazy\" title=\"M\u00e9s de 100 escolars de la Ribera d\u2019Ebre fan accions de voluntariat ambiental a la Reserva de Sebes\" width=\"500\" height=\"281\" src=\"https:\/\/www.youtube.com\/embed\/rK07SH93v9c?feature=oembed\" frameborder=\"0\" allow=\"accelerometer; autoplay; clipboard-write; encrypted-media; gyroscope; picture-in-picture; web-share\" referrerpolicy=\"strict-origin-when-cross-origin\" allowfullscreen><\/iframe><\/div>\n<p>&nbsp;<\/p>\n<p style=\"text-align: center;\">\n","protected":false},"excerpt":{"rendered":"<p>Ahir va tenir lloc a la Reserva Natural de Sebes de Flix un dels dies m\u00e9s esperats des de feia temps: la jornada de voluntariat ambiental Los fardatxets, organitzada conjuntament entre els companys\/es del Grup de Natura Freixe i l&#8217;equip educatiu del Cda de Flix, amb la participaci\u00f3 de m\u00e9s d&#8217;un centenar\u00a0 d&#8217;alumnes de 6\u00e8 [&hellip;]<\/p>\n","protected":false},"author":1,"featured_media":11409,"comment_status":"closed","ping_status":"closed","sticky":false,"template":"","format":"standard","meta":{"_bbp_topic_count":0,"_bbp_reply_count":0,"_bbp_total_topic_count":0,"_bbp_total_reply_count":0,"_bbp_voice_count":0,"_bbp_anonymous_reply_count":0,"_bbp_topic_count_hidden":0,"_bbp_reply_count_hidden":0,"_bbp_forum_subforum_count":0,"site-sidebar-layout":"default","site-content-layout":"","ast-site-content-layout":"","site-content-style":"default","site-sidebar-style":"default","ast-global-header-display":"","ast-banner-title-visibility":"","ast-main-header-display":"","ast-hfb-above-header-display":"","ast-hfb-below-header-display":"","ast-hfb-mobile-header-display":"","site-post-title":"","ast-breadcrumbs-content":"","ast-featured-img":"","footer-sml-layout":"","theme-transparent-header-meta":"","adv-header-id-meta":"","stick-header-meta":"","header-above-stick-meta":"","header-main-stick-meta":"","header-below-stick-meta":"","astra-migrate-meta-layouts":"default","ast-page-background-enabled":"default","ast-page-background-meta":{"desktop":{"background-color":"var(--ast-global-color-4)","background-image":"","background-repeat":"repeat","background-position":"center center","background-size":"auto","background-attachment":"scroll","background-type":"","background-media":"","overlay-type":"","overlay-color":"","overlay-opacity":"","overlay-gradient":""},"tablet":{"background-color":"","background-image":"","background-repeat":"repeat","background-position":"center center","background-size":"auto","background-attachment":"scroll","background-type":"","background-media":"","overlay-type":"","overlay-color":"","overlay-opacity":"","overlay-gradient":""},"mobile":{"background-color":"","background-image":"","background-repeat":"repeat","background-position":"center center","background-size":"auto","background-attachment":"scroll","background-type":"","background-media":"","overlay-type":"","overlay-color":"","overlay-opacity":"","overlay-gradient":""}},"ast-content-background-meta":{"desktop":{"background-color":"var(--ast-global-color-5)","background-image":"","background-repeat":"repeat","background-position":"center center","background-size":"auto","background-attachment":"scroll","background-type":"","background-media":"","overlay-type":"","overlay-color":"","overlay-opacity":"","overlay-gradient":""},"tablet":{"background-color":"var(--ast-global-color-5)","background-image":"","background-repeat":"repeat","background-position":"center center","background-size":"auto","background-attachment":"scroll","background-type":"","background-media":"","overlay-type":"","overlay-color":"","overlay-opacity":"","overlay-gradient":""},"mobile":{"background-color":"var(--ast-global-color-5)","background-image":"","background-repeat":"repeat","background-position":"center center","background-size":"auto","background-attachment":"scroll","background-type":"","background-media":"","overlay-type":"","overlay-color":"","overlay-opacity":"","overlay-gradient":""}},"footnotes":""},"categories":[336,1,333,29,324],"tags":[311,345,310],"class_list":["post-11407","post","type-post","status-publish","format-standard","has-post-thumbnail","hentry","category-aprendreambelscampsientorns","category-general","category-jornades","category-portada","category-projecte-compartit","tag-general","tag-jornada","tag-portada"],"post_mailing_queue_ids":[],"_links":{"self":[{"href":"https:\/\/serveiseducatius.xtec.cat\/cda-flix\/wp-json\/wp\/v2\/posts\/11407","targetHints":{"allow":["GET"]}}],"collection":[{"href":"https:\/\/serveiseducatius.xtec.cat\/cda-flix\/wp-json\/wp\/v2\/posts"}],"about":[{"href":"https:\/\/serveiseducatius.xtec.cat\/cda-flix\/wp-json\/wp\/v2\/types\/post"}],"author":[{"embeddable":true,"href":"https:\/\/serveiseducatius.xtec.cat\/cda-flix\/wp-json\/wp\/v2\/users\/1"}],"replies":[{"embeddable":true,"href":"https:\/\/serveiseducatius.xtec.cat\/cda-flix\/wp-json\/wp\/v2\/comments?post=11407"}],"version-history":[{"count":5,"href":"https:\/\/serveiseducatius.xtec.cat\/cda-flix\/wp-json\/wp\/v2\/posts\/11407\/revisions"}],"predecessor-version":[{"id":11414,"href":"https:\/\/serveiseducatius.xtec.cat\/cda-flix\/wp-json\/wp\/v2\/posts\/11407\/revisions\/11414"}],"wp:featuredmedia":[{"embeddable":true,"href":"https:\/\/serveiseducatius.xtec.cat\/cda-flix\/wp-json\/wp\/v2\/media\/11409"}],"wp:attachment":[{"href":"https:\/\/serveiseducatius.xtec.cat\/cda-flix\/wp-json\/wp\/v2\/media?parent=11407"}],"wp:term":[{"taxonomy":"category","embeddable":true,"href":"https:\/\/serveiseducatius.xtec.cat\/cda-flix\/wp-json\/wp\/v2\/categories?post=11407"},{"taxonomy":"post_tag","embeddable":true,"href":"https:\/\/serveiseducatius.xtec.cat\/cda-flix\/wp-json\/wp\/v2\/tags?post=11407"}],"curies":[{"name":"wp","href":"https:\/\/api.w.org\/{rel}","templated":true}]}}