{"id":10903,"date":"2023-03-13T12:53:50","date_gmt":"2023-03-13T11:53:50","guid":{"rendered":"https:\/\/serveiseducatius.xtec.cat\/cda-flix\/?p=10903"},"modified":"2023-03-13T12:58:26","modified_gmt":"2023-03-13T11:58:26","slug":"presentacio-activitat-virtual-daprenentatge-lo-riu-ens-mou","status":"publish","type":"post","link":"https:\/\/serveiseducatius.xtec.cat\/cda-flix\/general\/presentacio-activitat-virtual-daprenentatge-lo-riu-ens-mou\/","title":{"rendered":"Presentaci\u00f3 Activitat virtual d&#8217;aprenentatge &#8220;Lo riu ens mou&#8221;"},"content":{"rendered":"<p><img loading=\"lazy\" decoding=\"async\" class=\"aligncenter wp-image-10904\" src=\"https:\/\/serveiseducatius.xtec.cat\/cda-flix\/wp-content\/uploads\/usu1373\/2023\/03\/1.jpeg\" alt=\"\" width=\"1024\" height=\"768\" srcset=\"https:\/\/serveiseducatius.xtec.cat\/cda-flix\/wp-content\/uploads\/usu1373\/2023\/03\/1.jpeg 1024w, https:\/\/serveiseducatius.xtec.cat\/cda-flix\/wp-content\/uploads\/usu1373\/2023\/03\/1-300x225.jpeg 300w, https:\/\/serveiseducatius.xtec.cat\/cda-flix\/wp-content\/uploads\/usu1373\/2023\/03\/1-768x576.jpeg 768w, https:\/\/serveiseducatius.xtec.cat\/cda-flix\/wp-content\/uploads\/usu1373\/2023\/03\/1-200x150.jpeg 200w\" sizes=\"auto, (max-width: 1024px) 100vw, 1024px\" \/><\/p>\n<p style=\"text-align: justify;\">Aquest divendres 10 de mar\u00e7, va tenir lloc la presentaci\u00f3 de l&#8217;<strong><span style=\"color: #339966;\">activitat virtual d&#8217;aprenentatge<\/span><\/strong> &#8220;<strong><span style=\"color: #0000ff;\">Lo riu ens mou<\/span><\/strong>&#8220;, elaborada conjuntament entre l&#8217;equip educatiu del <span style=\"color: #339966;\"><strong>Cda de Flix<\/strong><\/span> i els companys del <strong><span style=\"color: #808000;\">Cda del Delta de l&#8217;Ebre. <\/span><\/strong><span style=\"color: #000000;\">L&#8217;acte va comptar<\/span> amb la participaci\u00f3 de la directora dels Serveis Territorials d\u2019Educaci\u00f3, <strong>Montserrat Perell\u00f3 Margalef<\/strong> i el representant territorial de l\u2019Esport, <strong>Joan Barber\u00e0 Carceller<\/strong>, a la poblaci\u00f3 de Tortosa.<\/p>\n<p style=\"text-align: justify;\"><span style=\"color: #800080;\"><strong>43 centres participen a l&#8217;edici\u00f3 d&#8217;enguany<\/strong><\/span> del projecte &#8220;Lo riu ens mou&#8221;, que busca donar a con\u00e8ixer la navegaci\u00f3 pel riu, l\u2019esport del rem, la hist\u00f2ria i la cultura de l\u2019entorn ebrenc a l\u2019alumnat de 6\u00e8 de prim\u00e0ria proper a tot el tram catal\u00e0 del riu Ebre. El projecte s\u2019inicia aquest curs amb l\u2019alumnat de sis\u00e8 de prim\u00e0ria dels centres de la Ribera d\u2019Ebre i Baix Ebre nord, amb una activitat al riu amb lla\u00fcts i l&#8217;activitat virtual d&#8217;aprenentatge oberta a tothom, que es pot trobar clicant a sobre de la seg\u00fcent imatge. <span style=\"color: #339966;\"><strong><em>Esperem que la gaudiu!\u00a0<\/em><\/strong><\/span><\/p>\n<p><a href=\"https:\/\/view.genial.ly\/63ca7652d50e8a0019aab0e1\/interactive-content-lo-riu-ens-mou\" target=\"_blank\" rel=\"noopener\"><img loading=\"lazy\" decoding=\"async\" class=\"aligncenter wp-image-10905 \" src=\"https:\/\/serveiseducatius.xtec.cat\/cda-flix\/wp-content\/uploads\/usu1373\/2023\/03\/ENLLAC-GENIALLY.png\" alt=\"\" width=\"373\" height=\"369\" srcset=\"https:\/\/serveiseducatius.xtec.cat\/cda-flix\/wp-content\/uploads\/usu1373\/2023\/03\/ENLLAC-GENIALLY.png 627w, https:\/\/serveiseducatius.xtec.cat\/cda-flix\/wp-content\/uploads\/usu1373\/2023\/03\/ENLLAC-GENIALLY-300x297.png 300w\" sizes=\"auto, (max-width: 373px) 100vw, 373px\" \/><\/a><\/p>\n","protected":false},"excerpt":{"rendered":"<p>Aquest divendres 10 de mar\u00e7, va tenir lloc la presentaci\u00f3 de l&#8217;activitat virtual d&#8217;aprenentatge &#8220;Lo riu ens mou&#8220;, elaborada conjuntament entre l&#8217;equip educatiu del Cda de Flix i els companys del Cda del Delta de l&#8217;Ebre. L&#8217;acte va comptar amb la participaci\u00f3 de la directora dels Serveis Territorials d\u2019Educaci\u00f3, Montserrat Perell\u00f3 Margalef i el representant [&hellip;]<\/p>\n","protected":false},"author":1,"featured_media":10904,"comment_status":"closed","ping_status":"closed","sticky":false,"template":"","format":"standard","meta":{"_bbp_topic_count":0,"_bbp_reply_count":0,"_bbp_total_topic_count":0,"_bbp_total_reply_count":0,"_bbp_voice_count":0,"_bbp_anonymous_reply_count":0,"_bbp_topic_count_hidden":0,"_bbp_reply_count_hidden":0,"_bbp_forum_subforum_count":0,"site-sidebar-layout":"default","site-content-layout":"","ast-site-content-layout":"","site-content-style":"default","site-sidebar-style":"default","ast-global-header-display":"","ast-banner-title-visibility":"","ast-main-header-display":"","ast-hfb-above-header-display":"","ast-hfb-below-header-display":"","ast-hfb-mobile-header-display":"","site-post-title":"","ast-breadcrumbs-content":"","ast-featured-img":"","footer-sml-layout":"","theme-transparent-header-meta":"","adv-header-id-meta":"","stick-header-meta":"","header-above-stick-meta":"","header-main-stick-meta":"","header-below-stick-meta":"","astra-migrate-meta-layouts":"default","ast-page-background-enabled":"default","ast-page-background-meta":{"desktop":{"background-color":"var(--ast-global-color-4)","background-image":"","background-repeat":"repeat","background-position":"center center","background-size":"auto","background-attachment":"scroll","background-type":"","background-media":"","overlay-type":"","overlay-color":"","overlay-opacity":"","overlay-gradient":""},"tablet":{"background-color":"","background-image":"","background-repeat":"repeat","background-position":"center center","background-size":"auto","background-attachment":"scroll","background-type":"","background-media":"","overlay-type":"","overlay-color":"","overlay-opacity":"","overlay-gradient":""},"mobile":{"background-color":"","background-image":"","background-repeat":"repeat","background-position":"center center","background-size":"auto","background-attachment":"scroll","background-type":"","background-media":"","overlay-type":"","overlay-color":"","overlay-opacity":"","overlay-gradient":""}},"ast-content-background-meta":{"desktop":{"background-color":"var(--ast-global-color-5)","background-image":"","background-repeat":"repeat","background-position":"center center","background-size":"auto","background-attachment":"scroll","background-type":"","background-media":"","overlay-type":"","overlay-color":"","overlay-opacity":"","overlay-gradient":""},"tablet":{"background-color":"var(--ast-global-color-5)","background-image":"","background-repeat":"repeat","background-position":"center center","background-size":"auto","background-attachment":"scroll","background-type":"","background-media":"","overlay-type":"","overlay-color":"","overlay-opacity":"","overlay-gradient":""},"mobile":{"background-color":"var(--ast-global-color-5)","background-image":"","background-repeat":"repeat","background-position":"center center","background-size":"auto","background-attachment":"scroll","background-type":"","background-media":"","overlay-type":"","overlay-color":"","overlay-opacity":"","overlay-gradient":""}},"footnotes":""},"categories":[336,1,29],"tags":[335,322,311,310],"class_list":["post-10903","post","type-post","status-publish","format-standard","has-post-thumbnail","hentry","category-aprendreambelscampsientorns","category-general","category-portada","tag-aprendreambelscampsientorns","tag-activitats","tag-general","tag-portada"],"post_mailing_queue_ids":[],"_links":{"self":[{"href":"https:\/\/serveiseducatius.xtec.cat\/cda-flix\/wp-json\/wp\/v2\/posts\/10903","targetHints":{"allow":["GET"]}}],"collection":[{"href":"https:\/\/serveiseducatius.xtec.cat\/cda-flix\/wp-json\/wp\/v2\/posts"}],"about":[{"href":"https:\/\/serveiseducatius.xtec.cat\/cda-flix\/wp-json\/wp\/v2\/types\/post"}],"author":[{"embeddable":true,"href":"https:\/\/serveiseducatius.xtec.cat\/cda-flix\/wp-json\/wp\/v2\/users\/1"}],"replies":[{"embeddable":true,"href":"https:\/\/serveiseducatius.xtec.cat\/cda-flix\/wp-json\/wp\/v2\/comments?post=10903"}],"version-history":[{"count":3,"href":"https:\/\/serveiseducatius.xtec.cat\/cda-flix\/wp-json\/wp\/v2\/posts\/10903\/revisions"}],"predecessor-version":[{"id":10909,"href":"https:\/\/serveiseducatius.xtec.cat\/cda-flix\/wp-json\/wp\/v2\/posts\/10903\/revisions\/10909"}],"wp:featuredmedia":[{"embeddable":true,"href":"https:\/\/serveiseducatius.xtec.cat\/cda-flix\/wp-json\/wp\/v2\/media\/10904"}],"wp:attachment":[{"href":"https:\/\/serveiseducatius.xtec.cat\/cda-flix\/wp-json\/wp\/v2\/media?parent=10903"}],"wp:term":[{"taxonomy":"category","embeddable":true,"href":"https:\/\/serveiseducatius.xtec.cat\/cda-flix\/wp-json\/wp\/v2\/categories?post=10903"},{"taxonomy":"post_tag","embeddable":true,"href":"https:\/\/serveiseducatius.xtec.cat\/cda-flix\/wp-json\/wp\/v2\/tags?post=10903"}],"curies":[{"name":"wp","href":"https:\/\/api.w.org\/{rel}","templated":true}]}}