{"id":11683,"date":"2022-04-22T14:36:05","date_gmt":"2022-04-22T12:36:05","guid":{"rendered":"https:\/\/serveiseducatius.xtec.cat\/cda-empuries\/?p=11683"},"modified":"2024-11-25T08:40:12","modified_gmt":"2024-11-25T07:40:12","slug":"sobre-el-periode-dinscripcions-per-a-les-activitats-del-cda-empuries-curs-2022-2023","status":"publish","type":"post","link":"https:\/\/serveiseducatius.xtec.cat\/cda-empuries\/general\/sobre-el-periode-dinscripcions-per-a-les-activitats-del-cda-empuries-curs-2022-2023\/","title":{"rendered":"S&#8217;obre el per\u00edode d&#8217;inscripcions per a les activitats del CdA Emp\u00faries (curs 2022-2023)"},"content":{"rendered":"<p>Benvolguts companys, Benvolgudes companyes<\/p>\n<p>Ens plau anunciar-vos l&#8217;obertura, el proper dia<strong> 2 de maig<\/strong>, del per\u00edode d&#8217;inscripci\u00f3 per a estades i sortides al CdA Emp\u00faries (i a la resta de Camps i Entorns d&#8217;Aprenentatge de Catalunya) per al proper curs 2022-2023.<\/p>\n<p>La inscripci\u00f3 es fa, com cada any, a trav\u00e9s de l&#8217;aplicatiu CAMPS, al qual podeu accedir en aquest enlla\u00e7:<\/p>\n<p><a href=\"http:\/\/xtec.gencat.cat\/ca\/serveis\/sesc\/cda\/inscripcio\/\">http:\/\/xtec.gencat.cat\/ca\/serveis\/sesc\/cda\/inscripcio\/<\/a><\/p>\n<p>Com sempre, la inscripci\u00f3 l&#8217;ha de fer un membre de l&#8217;equip directiu (en el cas dels centres p\u00fablics) i el director (en el cas dels centres concertats), per b\u00e9 que, si no sou membres de l&#8217;equip directiu del vostre centre, algun membre d&#8217;aquest equip us pot tramitar una llic\u00e8ncia perqu\u00e8 pugueu fer vosaltres mateixos\/mateixes la inscripci\u00f3 (com s&#8217;indica al mateix aplicatiu CAMPS).<\/p>\n<p>Us informem, aix\u00ed mateix, que la inscripci\u00f3 romandr\u00e0 oberta fins al <strong>dimarts 31 de maig<\/strong>, i que la selecci\u00f3 final dels centres que atendrem es far\u00e0 segons un barem que \u00e9s p\u00fablic i que podeu descarregar-vos de l&#8217;aplicatiu CAMPS anteriorment citat. En cap cas, el fet d&#8217;haver presentat la inscripci\u00f3 abans que un altre centre no dona cap mena de prefer\u00e8ncia a l&#8217;hora que us sigui assignada una estada o una sortida. A mitjan juny us comunicarem a quins centres us ha estat concedida una estada o sortida per tal que la pugueu acceptar a partir del mateix aplicatiu (requisit imprescindible per a la realitzaci\u00f3 de l&#8217;estada o la sortida).<\/p>\n<p>Les activitats que oferim s\u00f3n molt variades. Si voleu una informaci\u00f3 m\u00e9s acurada vegeu-les a &#8220;T<a href=\"https:\/\/serveiseducatius.xtec.cat\/cda-empuries\/totes-les-activitats-per-nivells\" target=\"_blank\" rel=\"noopener noreferrer\">otes les activitats per nivells&#8221;:<\/a><\/p>\n<p><a href=\"https:\/\/serveiseducatius.xtec.cat\/cda-empuries\/wp-content\/uploads\/usu1383\/2021\/05\/oferta-CM.jpg\"><img loading=\"lazy\" decoding=\"async\" class=\"alignnone wp-image-11361\" src=\"https:\/\/serveiseducatius.xtec.cat\/cda-empuries\/wp-content\/uploads\/usu1383\/2021\/05\/oferta-CM.jpg\" alt=\"\" width=\"421\" height=\"181\" srcset=\"https:\/\/serveiseducatius.xtec.cat\/cda-empuries\/wp-content\/uploads\/usu1383\/2021\/05\/oferta-CM.jpg 444w, https:\/\/serveiseducatius.xtec.cat\/cda-empuries\/wp-content\/uploads\/usu1383\/2021\/05\/oferta-CM-300x129.jpg 300w\" sizes=\"auto, (max-width: 421px) 100vw, 421px\" \/> <\/a><a href=\"https:\/\/serveiseducatius.xtec.cat\/cda-empuries\/wp-content\/uploads\/usu1383\/2021\/05\/oferta-CS.jpg\"><img loading=\"lazy\" decoding=\"async\" class=\"alignnone wp-image-11364\" src=\"https:\/\/serveiseducatius.xtec.cat\/cda-empuries\/wp-content\/uploads\/usu1383\/2021\/05\/oferta-CS.jpg\" alt=\"\" width=\"392\" height=\"192\" srcset=\"https:\/\/serveiseducatius.xtec.cat\/cda-empuries\/wp-content\/uploads\/usu1383\/2021\/05\/oferta-CS.jpg 449w, https:\/\/serveiseducatius.xtec.cat\/cda-empuries\/wp-content\/uploads\/usu1383\/2021\/05\/oferta-CS-300x147.jpg 300w\" sizes=\"auto, (max-width: 392px) 100vw, 392px\" \/><\/a> <a href=\"https:\/\/serveiseducatius.xtec.cat\/cda-empuries\/wp-content\/uploads\/usu1383\/2021\/05\/oferta-ESO.jpg\"><img loading=\"lazy\" decoding=\"async\" class=\"alignnone wp-image-11363\" src=\"https:\/\/serveiseducatius.xtec.cat\/cda-empuries\/wp-content\/uploads\/usu1383\/2021\/05\/oferta-ESO.jpg\" alt=\"\" width=\"415\" height=\"196\" srcset=\"https:\/\/serveiseducatius.xtec.cat\/cda-empuries\/wp-content\/uploads\/usu1383\/2021\/05\/oferta-ESO.jpg 436w, https:\/\/serveiseducatius.xtec.cat\/cda-empuries\/wp-content\/uploads\/usu1383\/2021\/05\/oferta-ESO-300x142.jpg 300w\" sizes=\"auto, (max-width: 415px) 100vw, 415px\" \/><\/a> <a href=\"https:\/\/serveiseducatius.xtec.cat\/cda-empuries\/wp-content\/uploads\/usu1383\/2021\/05\/batxillerat.jpg\"><img loading=\"lazy\" decoding=\"async\" class=\"alignnone wp-image-11362\" src=\"https:\/\/serveiseducatius.xtec.cat\/cda-empuries\/wp-content\/uploads\/usu1383\/2021\/05\/batxillerat.jpg\" alt=\"\" width=\"420\" height=\"159\" srcset=\"https:\/\/serveiseducatius.xtec.cat\/cda-empuries\/wp-content\/uploads\/usu1383\/2021\/05\/batxillerat.jpg 446w, https:\/\/serveiseducatius.xtec.cat\/cda-empuries\/wp-content\/uploads\/usu1383\/2021\/05\/batxillerat-300x113.jpg 300w\" sizes=\"auto, (max-width: 420px) 100vw, 420px\" \/><\/a><\/p>\n<p>Finalment i independentment dels grups estables, us recordem que el nombre m\u00e0xim d&#8217;alumnes que podem atendre \u00e9s de\u00a0<strong>45\u00a0<\/strong>(a ra\u00f3 de 15 alumnes per professional).<\/p>\n<p>Si teniu algun dubte, ens podeu escriure a l&#8217;adre\u00e7a electr\u00f2nica del CdA: b7990605@xtec.cat.<\/p>\n<p>&nbsp;<\/p>\n<p>Amb el desig de poder-vos atendre a Emp\u00faries, us enviem una salutaci\u00f3 molt cordial i els nostres millors desitjos en aquest inici d&#8217;estiu.<\/p>\n<p>Rosa, Xon i Eusebi<\/p>\n<p>&nbsp;<\/p>\n<p><a href=\"https:\/\/serveiseducatius.xtec.cat\/cda-empuries\/wp-content\/uploads\/usu1383\/2020\/11\/flamenc.jpg\"><img loading=\"lazy\" decoding=\"async\" class=\"wp-image-10777 aligncenter\" src=\"https:\/\/serveiseducatius.xtec.cat\/cda-empuries\/wp-content\/uploads\/usu1383\/2020\/11\/flamenc.jpg\" alt=\"\" width=\"421\" height=\"433\" srcset=\"https:\/\/serveiseducatius.xtec.cat\/cda-empuries\/wp-content\/uploads\/usu1383\/2020\/11\/flamenc.jpg 329w, https:\/\/serveiseducatius.xtec.cat\/cda-empuries\/wp-content\/uploads\/usu1383\/2020\/11\/flamenc-292x300.jpg 292w\" sizes=\"auto, (max-width: 421px) 100vw, 421px\" \/><\/a><\/p>\n","protected":false},"excerpt":{"rendered":"<p>Benvolguts companys, Benvolgudes companyes Ens plau anunciar-vos l&#8217;obertura, el proper dia 2 de maig, del per\u00edode d&#8217;inscripci\u00f3 per a estades i sortides al CdA Emp\u00faries (i a la resta de Camps i Entorns d&#8217;Aprenentatge de Catalunya) per al proper curs 2022-2023. La inscripci\u00f3 es fa, com cada any, a trav\u00e9s de l&#8217;aplicatiu CAMPS, al qual [&hellip;]<\/p>\n","protected":false},"author":1,"featured_media":0,"comment_status":"open","ping_status":"closed","sticky":false,"template":"","format":"standard","meta":{"_bbp_topic_count":0,"_bbp_reply_count":0,"_bbp_total_topic_count":0,"_bbp_total_reply_count":0,"_bbp_voice_count":0,"_bbp_anonymous_reply_count":0,"_bbp_topic_count_hidden":0,"_bbp_reply_count_hidden":0,"_bbp_forum_subforum_count":0,"site-sidebar-layout":"default","site-content-layout":"","ast-site-content-layout":"","site-content-style":"default","site-sidebar-style":"default","ast-global-header-display":"","ast-banner-title-visibility":"","ast-main-header-display":"","ast-hfb-above-header-display":"","ast-hfb-below-header-display":"","ast-hfb-mobile-header-display":"","site-post-title":"","ast-breadcrumbs-content":"","ast-featured-img":"","footer-sml-layout":"","theme-transparent-header-meta":"","adv-header-id-meta":"","stick-header-meta":"","header-above-stick-meta":"","header-main-stick-meta":"","header-below-stick-meta":"","astra-migrate-meta-layouts":"default","ast-page-background-enabled":"default","ast-page-background-meta":{"desktop":{"background-color":"var(--ast-global-color-4)","background-image":"","background-repeat":"repeat","background-position":"center center","background-size":"auto","background-attachment":"scroll","background-type":"","background-media":"","overlay-type":"","overlay-color":"","overlay-opacity":"","overlay-gradient":""},"tablet":{"background-color":"","background-image":"","background-repeat":"repeat","background-position":"center center","background-size":"auto","background-attachment":"scroll","background-type":"","background-media":"","overlay-type":"","overlay-color":"","overlay-opacity":"","overlay-gradient":""},"mobile":{"background-color":"","background-image":"","background-repeat":"repeat","background-position":"center center","background-size":"auto","background-attachment":"scroll","background-type":"","background-media":"","overlay-type":"","overlay-color":"","overlay-opacity":"","overlay-gradient":""}},"ast-content-background-meta":{"desktop":{"background-color":"var(--ast-global-color-5)","background-image":"","background-repeat":"repeat","background-position":"center center","background-size":"auto","background-attachment":"scroll","background-type":"","background-media":"","overlay-type":"","overlay-color":"","overlay-opacity":"","overlay-gradient":""},"tablet":{"background-color":"var(--ast-global-color-5)","background-image":"","background-repeat":"repeat","background-position":"center center","background-size":"auto","background-attachment":"scroll","background-type":"","background-media":"","overlay-type":"","overlay-color":"","overlay-opacity":"","overlay-gradient":""},"mobile":{"background-color":"var(--ast-global-color-5)","background-image":"","background-repeat":"repeat","background-position":"center center","background-size":"auto","background-attachment":"scroll","background-type":"","background-media":"","overlay-type":"","overlay-color":"","overlay-opacity":"","overlay-gradient":""}},"footnotes":""},"categories":[1],"tags":[],"class_list":["post-11683","post","type-post","status-publish","format-standard","hentry","category-general"],"post_mailing_queue_ids":[],"_links":{"self":[{"href":"https:\/\/serveiseducatius.xtec.cat\/cda-empuries\/wp-json\/wp\/v2\/posts\/11683","targetHints":{"allow":["GET"]}}],"collection":[{"href":"https:\/\/serveiseducatius.xtec.cat\/cda-empuries\/wp-json\/wp\/v2\/posts"}],"about":[{"href":"https:\/\/serveiseducatius.xtec.cat\/cda-empuries\/wp-json\/wp\/v2\/types\/post"}],"author":[{"embeddable":true,"href":"https:\/\/serveiseducatius.xtec.cat\/cda-empuries\/wp-json\/wp\/v2\/users\/1"}],"replies":[{"embeddable":true,"href":"https:\/\/serveiseducatius.xtec.cat\/cda-empuries\/wp-json\/wp\/v2\/comments?post=11683"}],"version-history":[{"count":3,"href":"https:\/\/serveiseducatius.xtec.cat\/cda-empuries\/wp-json\/wp\/v2\/posts\/11683\/revisions"}],"predecessor-version":[{"id":11688,"href":"https:\/\/serveiseducatius.xtec.cat\/cda-empuries\/wp-json\/wp\/v2\/posts\/11683\/revisions\/11688"}],"wp:attachment":[{"href":"https:\/\/serveiseducatius.xtec.cat\/cda-empuries\/wp-json\/wp\/v2\/media?parent=11683"}],"wp:term":[{"taxonomy":"category","embeddable":true,"href":"https:\/\/serveiseducatius.xtec.cat\/cda-empuries\/wp-json\/wp\/v2\/categories?post=11683"},{"taxonomy":"post_tag","embeddable":true,"href":"https:\/\/serveiseducatius.xtec.cat\/cda-empuries\/wp-json\/wp\/v2\/tags?post=11683"}],"curies":[{"name":"wp","href":"https:\/\/api.w.org\/{rel}","templated":true}]}}