{"id":10858,"date":"2020-12-12T12:05:08","date_gmt":"2020-12-12T11:05:08","guid":{"rendered":"http:\/\/serveiseducatius.xtec.cat\/cda-empuries\/?p=10858"},"modified":"2020-12-18T10:54:22","modified_gmt":"2020-12-18T09:54:22","slug":"els-alumnes-del-batxillerat-cientific-de-linstitut-vallvera-estudien-les-platges-dempuries","status":"publish","type":"post","link":"https:\/\/serveiseducatius.xtec.cat\/cda-empuries\/general\/els-alumnes-del-batxillerat-cientific-de-linstitut-vallvera-estudien-les-platges-dempuries\/","title":{"rendered":"Els alumnes del Batxillerat cient\u00edfic de l&#8217;institut  Vallvera estudien les platges d&#8217;Emp\u00faries"},"content":{"rendered":"<p>Els alumnes de l&#8217;institut Vallvera, com tots els estudiants d&#8217;arreu de Catalunya, es varen veure confinats i sense poder assistir a classe, des del 13 de mar\u00e7 del 2020 fins al final de curs. Escoles i instituts van comen\u00e7ar el curs 20-21 sota l&#8217;amena\u00e7a de la pand\u00e8mia de CoVid i els confinaments i a\u00efllaments es van anar repetint, de manera que el nostre alumnat\u00a0 es quedava tancat a casa i reprenia <span style=\"font-family: inherit; font-size: 1em;\">les classes una vegada i una altra.<\/span><\/p>\n<p>Amb aquesta situaci\u00f3 no \u00e9s d&#8217;estranyar que la sortida a Emp\u00faries del dia 3 de desembre, fos esperada amb candeletes i amb gran il\u00b7lusi\u00f3 per als alumnes de batxillerat de l&#8217;institut Vallvera de Salt.<\/p>\n<figure id=\"attachment_10869\" aria-describedby=\"caption-attachment-10869\" style=\"width: 150px\" class=\"wp-caption alignright\"><a href=\"https:\/\/serveiseducatius.xtec.cat\/cda-empuries\/wp-content\/uploads\/usu1383\/2020\/12\/Aiguabarreig.png\"><img loading=\"lazy\" decoding=\"async\" class=\"wp-image-10869 size-thumbnail\" src=\"https:\/\/serveiseducatius.xtec.cat\/cda-empuries\/wp-content\/uploads\/usu1383\/2020\/12\/Aiguabarreig-150x150.png\" alt=\"\" width=\"150\" height=\"150\" \/><\/a><figcaption id=\"caption-attachment-10869\" class=\"wp-caption-text\">BUSCANT L&#8217;AIGUABARREIG<\/figcaption><\/figure>\n<p>Mentre els alumnes\u00a0 d&#8217;humanitats visitaven el jaciment d&#8217;Emp\u00faries, els alumnes del cient\u00edfic recorrien les platges d&#8217;Emp\u00faries.<\/p>\n<p>Val a dir que, malgrat les previsions de molta fred i vent, la temperatura va arribar a 14\u00ba i la forta tramuntana del dia anterior va girar cap a una briseta de\u00a0 migjorn, de manera que els alumnes m\u00e9s valents\u00a0 van acabar amb l&#8217;aigua fins a mitja cama tot buscant l&#8217;aiguabarreig.<\/p>\n<p>A la platja del Rec, just al costat del Rec del Mol\u00ed,\u00a0 v\u00e0rem repassar la hist\u00f2ria de les baralles del rei Jaume II i el comte d&#8217;Emp\u00faries per l&#8217;aigua del riu Ter i com aix\u00f2 va comportar el desviament del bra\u00e7 gran, que antigament desembocava just a aquesta platja, cap a l&#8217;Estartit, on abans hi desembocava el bra\u00e7 petit del ter (Es-Ter-Tit). Aquesta hist\u00f2ria de 8 segles enrere va modificar per sempre la fesomia del paisatge i va provocar que les dunes avancessin terra endins provocant greus problemes a les granges, camps i vies de comunicaci\u00f3.<\/p>\n<p>&#8220;\u00c9S GREU DOCTOR?&#8221;<\/p>\n<p>Aquesta \u00e9s la pregunta que volem contestar. I ho fem aplicant els nostres coneixements cient\u00edfics de diferents camps del saber: f\u00edsica (onades, gravetat), qu\u00edmica (salinitat), biol\u00f2gica (plantes, petxines), geol\u00f2gica (meteoritzaci\u00f3, roques, minerals).<\/p>\n<p>Si en voleu saber m\u00e9s, si realment desitgeu saber si \u00e9s greu, pregunteu-ho als alumnes del batxillerat cient\u00edfic de Salt, que van observar, investigar, anotar i deduir. Vegeu les fotos d&#8217;aquest magn\u00edfic dia d&#8217;investigaci\u00f3 cient\u00edfica a la platja.<\/p>\n<figure id=\"attachment_10859\" aria-describedby=\"caption-attachment-10859\" style=\"width: 230px\" class=\"wp-caption alignleft\"><a href=\"https:\/\/serveiseducatius.xtec.cat\/cda-empuries\/wp-content\/uploads\/usu1383\/2020\/12\/vallvera-ClH.jpg\"><img loading=\"lazy\" decoding=\"async\" class=\"wp-image-10859\" src=\"https:\/\/serveiseducatius.xtec.cat\/cda-empuries\/wp-content\/uploads\/usu1383\/2020\/12\/vallvera-ClH-300x250.jpg\" alt=\"\" width=\"230\" height=\"192\" srcset=\"https:\/\/serveiseducatius.xtec.cat\/cda-empuries\/wp-content\/uploads\/usu1383\/2020\/12\/vallvera-ClH-300x250.jpg 300w, https:\/\/serveiseducatius.xtec.cat\/cda-empuries\/wp-content\/uploads\/usu1383\/2020\/12\/vallvera-ClH.jpg 559w\" sizes=\"auto, (max-width: 230px) 100vw, 230px\" \/><\/a><figcaption id=\"caption-attachment-10859\" class=\"wp-caption-text\">REACCI\u00d3 CARBONATS AMB HCl<\/figcaption><\/figure>\n<figure id=\"attachment_10860\" aria-describedby=\"caption-attachment-10860\" style=\"width: 258px\" class=\"wp-caption alignright\"><a href=\"https:\/\/serveiseducatius.xtec.cat\/cda-empuries\/wp-content\/uploads\/usu1383\/2020\/12\/vallvera-flotaci\u00f3.jpg\"><img loading=\"lazy\" decoding=\"async\" class=\"wp-image-10860 size-medium\" src=\"https:\/\/serveiseducatius.xtec.cat\/cda-empuries\/wp-content\/uploads\/usu1383\/2020\/12\/vallvera-flotaci\u00f3-258x300.jpg\" alt=\"\" width=\"258\" height=\"300\" srcset=\"https:\/\/serveiseducatius.xtec.cat\/cda-empuries\/wp-content\/uploads\/usu1383\/2020\/12\/vallvera-flotaci\u00f3-258x300.jpg 258w, https:\/\/serveiseducatius.xtec.cat\/cda-empuries\/wp-content\/uploads\/usu1383\/2020\/12\/vallvera-flotaci\u00f3.jpg 437w\" sizes=\"auto, (max-width: 258px) 100vw, 258px\" \/><\/a><figcaption id=\"caption-attachment-10860\" class=\"wp-caption-text\">FLOTACI\u00d3<\/figcaption><\/figure>\n<figure id=\"attachment_10861\" aria-describedby=\"caption-attachment-10861\" style=\"width: 300px\" class=\"wp-caption alignnone\"><a href=\"https:\/\/serveiseducatius.xtec.cat\/cda-empuries\/wp-content\/uploads\/usu1383\/2020\/12\/vallvera-grups.jpg\"><img loading=\"lazy\" decoding=\"async\" class=\"wp-image-10861 size-medium\" src=\"https:\/\/serveiseducatius.xtec.cat\/cda-empuries\/wp-content\/uploads\/usu1383\/2020\/12\/vallvera-grups-300x181.jpg\" alt=\"\" width=\"300\" height=\"181\" srcset=\"https:\/\/serveiseducatius.xtec.cat\/cda-empuries\/wp-content\/uploads\/usu1383\/2020\/12\/vallvera-grups-300x181.jpg 300w, https:\/\/serveiseducatius.xtec.cat\/cda-empuries\/wp-content\/uploads\/usu1383\/2020\/12\/vallvera-grups.jpg 688w\" sizes=\"auto, (max-width: 300px) 100vw, 300px\" \/><\/a><figcaption id=\"caption-attachment-10861\" class=\"wp-caption-text\">TREBALL EN GRUP A LA PLATJA<\/figcaption><\/figure>\n<figure id=\"attachment_10863\" aria-describedby=\"caption-attachment-10863\" style=\"width: 300px\" class=\"wp-caption alignright\"><a href=\"https:\/\/serveiseducatius.xtec.cat\/cda-empuries\/wp-content\/uploads\/usu1383\/2020\/12\/vallvera-salinitat.jpg\"><img loading=\"lazy\" decoding=\"async\" class=\"wp-image-10863 size-medium\" src=\"https:\/\/serveiseducatius.xtec.cat\/cda-empuries\/wp-content\/uploads\/usu1383\/2020\/12\/vallvera-salinitat-300x187.jpg\" alt=\"\" width=\"300\" height=\"187\" srcset=\"https:\/\/serveiseducatius.xtec.cat\/cda-empuries\/wp-content\/uploads\/usu1383\/2020\/12\/vallvera-salinitat-300x187.jpg 300w, https:\/\/serveiseducatius.xtec.cat\/cda-empuries\/wp-content\/uploads\/usu1383\/2020\/12\/vallvera-salinitat-768x478.jpg 768w, https:\/\/serveiseducatius.xtec.cat\/cda-empuries\/wp-content\/uploads\/usu1383\/2020\/12\/vallvera-salinitat.jpg 782w\" sizes=\"auto, (max-width: 300px) 100vw, 300px\" \/><\/a><figcaption id=\"caption-attachment-10863\" class=\"wp-caption-text\">REFRACCI\u00d3-SALINITAT<\/figcaption><\/figure>\n<figure id=\"attachment_10864\" aria-describedby=\"caption-attachment-10864\" style=\"width: 234px\" class=\"wp-caption alignnone\"><a href=\"https:\/\/serveiseducatius.xtec.cat\/cda-empuries\/wp-content\/uploads\/usu1383\/2020\/12\/vallvera-temperatura.jpg\"><img loading=\"lazy\" decoding=\"async\" class=\"wp-image-10864 size-medium\" src=\"https:\/\/serveiseducatius.xtec.cat\/cda-empuries\/wp-content\/uploads\/usu1383\/2020\/12\/vallvera-temperatura-234x300.jpg\" alt=\"\" width=\"234\" height=\"300\" srcset=\"https:\/\/serveiseducatius.xtec.cat\/cda-empuries\/wp-content\/uploads\/usu1383\/2020\/12\/vallvera-temperatura-234x300.jpg 234w, https:\/\/serveiseducatius.xtec.cat\/cda-empuries\/wp-content\/uploads\/usu1383\/2020\/12\/vallvera-temperatura.jpg 472w\" sizes=\"auto, (max-width: 234px) 100vw, 234px\" \/><\/a><figcaption id=\"caption-attachment-10864\" class=\"wp-caption-text\">TEMPERATURA DE LES AIG\u00dcES<\/figcaption><\/figure>\n<figure id=\"attachment_10866\" aria-describedby=\"caption-attachment-10866\" style=\"width: 300px\" class=\"wp-caption alignright\"><a href=\"https:\/\/serveiseducatius.xtec.cat\/cda-empuries\/wp-content\/uploads\/usu1383\/2020\/12\/vallvera-comptant-onades.jpg\"><img loading=\"lazy\" decoding=\"async\" class=\"wp-image-10866 size-medium\" src=\"https:\/\/serveiseducatius.xtec.cat\/cda-empuries\/wp-content\/uploads\/usu1383\/2020\/12\/vallvera-comptant-onades-300x139.jpg\" alt=\"\" width=\"300\" height=\"139\" srcset=\"https:\/\/serveiseducatius.xtec.cat\/cda-empuries\/wp-content\/uploads\/usu1383\/2020\/12\/vallvera-comptant-onades-300x139.jpg 300w, https:\/\/serveiseducatius.xtec.cat\/cda-empuries\/wp-content\/uploads\/usu1383\/2020\/12\/vallvera-comptant-onades-768x356.jpg 768w, https:\/\/serveiseducatius.xtec.cat\/cda-empuries\/wp-content\/uploads\/usu1383\/2020\/12\/vallvera-comptant-onades-1024x475.jpg 1024w, https:\/\/serveiseducatius.xtec.cat\/cda-empuries\/wp-content\/uploads\/usu1383\/2020\/12\/vallvera-comptant-onades.jpg 1236w\" sizes=\"auto, (max-width: 300px) 100vw, 300px\" \/><\/a><figcaption id=\"caption-attachment-10866\" class=\"wp-caption-text\">PEDRIGOLET. COMPTANT ONADES<\/figcaption><\/figure>\n<p>&nbsp;<\/p>\n<figure id=\"attachment_10862\" aria-describedby=\"caption-attachment-10862\" style=\"width: 300px\" class=\"wp-caption alignnone\"><a href=\"https:\/\/serveiseducatius.xtec.cat\/cda-empuries\/wp-content\/uploads\/usu1383\/2020\/12\/vallvera-posta-en-com\u00fa.jpg\"><img loading=\"lazy\" decoding=\"async\" class=\"wp-image-10862 size-medium\" src=\"https:\/\/serveiseducatius.xtec.cat\/cda-empuries\/wp-content\/uploads\/usu1383\/2020\/12\/vallvera-posta-en-com\u00fa-300x129.jpg\" alt=\"\" width=\"300\" height=\"129\" srcset=\"https:\/\/serveiseducatius.xtec.cat\/cda-empuries\/wp-content\/uploads\/usu1383\/2020\/12\/vallvera-posta-en-com\u00fa-300x129.jpg 300w, https:\/\/serveiseducatius.xtec.cat\/cda-empuries\/wp-content\/uploads\/usu1383\/2020\/12\/vallvera-posta-en-com\u00fa-768x330.jpg 768w, https:\/\/serveiseducatius.xtec.cat\/cda-empuries\/wp-content\/uploads\/usu1383\/2020\/12\/vallvera-posta-en-com\u00fa.jpg 1007w\" sizes=\"auto, (max-width: 300px) 100vw, 300px\" \/><\/a><figcaption id=\"caption-attachment-10862\" class=\"wp-caption-text\">POSADA EN COM\u00da<\/figcaption><\/figure>\n<p>&nbsp;<\/p>\n<p>&nbsp;<\/p>\n","protected":false},"excerpt":{"rendered":"<p>Els alumnes de l&#8217;institut Vallvera, com tots els estudiants d&#8217;arreu de Catalunya, es varen veure confinats i sense poder assistir a classe, des del 13 de mar\u00e7 del 2020 fins al final de curs. Escoles i instituts van comen\u00e7ar el curs 20-21 sota l&#8217;amena\u00e7a de la pand\u00e8mia de CoVid i els confinaments i a\u00efllaments es [&hellip;]<\/p>\n","protected":false},"author":1,"featured_media":10869,"comment_status":"open","ping_status":"closed","sticky":false,"template":"","format":"standard","meta":{"_bbp_topic_count":0,"_bbp_reply_count":0,"_bbp_total_topic_count":0,"_bbp_total_reply_count":0,"_bbp_voice_count":0,"_bbp_anonymous_reply_count":0,"_bbp_topic_count_hidden":0,"_bbp_reply_count_hidden":0,"_bbp_forum_subforum_count":0,"site-sidebar-layout":"default","site-content-layout":"","ast-site-content-layout":"","site-content-style":"default","site-sidebar-style":"default","ast-global-header-display":"","ast-banner-title-visibility":"","ast-main-header-display":"","ast-hfb-above-header-display":"","ast-hfb-below-header-display":"","ast-hfb-mobile-header-display":"","site-post-title":"","ast-breadcrumbs-content":"","ast-featured-img":"","footer-sml-layout":"","theme-transparent-header-meta":"","adv-header-id-meta":"","stick-header-meta":"","header-above-stick-meta":"","header-main-stick-meta":"","header-below-stick-meta":"","astra-migrate-meta-layouts":"default","ast-page-background-enabled":"default","ast-page-background-meta":{"desktop":{"background-color":"var(--ast-global-color-4)","background-image":"","background-repeat":"repeat","background-position":"center center","background-size":"auto","background-attachment":"scroll","background-type":"","background-media":"","overlay-type":"","overlay-color":"","overlay-opacity":"","overlay-gradient":""},"tablet":{"background-color":"","background-image":"","background-repeat":"repeat","background-position":"center center","background-size":"auto","background-attachment":"scroll","background-type":"","background-media":"","overlay-type":"","overlay-color":"","overlay-opacity":"","overlay-gradient":""},"mobile":{"background-color":"","background-image":"","background-repeat":"repeat","background-position":"center center","background-size":"auto","background-attachment":"scroll","background-type":"","background-media":"","overlay-type":"","overlay-color":"","overlay-opacity":"","overlay-gradient":""}},"ast-content-background-meta":{"desktop":{"background-color":"var(--ast-global-color-5)","background-image":"","background-repeat":"repeat","background-position":"center center","background-size":"auto","background-attachment":"scroll","background-type":"","background-media":"","overlay-type":"","overlay-color":"","overlay-opacity":"","overlay-gradient":""},"tablet":{"background-color":"var(--ast-global-color-5)","background-image":"","background-repeat":"repeat","background-position":"center center","background-size":"auto","background-attachment":"scroll","background-type":"","background-media":"","overlay-type":"","overlay-color":"","overlay-opacity":"","overlay-gradient":""},"mobile":{"background-color":"var(--ast-global-color-5)","background-image":"","background-repeat":"repeat","background-position":"center center","background-size":"auto","background-attachment":"scroll","background-type":"","background-media":"","overlay-type":"","overlay-color":"","overlay-opacity":"","overlay-gradient":""}},"footnotes":""},"categories":[1,29],"tags":[391,340,390,339,330,389],"class_list":["post-10858","post","type-post","status-publish","format-standard","has-post-thumbnail","hentry","category-general","category-portada","tag-desviament-riu-ter","tag-duna-dempuries","tag-institut-vallvera","tag-itinerari-cientific","tag-salinitat","tag-transparencia"],"post_mailing_queue_ids":[],"_links":{"self":[{"href":"https:\/\/serveiseducatius.xtec.cat\/cda-empuries\/wp-json\/wp\/v2\/posts\/10858","targetHints":{"allow":["GET"]}}],"collection":[{"href":"https:\/\/serveiseducatius.xtec.cat\/cda-empuries\/wp-json\/wp\/v2\/posts"}],"about":[{"href":"https:\/\/serveiseducatius.xtec.cat\/cda-empuries\/wp-json\/wp\/v2\/types\/post"}],"author":[{"embeddable":true,"href":"https:\/\/serveiseducatius.xtec.cat\/cda-empuries\/wp-json\/wp\/v2\/users\/1"}],"replies":[{"embeddable":true,"href":"https:\/\/serveiseducatius.xtec.cat\/cda-empuries\/wp-json\/wp\/v2\/comments?post=10858"}],"version-history":[{"count":3,"href":"https:\/\/serveiseducatius.xtec.cat\/cda-empuries\/wp-json\/wp\/v2\/posts\/10858\/revisions"}],"predecessor-version":[{"id":10876,"href":"https:\/\/serveiseducatius.xtec.cat\/cda-empuries\/wp-json\/wp\/v2\/posts\/10858\/revisions\/10876"}],"wp:featuredmedia":[{"embeddable":true,"href":"https:\/\/serveiseducatius.xtec.cat\/cda-empuries\/wp-json\/wp\/v2\/media\/10869"}],"wp:attachment":[{"href":"https:\/\/serveiseducatius.xtec.cat\/cda-empuries\/wp-json\/wp\/v2\/media?parent=10858"}],"wp:term":[{"taxonomy":"category","embeddable":true,"href":"https:\/\/serveiseducatius.xtec.cat\/cda-empuries\/wp-json\/wp\/v2\/categories?post=10858"},{"taxonomy":"post_tag","embeddable":true,"href":"https:\/\/serveiseducatius.xtec.cat\/cda-empuries\/wp-json\/wp\/v2\/tags?post=10858"}],"curies":[{"name":"wp","href":"https:\/\/api.w.org\/{rel}","templated":true}]}}