{"id":10652,"date":"2020-07-14T13:49:51","date_gmt":"2020-07-14T11:49:51","guid":{"rendered":"http:\/\/serveiseducatius.xtec.cat\/cda-empuries\/?p=10652"},"modified":"2020-07-15T13:28:32","modified_gmt":"2020-07-15T11:28:32","slug":"obert-el-periode-dinscripcio-per-estades-i-sortides-als-cdas-i-edas-de-catalunya-curs-2020-2021","status":"publish","type":"post","link":"https:\/\/serveiseducatius.xtec.cat\/cda-empuries\/general\/obert-el-periode-dinscripcio-per-estades-i-sortides-als-cdas-i-edas-de-catalunya-curs-2020-2021\/","title":{"rendered":"Obert el per\u00edode d&#8217;inscripci\u00f3 per estades i sortides als CdA&#8217;s i EdA&#8217;s de Catalunya (curs 2020-2021)"},"content":{"rendered":"<p><a href=\"https:\/\/serveiseducatius.xtec.cat\/cda-empuries\/wp-content\/uploads\/usu1383\/2020\/05\/Asklepius.jpg\"><img loading=\"lazy\" decoding=\"async\" class=\" wp-image-10583 aligncenter\" src=\"https:\/\/serveiseducatius.xtec.cat\/cda-empuries\/wp-content\/uploads\/usu1383\/2020\/05\/Asklepius-768x1024.jpg\" alt=\"\" width=\"320\" height=\"426\" srcset=\"https:\/\/serveiseducatius.xtec.cat\/cda-empuries\/wp-content\/uploads\/usu1383\/2020\/05\/Asklepius-768x1024.jpg 768w, https:\/\/serveiseducatius.xtec.cat\/cda-empuries\/wp-content\/uploads\/usu1383\/2020\/05\/Asklepius-225x300.jpg 225w, https:\/\/serveiseducatius.xtec.cat\/cda-empuries\/wp-content\/uploads\/usu1383\/2020\/05\/Asklepius.jpg 890w\" sizes=\"auto, (max-width: 320px) 100vw, 320px\" \/><\/a><\/p>\n<p>&nbsp;<\/p>\n<p>Benvolguts companys, Benvolgudes companyes<\/p>\n<p>Ens plau anunciar-vos l&#8217;obertura, ahir dilluns, del per\u00edode d&#8217;inscripci\u00f3\u00a0per a estades i sortides al CdA Emp\u00faries\u00a0(i a la resta de Camps\u00a0i Entorns d&#8217;Aprenentatge de Catalunya) per al proper curs 2020-2021. Despr\u00e9s d&#8217;un curs tan at\u00edpic com l&#8217;actual, no cal que us diguem\u00a0que ens fa molta il\u00b7lusi\u00f3\u00a0poder-vos atendre en algun moment del proper\u00a0curs. Amb tot, com us podeu imaginar, la situaci\u00f3 \u00e9s incerta, i la materialitzaci\u00f3 de les estades\u00a0i sortides\u00a0dependr\u00e0 de l&#8217;evoluci\u00f3 de la pand\u00e8mia. A m\u00e9s, com no podria ser d&#8217;una altra manera, en les nostres activitats haurem de respectar els mateixos grups estables amb els quals treballeu en els vostres centres d&#8217;origen. A m\u00e9s, \u00e9s possible que les places de l&#8217;alberg es vegin\u00a0dr\u00e0sticament redu\u00efdes\u00a0per respectar el protocol de la dist\u00e0ncia social. Tot i aix\u00ed, us podem assegurar que farem tot el que estigui en les nostres mans per poder atendre els vostres alumnes en les millors condicions possibles, respectant sempre la normativa sanit\u00e0ria establerta en cada moment.<\/p>\n<p>La inscripci\u00f3 es far\u00e0, com cada any, a trav\u00e9s de l&#8217;aplicatiu CAMPS, al qual podeu accedir en aquest enlla\u00e7:<\/p>\n<p><a href=\"http:\/\/xtec.gencat.cat\/ca\/serveis\/sesc\/cda\/inscripcio\/\">http:\/\/xtec.gencat.cat\/ca\/serveis\/sesc\/cda\/inscripcio\/<\/a><\/p>\n<p>Com sempre, la inscripci\u00f3 l&#8217;ha de fer un membre de l&#8217;equip directiu (en el cas dels centres p\u00fablics) i el director (en el cas dels centres concertats), per b\u00e9 que, si no sou membres dels equips directius del vostre centre, algun membre d&#8217;aquest equip us pot tramitar una llic\u00e8ncia perqu\u00e8 pugueu fer vosaltres mateixos\/mateixes la inscripci\u00f3.<\/p>\n<p>Us informem, aix\u00ed mateix, que la inscripci\u00f3 romandr\u00e0 oberta fins al\u00a0<strong>14 de setembre<\/strong>, i que la selecci\u00f3 final dels centres que atendrem es far\u00e0 segons un barem que \u00e9s p\u00fablic i que podeu descarregar-vos del mateix aplicatiu CAMPS. En cap cas, el fet d&#8217;haver presentat la inscripci\u00f3 abans que un altre centre no dona cap mena de prefer\u00e8ncia a l&#8217;hora que us sigui assignada una estada o una sortida. Amb el retorn als centres, el dimarts 1 de setembre, us enviarem un recordatori d&#8217;aquest mateix missatge<\/p>\n<p>Finalment i independentment dels grups estables, us recordem que el nombre m\u00e0xim d&#8217;alumnes que podem atendre \u00e9s de\u00a0<strong>45\u00a0<\/strong>(a ra\u00f3 de 15 alumnes per professional).<\/p>\n<p>Si teniu algun dubte, ens podeu escriure a l&#8217;adre\u00e7a electr\u00f2nica del CdA: b7990605@xtec.cat. En principi, us contestarem quan tornem de vacances, l&#8217;1 de setembre.<\/p>\n<p>Amb el desig d&#8217;una tornada r\u00e0pida a la normalitat, us enviem una salutaci\u00f3 molt cordial i els nostres millors\u00a0desitjos en aquest inici d&#8217;estiu.<\/p>\n<p>Rosa, Xon i Eusebi<\/p>\n<p>&nbsp;<\/p>\n","protected":false},"excerpt":{"rendered":"<p>&nbsp; Benvolguts companys, Benvolgudes companyes Ens plau anunciar-vos l&#8217;obertura, ahir dilluns, del per\u00edode d&#8217;inscripci\u00f3\u00a0per a estades i sortides al CdA Emp\u00faries\u00a0(i a la resta de Camps\u00a0i Entorns d&#8217;Aprenentatge de Catalunya) per al proper curs 2020-2021. Despr\u00e9s d&#8217;un curs tan at\u00edpic com l&#8217;actual, no cal que us diguem\u00a0que ens fa molta il\u00b7lusi\u00f3\u00a0poder-vos atendre en algun moment [&hellip;]<\/p>\n","protected":false},"author":1,"featured_media":0,"comment_status":"open","ping_status":"closed","sticky":false,"template":"","format":"standard","meta":{"_bbp_topic_count":0,"_bbp_reply_count":0,"_bbp_total_topic_count":0,"_bbp_total_reply_count":0,"_bbp_voice_count":0,"_bbp_anonymous_reply_count":0,"_bbp_topic_count_hidden":0,"_bbp_reply_count_hidden":0,"_bbp_forum_subforum_count":0,"site-sidebar-layout":"default","site-content-layout":"","ast-site-content-layout":"","site-content-style":"default","site-sidebar-style":"default","ast-global-header-display":"","ast-banner-title-visibility":"","ast-main-header-display":"","ast-hfb-above-header-display":"","ast-hfb-below-header-display":"","ast-hfb-mobile-header-display":"","site-post-title":"","ast-breadcrumbs-content":"","ast-featured-img":"","footer-sml-layout":"","theme-transparent-header-meta":"","adv-header-id-meta":"","stick-header-meta":"","header-above-stick-meta":"","header-main-stick-meta":"","header-below-stick-meta":"","astra-migrate-meta-layouts":"default","ast-page-background-enabled":"default","ast-page-background-meta":{"desktop":{"background-color":"var(--ast-global-color-4)","background-image":"","background-repeat":"repeat","background-position":"center center","background-size":"auto","background-attachment":"scroll","background-type":"","background-media":"","overlay-type":"","overlay-color":"","overlay-opacity":"","overlay-gradient":""},"tablet":{"background-color":"","background-image":"","background-repeat":"repeat","background-position":"center center","background-size":"auto","background-attachment":"scroll","background-type":"","background-media":"","overlay-type":"","overlay-color":"","overlay-opacity":"","overlay-gradient":""},"mobile":{"background-color":"","background-image":"","background-repeat":"repeat","background-position":"center center","background-size":"auto","background-attachment":"scroll","background-type":"","background-media":"","overlay-type":"","overlay-color":"","overlay-opacity":"","overlay-gradient":""}},"ast-content-background-meta":{"desktop":{"background-color":"var(--ast-global-color-5)","background-image":"","background-repeat":"repeat","background-position":"center center","background-size":"auto","background-attachment":"scroll","background-type":"","background-media":"","overlay-type":"","overlay-color":"","overlay-opacity":"","overlay-gradient":""},"tablet":{"background-color":"var(--ast-global-color-5)","background-image":"","background-repeat":"repeat","background-position":"center center","background-size":"auto","background-attachment":"scroll","background-type":"","background-media":"","overlay-type":"","overlay-color":"","overlay-opacity":"","overlay-gradient":""},"mobile":{"background-color":"var(--ast-global-color-5)","background-image":"","background-repeat":"repeat","background-position":"center center","background-size":"auto","background-attachment":"scroll","background-type":"","background-media":"","overlay-type":"","overlay-color":"","overlay-opacity":"","overlay-gradient":""}},"footnotes":""},"categories":[1,29],"tags":[],"class_list":["post-10652","post","type-post","status-publish","format-standard","hentry","category-general","category-portada"],"post_mailing_queue_ids":[],"_links":{"self":[{"href":"https:\/\/serveiseducatius.xtec.cat\/cda-empuries\/wp-json\/wp\/v2\/posts\/10652","targetHints":{"allow":["GET"]}}],"collection":[{"href":"https:\/\/serveiseducatius.xtec.cat\/cda-empuries\/wp-json\/wp\/v2\/posts"}],"about":[{"href":"https:\/\/serveiseducatius.xtec.cat\/cda-empuries\/wp-json\/wp\/v2\/types\/post"}],"author":[{"embeddable":true,"href":"https:\/\/serveiseducatius.xtec.cat\/cda-empuries\/wp-json\/wp\/v2\/users\/1"}],"replies":[{"embeddable":true,"href":"https:\/\/serveiseducatius.xtec.cat\/cda-empuries\/wp-json\/wp\/v2\/comments?post=10652"}],"version-history":[{"count":3,"href":"https:\/\/serveiseducatius.xtec.cat\/cda-empuries\/wp-json\/wp\/v2\/posts\/10652\/revisions"}],"predecessor-version":[{"id":10657,"href":"https:\/\/serveiseducatius.xtec.cat\/cda-empuries\/wp-json\/wp\/v2\/posts\/10652\/revisions\/10657"}],"wp:attachment":[{"href":"https:\/\/serveiseducatius.xtec.cat\/cda-empuries\/wp-json\/wp\/v2\/media?parent=10652"}],"wp:term":[{"taxonomy":"category","embeddable":true,"href":"https:\/\/serveiseducatius.xtec.cat\/cda-empuries\/wp-json\/wp\/v2\/categories?post=10652"},{"taxonomy":"post_tag","embeddable":true,"href":"https:\/\/serveiseducatius.xtec.cat\/cda-empuries\/wp-json\/wp\/v2\/tags?post=10652"}],"curies":[{"name":"wp","href":"https:\/\/api.w.org\/{rel}","templated":true}]}}