{"id":10489,"date":"2020-03-06T10:57:19","date_gmt":"2020-03-06T09:57:19","guid":{"rendered":"http:\/\/serveiseducatius.xtec.cat\/cda-empuries\/?p=10489"},"modified":"2021-11-09T11:29:37","modified_gmt":"2021-11-09T10:29:37","slug":"alumnes-de-1r-deso-de-linstitut-lluis-goncaga-ens-porten-la-primavera-als-aiguamolls-de-lemporda","status":"publish","type":"post","link":"https:\/\/serveiseducatius.xtec.cat\/cda-empuries\/portada\/alumnes-de-1r-deso-de-linstitut-lluis-goncaga-ens-porten-la-primavera-als-aiguamolls-de-lemporda\/","title":{"rendered":"Alumnes de 1r d&#8217;ESO de l&#8217;institut Llu\u00eds Gon\u00e7aga ens porten la primavera als Aiguamolls de L&#8217;Empord\u00e0."},"content":{"rendered":"<p>Aquest 2020 gaireb\u00e9 no hem tingut temperatures d&#8217;hivern, hi ha hagut temporals quan no tocava (recordem el devastador\u00a0 temporal Gl\u00f2ria), alguns r\u00e8ptils no han arribat a hivernar i les migracions d&#8217;aus s&#8217;han vist afectades. No \u00e9s d&#8217;estranyar, doncs, que a finals de febrer ja es notin els s\u00edmptomes de la primavera; i aix\u00f2 \u00e9s el que han viscut els alumnes de 1r d&#8217;ESO de l&#8217;institut Sant Llu\u00eds Gon\u00e7aga de La Garriga en la seva visita als aiguamolls de L&#8217;Empord\u00e0.<\/p>\n<p>Hem pogut contemplar una cinquantena d&#8217;esp\u00e8cies d&#8217;ocells diferents, alguns encara hivernants, com oques, \u00e0necs, pitroigs, etc. i molts en migraci\u00f3, com becuts, becplaners, territs i grues. Mentrestant moltes esp\u00e8cies es disposen a fer nius i a criar als aiguamolls; hem pogut veure dues fotges mascles barallant-se a cops de peu per una femella, tots els nius de cigonyes ocupats per les parelles i els colls verds nedant ufanosos amb les seves plomes brillants per a cridar l&#8217;atenci\u00f3 de les femelles. la visita tamb\u00e9 ens ha perm\u00e8s veure les incursions dins i fora de l&#8217;aigua d&#8217;un petit coip\u00fa, una esp\u00e8cie invasora que es deixa veure tot sovint i que fa les del\u00edcies dels nostres alumnes.<\/p>\n<p>No ens hem oblidat de fer les nostres anotacions al quadern i de reflexionar sobre els valors d&#8217;un parc natural i de la necessitat de tenir espais protegits per a la fauna i flora del nostre pa\u00eds.<\/p>\n<p><a href=\"https:\/\/serveiseducatius.xtec.cat\/cda-empuries\/wp-content\/uploads\/usu1383\/2020\/03\/aiguamolls-St-Llu\u00eds-Gon\u00e7aga.jpg\"><img loading=\"lazy\" decoding=\"async\" class=\"alignnone wp-image-10492\" src=\"https:\/\/serveiseducatius.xtec.cat\/cda-empuries\/wp-content\/uploads\/usu1383\/2020\/03\/aiguamolls-St-Llu\u00eds-Gon\u00e7aga-300x146.jpg\" alt=\"\" width=\"472\" height=\"230\" srcset=\"https:\/\/serveiseducatius.xtec.cat\/cda-empuries\/wp-content\/uploads\/usu1383\/2020\/03\/aiguamolls-St-Llu\u00eds-Gon\u00e7aga-300x146.jpg 300w, https:\/\/serveiseducatius.xtec.cat\/cda-empuries\/wp-content\/uploads\/usu1383\/2020\/03\/aiguamolls-St-Llu\u00eds-Gon\u00e7aga-768x375.jpg 768w, https:\/\/serveiseducatius.xtec.cat\/cda-empuries\/wp-content\/uploads\/usu1383\/2020\/03\/aiguamolls-St-Llu\u00eds-Gon\u00e7aga-1024x500.jpg 1024w, https:\/\/serveiseducatius.xtec.cat\/cda-empuries\/wp-content\/uploads\/usu1383\/2020\/03\/aiguamolls-St-Llu\u00eds-Gon\u00e7aga.jpg 1639w\" sizes=\"auto, (max-width: 472px) 100vw, 472px\" \/><\/a><\/p>\n<div style=\"width: 1080px;\" class=\"wp-video\"><!--[if lt IE 9]><script>document.createElement('video');<\/script><![endif]-->\n<video class=\"wp-video-shortcode\" id=\"video-10489-1\" width=\"1080\" height=\"1920\" autoplay=\"1\" preload=\"metadata\" controls=\"controls\"><source type=\"video\/mp4\" src=\"https:\/\/serveiseducatius.xtec.cat\/cda-empuries\/wp-content\/uploads\/usu1383\/2020\/03\/VID_20200227_132906.mp4?_=1\" \/><a href=\"https:\/\/serveiseducatius.xtec.cat\/cda-empuries\/wp-content\/uploads\/usu1383\/2020\/03\/VID_20200227_132906.mp4\">https:\/\/serveiseducatius.xtec.cat\/cda-empuries\/wp-content\/uploads\/usu1383\/2020\/03\/VID_20200227_132906.mp4<\/a><\/video><\/div>\n<p>&nbsp;<\/p>\n","protected":false},"excerpt":{"rendered":"<p>Aquest 2020 gaireb\u00e9 no hem tingut temperatures d&#8217;hivern, hi ha hagut temporals quan no tocava (recordem el devastador\u00a0 temporal Gl\u00f2ria), alguns r\u00e8ptils no han arribat a hivernar i les migracions d&#8217;aus s&#8217;han vist afectades. No \u00e9s d&#8217;estranyar, doncs, que a finals de febrer ja es notin els s\u00edmptomes de la primavera; i aix\u00f2 \u00e9s el [&hellip;]<\/p>\n","protected":false},"author":1,"featured_media":10492,"comment_status":"open","ping_status":"closed","sticky":false,"template":"","format":"standard","meta":{"_bbp_topic_count":0,"_bbp_reply_count":0,"_bbp_total_topic_count":0,"_bbp_total_reply_count":0,"_bbp_voice_count":0,"_bbp_anonymous_reply_count":0,"_bbp_topic_count_hidden":0,"_bbp_reply_count_hidden":0,"_bbp_forum_subforum_count":0,"site-sidebar-layout":"default","site-content-layout":"","ast-site-content-layout":"","site-content-style":"default","site-sidebar-style":"default","ast-global-header-display":"","ast-banner-title-visibility":"","ast-main-header-display":"","ast-hfb-above-header-display":"","ast-hfb-below-header-display":"","ast-hfb-mobile-header-display":"","site-post-title":"","ast-breadcrumbs-content":"","ast-featured-img":"","footer-sml-layout":"","theme-transparent-header-meta":"","adv-header-id-meta":"","stick-header-meta":"","header-above-stick-meta":"","header-main-stick-meta":"","header-below-stick-meta":"","astra-migrate-meta-layouts":"default","ast-page-background-enabled":"default","ast-page-background-meta":{"desktop":{"background-color":"var(--ast-global-color-4)","background-image":"","background-repeat":"repeat","background-position":"center center","background-size":"auto","background-attachment":"scroll","background-type":"","background-media":"","overlay-type":"","overlay-color":"","overlay-opacity":"","overlay-gradient":""},"tablet":{"background-color":"","background-image":"","background-repeat":"repeat","background-position":"center center","background-size":"auto","background-attachment":"scroll","background-type":"","background-media":"","overlay-type":"","overlay-color":"","overlay-opacity":"","overlay-gradient":""},"mobile":{"background-color":"","background-image":"","background-repeat":"repeat","background-position":"center center","background-size":"auto","background-attachment":"scroll","background-type":"","background-media":"","overlay-type":"","overlay-color":"","overlay-opacity":"","overlay-gradient":""}},"ast-content-background-meta":{"desktop":{"background-color":"var(--ast-global-color-5)","background-image":"","background-repeat":"repeat","background-position":"center center","background-size":"auto","background-attachment":"scroll","background-type":"","background-media":"","overlay-type":"","overlay-color":"","overlay-opacity":"","overlay-gradient":""},"tablet":{"background-color":"var(--ast-global-color-5)","background-image":"","background-repeat":"repeat","background-position":"center center","background-size":"auto","background-attachment":"scroll","background-type":"","background-media":"","overlay-type":"","overlay-color":"","overlay-opacity":"","overlay-gradient":""},"mobile":{"background-color":"var(--ast-global-color-5)","background-image":"","background-repeat":"repeat","background-position":"center center","background-size":"auto","background-attachment":"scroll","background-type":"","background-media":"","overlay-type":"","overlay-color":"","overlay-opacity":"","overlay-gradient":""}},"footnotes":""},"categories":[29],"tags":[358,396,360,359,361,362],"class_list":["post-10489","post","type-post","status-publish","format-standard","has-post-thumbnail","hentry","category-portada","tag-1r-eso","tag-aiguamolls-de-lemporda","tag-coipu","tag-lluis-goncaga","tag-primavera","tag-quadern-de-camp"],"post_mailing_queue_ids":[],"_links":{"self":[{"href":"https:\/\/serveiseducatius.xtec.cat\/cda-empuries\/wp-json\/wp\/v2\/posts\/10489","targetHints":{"allow":["GET"]}}],"collection":[{"href":"https:\/\/serveiseducatius.xtec.cat\/cda-empuries\/wp-json\/wp\/v2\/posts"}],"about":[{"href":"https:\/\/serveiseducatius.xtec.cat\/cda-empuries\/wp-json\/wp\/v2\/types\/post"}],"author":[{"embeddable":true,"href":"https:\/\/serveiseducatius.xtec.cat\/cda-empuries\/wp-json\/wp\/v2\/users\/1"}],"replies":[{"embeddable":true,"href":"https:\/\/serveiseducatius.xtec.cat\/cda-empuries\/wp-json\/wp\/v2\/comments?post=10489"}],"version-history":[{"count":3,"href":"https:\/\/serveiseducatius.xtec.cat\/cda-empuries\/wp-json\/wp\/v2\/posts\/10489\/revisions"}],"predecessor-version":[{"id":10495,"href":"https:\/\/serveiseducatius.xtec.cat\/cda-empuries\/wp-json\/wp\/v2\/posts\/10489\/revisions\/10495"}],"wp:featuredmedia":[{"embeddable":true,"href":"https:\/\/serveiseducatius.xtec.cat\/cda-empuries\/wp-json\/wp\/v2\/media\/10492"}],"wp:attachment":[{"href":"https:\/\/serveiseducatius.xtec.cat\/cda-empuries\/wp-json\/wp\/v2\/media?parent=10489"}],"wp:term":[{"taxonomy":"category","embeddable":true,"href":"https:\/\/serveiseducatius.xtec.cat\/cda-empuries\/wp-json\/wp\/v2\/categories?post=10489"},{"taxonomy":"post_tag","embeddable":true,"href":"https:\/\/serveiseducatius.xtec.cat\/cda-empuries\/wp-json\/wp\/v2\/tags?post=10489"}],"curies":[{"name":"wp","href":"https:\/\/api.w.org\/{rel}","templated":true}]}}