{"id":10847,"date":"2025-06-27T10:18:12","date_gmt":"2025-06-27T08:18:12","guid":{"rendered":"https:\/\/serveiseducatius.xtec.cat\/cda-delta\/?p=10847"},"modified":"2025-06-27T10:18:13","modified_gmt":"2025-06-27T08:18:13","slug":"institut-castell-de-quer-curs-24-25","status":"publish","type":"post","link":"https:\/\/serveiseducatius.xtec.cat\/cda-delta\/general\/institut-castell-de-quer-curs-24-25\/","title":{"rendered":"Institut Castell de Quer (curs 24\/25)"},"content":{"rendered":"\n<p class=\"has-text-align-left\">Un altre curs amb una estada exemplar, com ja ens t\u00e9 acostumats l\u2019alumnat de Batxillerat de l\u2019Institut Castell de Quer de Prats de Llu\u00e7an\u00e8s.\u00a0 Aquest curs, com a novetat, han decidit venir 5 dies, per aprofitar m\u00e9s la seva estada al delta i va ser la setmana <strong>del 7 a l&#8217;11 d&#8217;abril.<\/strong> Qu\u00e8 hem de dir que no sabeu de com treballa aquest institut? \u00c9s el centre que surt m\u00e9s en aquest apartat&#8230;<\/p>\n\n\n\n<p>A continuaci\u00f3 us enllacem l&#8217;article que van publicar el grup de<strong> joves reporters<\/strong> de l&#8217;institut on expliquen, de manera resumida, que van fer cada dia de la seva estada.<\/p>\n\n\n\n<div class=\"wp-block-buttons is-content-justification-center is-layout-flex wp-container-core-buttons-is-layout-1 wp-block-buttons-is-layout-flex\">\n<div class=\"wp-block-button\"><a class=\"wp-block-button__link has-text-align-center wp-element-button\" href=\"https:\/\/agora.xtec.cat\/ies-castelldelquer-prats\/batxillerat\/primer-de-batxillerat-al-delta-de-lebre\/\" target=\"_blank\" rel=\"noreferrer noopener\">Veure l&#8217;article<\/a><\/div>\n<\/div>\n\n\n\n<p>Cada dia, l&#8217;alumnat, per grups, s&#8217;encarregava de realitzar un reportatge sobre les diferents tem\u00e0tiques que an\u00e0vem treballant. A continuaci\u00f3 us enllacem alguns dels seus treballs\/presentacions finals realitzades en el <strong>moment 3.<\/strong><\/p>\n\n\n\n<p>Des de les mat\u00e8ries de <strong>Tecnologia industrial, Funcionament de l\u2019empresa, economia i joves reporters <\/strong>incidint amb la integraci\u00f3 de sabers han realitzat una exposici\u00f3\u00a0 sobre les innovacions tecnol\u00f2giques en les activitats del conreu de l\u2019arr\u00f2s, la pesca i l\u2019aq\u00fcicultura del musclo i l\u2019ostra. Els plafons disposen d\u2019un QR on es poden visualitzar els reportatges fets pels propis alumnes. \u00a0 Tamb\u00e9 sobre la concentraci\u00f3 empresarial en aquests sectors i el funcionament de la subhasta del peix a la Llotja de la R\u00e0pita.\u00a0\u00a0<\/p>\n\n\n\n<ul class=\"wp-block-list\">\n<li><a href=\"https:\/\/drive.google.com\/file\/d\/1I9L_7Bk4VrSIVCq6Sjr0_IslPRhTrbgh\/view?usp=sharing\">Esp\u00e8cies invasores i innovacions tecnol\u00f2giques <\/a>by Mariona Clavell i \u00c8lia Garolera\u00a0<\/li>\n\n\n\n<li><a href=\"https:\/\/drive.google.com\/file\/d\/1c6S2ypx8QlVdZ-emcH9sd7f8ZLRGSKTZ\/view?usp=sharing\">Innovacion tecnol\u00f2giques en el conreu<\/a> d\u2019arr\u00f3s by Carla Puig, Clara Mill i \u00c0uria Salvans<\/li>\n\n\n\n<li><a href=\"https:\/\/drive.google.com\/file\/d\/10wlQdTJvO3eik7LX6OEzd2CoOcuwPq7x\/view?usp=sharing\">Concentraci\u00f3 empresarial en el conreu de l\u2019arr\u00f3s <\/a>by Sigrid P\u00e9rez, Astrid Arroyo, Gemma Ambr\u00f2s\u00a0<\/li>\n\n\n\n<li><a href=\"https:\/\/drive.google.com\/file\/d\/1T-xbXq8LD_IgoYHDwIMmB15btEq18UDF\/view?usp=sharing\">Innovacions en la producte per competir en el mercat<\/a> by Pep Punt\u00ed i Iu Calder\u00f3n\u00a0<\/li>\n\n\n\n<li><a href=\"https:\/\/drive.google.com\/file\/d\/1JEqyPT_4l4Q4LYx2mrFoGA9ktIy18dau\/view?usp=sharing\">Innovacions tecnol\u00f2giques en la pesca<\/a> i l\u2019aq\u00fcicultura del musclo i l\u2019ostra by Pau Cirera, Climent Casas i Adri\u00e0 Font.\u00a0<\/li>\n\n\n\n<li><a href=\"https:\/\/drive.google.com\/file\/d\/1zhYhXMwvsWDUuFzlbM1hQnNxB2wE2lfW\/view?usp=sharing\">Concentraci\u00f3 empresarial en la pesca i l\u2019aq\u00fcicultura del musclo i l\u2019ostra<\/a> by X\u00e8nia Ball\u00fas, Meritxell Surinyach i Lucas Thompson\u00a0<\/li>\n\n\n\n<li><a href=\"https:\/\/drive.google.com\/file\/d\/1CoO88A-iR8T3L_y-ZZh69ndccx-ZO8j7\/view?usp=drive_link\">La tecnologia i les muscleres<\/a> by Clara Marginedas i Laia Taulats<\/li>\n\n\n\n<li><a href=\"https:\/\/drive.google.com\/file\/d\/1yanOCp-AmYMVq916MOMZbCH1AoSsJd9w\/view?usp=drive_link\">La tecnologia en el vaixells<\/a>, <a href=\"https:\/\/drive.google.com\/file\/d\/1hw9ADfZ_wD_cbTnpAQvNTbDowlZpGdt8\/view?usp=drive_link\">la tecnologia en la subhasta<\/a> i <a href=\"https:\/\/drive.google.com\/file\/d\/1pdDIIM9EBnuqqrxvuE3LYhwAhPM4NRon\/view?usp=drive_link\">la comercialitzaci\u00f3 del peix<\/a> by Pep Boix i Hug Montany\u00e0.<\/li>\n\n\n\n<li><a href=\"https:\/\/drive.google.com\/file\/d\/1-nj8UPKeWKJaj6TqnOeaUtNI71hpyGTv\/view?usp=drive_link\">La tecnologia i els arrossars <\/a>by Franc Pou i Marc Roma<\/li>\n<\/ul>\n\n\n\n<p>Des de les mat\u00e8ries <strong>d\u2019hist\u00f2ria i de dibuix t\u00e8cnic<\/strong> s\u2019han editat v\u00eddeos sobre els espais de la batalla de l\u2019Ebre, visitats i s\u2019ha fet una exposici\u00f3 d\u2019hist\u00f2ria oral local sobre la guerra civil:<\/p>\n\n\n\n<ul class=\"wp-block-list\">\n<li><a href=\"https:\/\/drive.google.com\/file\/d\/1learGifvD9syNMVcX62-kbPXuTPlTikH\/view?usp=sharing\">La guerra civil espanyola i\u00a0 Corbera d\u2019Ebre <\/a>by\u00a0 Carla Puig, X\u00e8nia Ball\u00fas, \u00c0uria Salvans<\/li>\n\n\n\n<li><a href=\"https:\/\/drive.google.com\/file\/d\/1Dgh4_pDgDcEHgW9oK95fCXGmrmo_AV-e\/view?usp=sharing\">Corbera d\u2019Ebre el crit de la mem\u00f2ria<\/a> by Sigrid P\u00e9rez, Queralts Aranda, Mariona Torras<\/li>\n\n\n\n<li><a href=\"https:\/\/drive.google.com\/file\/d\/1I8UGSMHm7CyxZ2sdZtMVgVUntIbPFH9V\/view?usp=drivesdk\">trinxeres<\/a> (Carlota Sabart\u00e9s, Maria Trias i \u00c8lia Garolera<\/li>\n\n\n\n<li><a href=\"https:\/\/drive.google.com\/file\/d\/1fH3mX3wGDfP5b5EERlvSRcl0j8tC5R9g\/view?usp=drivesdk\">Poble Vell<\/a> de Corbera d&#8217;Ebre (Pep Boix, Martina Mesquies, Marc Roma i N\u00faria Sa\u00f1as)<\/li>\n\n\n\n<li>Gemma Ambr\u00f2s i Astrid Arroyo &#8211;<a href=\"https:\/\/drive.google.com\/file\/d\/14AtA71lqXEr5prG88q6IbITsmSSbxQAW\/view?usp=drivesdk\"> La batalla de l&#8217;Ebre<\/a><\/li>\n\n\n\n<li><a href=\"https:\/\/drive.google.com\/file\/d\/19WKi8w2EO_ZwJ9zXlDV1005uUpqd8pRv\/view?usp=drivesdk\">Presentaci\u00f3 de l\u2019exposici\u00f3<\/a> d\u2019hist\u00f2ria oral sobre la guerra civil by Judit Casals i X\u00e8nia Ball\u00fas\u00a0<\/li>\n<\/ul>\n\n\n\n<p>Finalment, des de la mat\u00e8ria de<strong> biologia<\/strong>, van haver de fer un treball responent a una s\u00e8rie de q\u00fcestions plantejades anteriorment:<\/p>\n\n\n\n<ul class=\"wp-block-list\">\n<li>N\u00fariaF,MarionaiQueralt: <a href=\"https:\/\/drive.google.com\/file\/d\/19xgazGKlAIaNJjmbQb07XQ_PIrWPh8vv\/view?usp=sharing\">https:\/\/drive.google.com\/file\/d\/19xgazGKlAIaNJjmbQb07XQ_PIrWPh8vv\/view?usp=sharing<\/a><\/li>\n\n\n\n<li>Carla, Carlota, Maria i N\u00faria:\u00a0<a href=\"https:\/\/drive.google.com\/file\/d\/1SgMN8I-HSP2pYr2R_CdyosAFvYe6Icwg\/view?usp=sharing\">https:\/\/drive.google.com\/file\/d\/1SgMN8I-HSP2pYr2R_CdyosAFvYe6Icwg\/view?usp=sharing<\/a><\/li>\n\n\n\n<li>Martian, Pau M i \u00c8ila:\u00a0<a href=\"https:\/\/drive.google.com\/file\/d\/1mUyXKJEEH0Pf-pbvXKGIB0l5_rxzvT_C\/view?usp=sharing\">https:\/\/drive.google.com\/file\/d\/1mUyXKJEEH0Pf-pbvXKGIB0l5_rxzvT_C\/view?usp=sharing<\/a><\/li>\n\n\n\n<li>Pau C, Ricard i Aran: <a href=\"https:\/\/drive.google.com\/file\/d\/1wGNLLkiT1LJMwPP3UIGDXPjSdV5-82A2\/view?usp=sharing\">https:\/\/drive.google.com\/file\/d\/1wGNLLkiT1LJMwPP3UIGDXPjSdV5-82A2\/view?usp=sharing<\/a><\/li>\n<\/ul>\n\n\n\n<p>Com sempre, una estada molt ben aprofitada assolint de manera molt satisfact\u00f2ria els <strong>3 moments<\/strong> (M1, M2 i M3) .<\/p>\n\n\n\n<p><\/p>\n","protected":false},"excerpt":{"rendered":"<p>Un altre curs amb una estada exemplar, com ja ens t\u00e9 acostumats l\u2019alumnat de Batxillerat de l\u2019Institut Castell de Quer de Prats de Llu\u00e7an\u00e8s.\u00a0 Aquest curs, com a novetat, han decidit venir 5 dies, per aprofitar m\u00e9s la seva estada al delta i va ser la setmana del 7 a l&#8217;11 d&#8217;abril. Qu\u00e8 hem de [&hellip;]<\/p>\n","protected":false},"author":1,"featured_media":0,"comment_status":"open","ping_status":"open","sticky":false,"template":"","format":"standard","meta":{"_bbp_topic_count":0,"_bbp_reply_count":0,"_bbp_total_topic_count":0,"_bbp_total_reply_count":0,"_bbp_voice_count":0,"_bbp_anonymous_reply_count":0,"_bbp_topic_count_hidden":0,"_bbp_reply_count_hidden":0,"_bbp_forum_subforum_count":0,"site-sidebar-layout":"default","site-content-layout":"","ast-site-content-layout":"default","site-content-style":"default","site-sidebar-style":"default","ast-global-header-display":"","ast-banner-title-visibility":"","ast-main-header-display":"","ast-hfb-above-header-display":"","ast-hfb-below-header-display":"","ast-hfb-mobile-header-display":"","site-post-title":"","ast-breadcrumbs-content":"","ast-featured-img":"","footer-sml-layout":"","theme-transparent-header-meta":"","adv-header-id-meta":"","stick-header-meta":"","header-above-stick-meta":"","header-main-stick-meta":"","header-below-stick-meta":"","astra-migrate-meta-layouts":"set","ast-page-background-enabled":"default","ast-page-background-meta":{"desktop":{"background-color":"var(--ast-global-color-4)","background-image":"","background-repeat":"repeat","background-position":"center center","background-size":"auto","background-attachment":"scroll","background-type":"","background-media":"","overlay-type":"","overlay-color":"","overlay-opacity":"","overlay-gradient":""},"tablet":{"background-color":"","background-image":"","background-repeat":"repeat","background-position":"center center","background-size":"auto","background-attachment":"scroll","background-type":"","background-media":"","overlay-type":"","overlay-color":"","overlay-opacity":"","overlay-gradient":""},"mobile":{"background-color":"","background-image":"","background-repeat":"repeat","background-position":"center center","background-size":"auto","background-attachment":"scroll","background-type":"","background-media":"","overlay-type":"","overlay-color":"","overlay-opacity":"","overlay-gradient":""}},"ast-content-background-meta":{"desktop":{"background-color":"var(--ast-global-color-5)","background-image":"","background-repeat":"repeat","background-position":"center center","background-size":"auto","background-attachment":"scroll","background-type":"","background-media":"","overlay-type":"","overlay-color":"","overlay-opacity":"","overlay-gradient":""},"tablet":{"background-color":"var(--ast-global-color-5)","background-image":"","background-repeat":"repeat","background-position":"center center","background-size":"auto","background-attachment":"scroll","background-type":"","background-media":"","overlay-type":"","overlay-color":"","overlay-opacity":"","overlay-gradient":""},"mobile":{"background-color":"var(--ast-global-color-5)","background-image":"","background-repeat":"repeat","background-position":"center center","background-size":"auto","background-attachment":"scroll","background-type":"","background-media":"","overlay-type":"","overlay-color":"","overlay-opacity":"","overlay-gradient":""}},"footnotes":""},"categories":[262,1],"tags":[],"class_list":["post-10847","post","type-post","status-publish","format-standard","hentry","category-activitats","category-general"],"post_mailing_queue_ids":[],"_links":{"self":[{"href":"https:\/\/serveiseducatius.xtec.cat\/cda-delta\/wp-json\/wp\/v2\/posts\/10847","targetHints":{"allow":["GET"]}}],"collection":[{"href":"https:\/\/serveiseducatius.xtec.cat\/cda-delta\/wp-json\/wp\/v2\/posts"}],"about":[{"href":"https:\/\/serveiseducatius.xtec.cat\/cda-delta\/wp-json\/wp\/v2\/types\/post"}],"author":[{"embeddable":true,"href":"https:\/\/serveiseducatius.xtec.cat\/cda-delta\/wp-json\/wp\/v2\/users\/1"}],"replies":[{"embeddable":true,"href":"https:\/\/serveiseducatius.xtec.cat\/cda-delta\/wp-json\/wp\/v2\/comments?post=10847"}],"version-history":[{"count":3,"href":"https:\/\/serveiseducatius.xtec.cat\/cda-delta\/wp-json\/wp\/v2\/posts\/10847\/revisions"}],"predecessor-version":[{"id":10851,"href":"https:\/\/serveiseducatius.xtec.cat\/cda-delta\/wp-json\/wp\/v2\/posts\/10847\/revisions\/10851"}],"wp:attachment":[{"href":"https:\/\/serveiseducatius.xtec.cat\/cda-delta\/wp-json\/wp\/v2\/media?parent=10847"}],"wp:term":[{"taxonomy":"category","embeddable":true,"href":"https:\/\/serveiseducatius.xtec.cat\/cda-delta\/wp-json\/wp\/v2\/categories?post=10847"},{"taxonomy":"post_tag","embeddable":true,"href":"https:\/\/serveiseducatius.xtec.cat\/cda-delta\/wp-json\/wp\/v2\/tags?post=10847"}],"curies":[{"name":"wp","href":"https:\/\/api.w.org\/{rel}","templated":true}]}}