{"id":10733,"date":"2025-03-18T13:32:22","date_gmt":"2025-03-18T12:32:22","guid":{"rendered":"https:\/\/serveiseducatius.xtec.cat\/cda-delta\/?p=10733"},"modified":"2025-03-19T13:23:58","modified_gmt":"2025-03-19T12:23:58","slug":"formacio-docent-10e-memorial-antoni-vilaseca","status":"publish","type":"post","link":"https:\/\/serveiseducatius.xtec.cat\/cda-delta\/general\/formacio-docent-10e-memorial-antoni-vilaseca\/","title":{"rendered":"Formaci\u00f3 docent 10\u00e8 Memorial Antoni Vilaseca"},"content":{"rendered":"<p style=\"text-align: justify;\">El passat dissabte, 15 de mar\u00e7, vam rebre al <strong>professorat de biologia<\/strong> docent i professorat docent no actiu a les nostres aules per a realitzar la primera sessi\u00f3 de la formaci\u00f3 del 10\u00e8 memorial Antoni Vilaseca organitzada pel <strong>CRP de l&#8217;Alt Camp<\/strong>. Cada curs l&#8217;estructuren al voltant de l&#8217;ensenyament de les ci\u00e8ncies naturals i el tret de sortida d&#8217;aquest any va ser aqu\u00ed al CdA del delta de l&#8217;Ebre.<\/p>\n<p style=\"text-align: justify;\"><a href=\"https:\/\/serveiseducatius.xtec.cat\/cda-delta\/wp-content\/uploads\/usu1384\/2025\/03\/IMG_1865-1.jpg\"><img loading=\"lazy\" decoding=\"async\" class=\" wp-image-10734 aligncenter\" src=\"https:\/\/serveiseducatius.xtec.cat\/cda-delta\/wp-content\/uploads\/usu1384\/2025\/03\/IMG_1865-1-300x225.jpg\" alt=\"\" width=\"365\" height=\"274\" srcset=\"https:\/\/serveiseducatius.xtec.cat\/cda-delta\/wp-content\/uploads\/usu1384\/2025\/03\/IMG_1865-1-300x225.jpg 300w, https:\/\/serveiseducatius.xtec.cat\/cda-delta\/wp-content\/uploads\/usu1384\/2025\/03\/IMG_1865-1-768x576.jpg 768w, https:\/\/serveiseducatius.xtec.cat\/cda-delta\/wp-content\/uploads\/usu1384\/2025\/03\/IMG_1865-1-200x150.jpg 200w, https:\/\/serveiseducatius.xtec.cat\/cda-delta\/wp-content\/uploads\/usu1384\/2025\/03\/IMG_1865-1.jpg 1024w\" sizes=\"auto, (max-width: 365px) 100vw, 365px\" \/><\/a><\/p>\n<p style=\"text-align: justify;\">Despr\u00e9s d&#8217;una presentaci\u00f3 a les aules sobre el nostre servei educatiu, vam realitzar l&#8217;activitat anomenada<strong> &#8220;La badia, ecosistema mar\u00ed&#8221;<\/strong>. Quan vam acabar el plantejament de l&#8217;activitat, vam anar direcci\u00f3 al port de La R\u00e0pita a buscar una barca que ens va portar per la badia dels Alfacs on vam poder recollir les mostres i mesures necess\u00e0ries per estudiar-les posteriorment a l&#8217;aula. La part final va consistir en analitzar el pl\u00e0ncton mar\u00ed que vam recollir amb els microscopis i parlar-ne sobre les conclusions aix\u00ed com l&#8217;impacte i la import\u00e0ncia que t\u00e9 el riu Ebre en l&#8217;aportaci\u00f3 de <strong>nutrients i sediments<\/strong> a la mar de l&#8217;Ebre.<\/p>\n<p><a href=\"https:\/\/serveiseducatius.xtec.cat\/cda-delta\/wp-content\/uploads\/usu1384\/2025\/03\/IMG_0658-1-rotated.jpg\"><img loading=\"lazy\" decoding=\"async\" class=\"alignright wp-image-10736\" src=\"https:\/\/serveiseducatius.xtec.cat\/cda-delta\/wp-content\/uploads\/usu1384\/2025\/03\/IMG_0658-1-225x300.jpg\" alt=\"\" width=\"295\" height=\"393\" srcset=\"https:\/\/serveiseducatius.xtec.cat\/cda-delta\/wp-content\/uploads\/usu1384\/2025\/03\/IMG_0658-1-225x300.jpg 225w, https:\/\/serveiseducatius.xtec.cat\/cda-delta\/wp-content\/uploads\/usu1384\/2025\/03\/IMG_0658-1-rotated.jpg 768w\" sizes=\"auto, (max-width: 295px) 100vw, 295px\" \/><\/a><\/p>\n<p><a href=\"https:\/\/serveiseducatius.xtec.cat\/cda-delta\/wp-content\/uploads\/usu1384\/2025\/03\/IMG_1870-1-rotated.jpg\"><img loading=\"lazy\" decoding=\"async\" class=\"alignnone wp-image-10735\" src=\"https:\/\/serveiseducatius.xtec.cat\/cda-delta\/wp-content\/uploads\/usu1384\/2025\/03\/IMG_1870-1-225x300.jpg\" alt=\"\" width=\"295\" height=\"393\" srcset=\"https:\/\/serveiseducatius.xtec.cat\/cda-delta\/wp-content\/uploads\/usu1384\/2025\/03\/IMG_1870-1-225x300.jpg 225w, https:\/\/serveiseducatius.xtec.cat\/cda-delta\/wp-content\/uploads\/usu1384\/2025\/03\/IMG_1870-1-rotated.jpg 768w\" sizes=\"auto, (max-width: 295px) 100vw, 295px\" \/><\/a><\/p>\n<p style=\"text-align: justify;\">Va ser una jornada molt profitosa per a nosaltres i esperem que aix\u00ed ho fos per al professorat assistent. Us <a href=\"https:\/\/sites.google.com\/xtec.cat\/el-goig-ensenyar-ciencies\/10%C3%A8-memorial-2025?authuser=0\" target=\"_blank\" rel=\"noopener\">enllacem la seva p\u00e0gina web<\/a> per si la voleu tafanejar.<\/p>\n<p style=\"text-align: center;\"><a href=\"https:\/\/serveiseducatius.xtec.cat\/cda-delta\/wp-content\/uploads\/usu1384\/2025\/03\/P1304523-1.jpg\"><img loading=\"lazy\" decoding=\"async\" class=\"alignnone wp-image-10737\" src=\"https:\/\/serveiseducatius.xtec.cat\/cda-delta\/wp-content\/uploads\/usu1384\/2025\/03\/P1304523-1-300x200.jpg\" alt=\"\" width=\"412\" height=\"274\" srcset=\"https:\/\/serveiseducatius.xtec.cat\/cda-delta\/wp-content\/uploads\/usu1384\/2025\/03\/P1304523-1-300x200.jpg 300w, https:\/\/serveiseducatius.xtec.cat\/cda-delta\/wp-content\/uploads\/usu1384\/2025\/03\/P1304523-1-768x512.jpg 768w, https:\/\/serveiseducatius.xtec.cat\/cda-delta\/wp-content\/uploads\/usu1384\/2025\/03\/P1304523-1.jpg 1024w\" sizes=\"auto, (max-width: 412px) 100vw, 412px\" \/><\/a><\/p>\n","protected":false},"excerpt":{"rendered":"<p>El passat dissabte, 15 de mar\u00e7, vam rebre al professorat de biologia docent i professorat docent no actiu a les nostres aules per a realitzar la primera sessi\u00f3 de la formaci\u00f3 del 10\u00e8 memorial Antoni Vilaseca organitzada pel CRP de l&#8217;Alt Camp. Cada curs l&#8217;estructuren al voltant de l&#8217;ensenyament de les ci\u00e8ncies naturals i el [&hellip;]<\/p>\n","protected":false},"author":1,"featured_media":10735,"comment_status":"open","ping_status":"closed","sticky":false,"template":"","format":"standard","meta":{"_bbp_topic_count":0,"_bbp_reply_count":0,"_bbp_total_topic_count":0,"_bbp_total_reply_count":0,"_bbp_voice_count":0,"_bbp_anonymous_reply_count":0,"_bbp_topic_count_hidden":0,"_bbp_reply_count_hidden":0,"_bbp_forum_subforum_count":0,"site-sidebar-layout":"default","site-content-layout":"","ast-site-content-layout":"","site-content-style":"default","site-sidebar-style":"default","ast-global-header-display":"","ast-banner-title-visibility":"","ast-main-header-display":"","ast-hfb-above-header-display":"","ast-hfb-below-header-display":"","ast-hfb-mobile-header-display":"","site-post-title":"","ast-breadcrumbs-content":"","ast-featured-img":"","footer-sml-layout":"","theme-transparent-header-meta":"","adv-header-id-meta":"","stick-header-meta":"","header-above-stick-meta":"","header-main-stick-meta":"","header-below-stick-meta":"","astra-migrate-meta-layouts":"default","ast-page-background-enabled":"default","ast-page-background-meta":{"desktop":{"background-color":"var(--ast-global-color-4)","background-image":"","background-repeat":"repeat","background-position":"center center","background-size":"auto","background-attachment":"scroll","background-type":"","background-media":"","overlay-type":"","overlay-color":"","overlay-opacity":"","overlay-gradient":""},"tablet":{"background-color":"","background-image":"","background-repeat":"repeat","background-position":"center center","background-size":"auto","background-attachment":"scroll","background-type":"","background-media":"","overlay-type":"","overlay-color":"","overlay-opacity":"","overlay-gradient":""},"mobile":{"background-color":"","background-image":"","background-repeat":"repeat","background-position":"center center","background-size":"auto","background-attachment":"scroll","background-type":"","background-media":"","overlay-type":"","overlay-color":"","overlay-opacity":"","overlay-gradient":""}},"ast-content-background-meta":{"desktop":{"background-color":"var(--ast-global-color-5)","background-image":"","background-repeat":"repeat","background-position":"center center","background-size":"auto","background-attachment":"scroll","background-type":"","background-media":"","overlay-type":"","overlay-color":"","overlay-opacity":"","overlay-gradient":""},"tablet":{"background-color":"var(--ast-global-color-5)","background-image":"","background-repeat":"repeat","background-position":"center center","background-size":"auto","background-attachment":"scroll","background-type":"","background-media":"","overlay-type":"","overlay-color":"","overlay-opacity":"","overlay-gradient":""},"mobile":{"background-color":"var(--ast-global-color-5)","background-image":"","background-repeat":"repeat","background-position":"center center","background-size":"auto","background-attachment":"scroll","background-type":"","background-media":"","overlay-type":"","overlay-color":"","overlay-opacity":"","overlay-gradient":""}},"footnotes":""},"categories":[262,1,29],"tags":[],"class_list":["post-10733","post","type-post","status-publish","format-standard","has-post-thumbnail","hentry","category-activitats","category-general","category-portada"],"post_mailing_queue_ids":[],"_links":{"self":[{"href":"https:\/\/serveiseducatius.xtec.cat\/cda-delta\/wp-json\/wp\/v2\/posts\/10733","targetHints":{"allow":["GET"]}}],"collection":[{"href":"https:\/\/serveiseducatius.xtec.cat\/cda-delta\/wp-json\/wp\/v2\/posts"}],"about":[{"href":"https:\/\/serveiseducatius.xtec.cat\/cda-delta\/wp-json\/wp\/v2\/types\/post"}],"author":[{"embeddable":true,"href":"https:\/\/serveiseducatius.xtec.cat\/cda-delta\/wp-json\/wp\/v2\/users\/1"}],"replies":[{"embeddable":true,"href":"https:\/\/serveiseducatius.xtec.cat\/cda-delta\/wp-json\/wp\/v2\/comments?post=10733"}],"version-history":[{"count":6,"href":"https:\/\/serveiseducatius.xtec.cat\/cda-delta\/wp-json\/wp\/v2\/posts\/10733\/revisions"}],"predecessor-version":[{"id":10746,"href":"https:\/\/serveiseducatius.xtec.cat\/cda-delta\/wp-json\/wp\/v2\/posts\/10733\/revisions\/10746"}],"wp:featuredmedia":[{"embeddable":true,"href":"https:\/\/serveiseducatius.xtec.cat\/cda-delta\/wp-json\/wp\/v2\/media\/10735"}],"wp:attachment":[{"href":"https:\/\/serveiseducatius.xtec.cat\/cda-delta\/wp-json\/wp\/v2\/media?parent=10733"}],"wp:term":[{"taxonomy":"category","embeddable":true,"href":"https:\/\/serveiseducatius.xtec.cat\/cda-delta\/wp-json\/wp\/v2\/categories?post=10733"},{"taxonomy":"post_tag","embeddable":true,"href":"https:\/\/serveiseducatius.xtec.cat\/cda-delta\/wp-json\/wp\/v2\/tags?post=10733"}],"curies":[{"name":"wp","href":"https:\/\/api.w.org\/{rel}","templated":true}]}}