{"id":26394,"date":"2026-09-01T14:19:11","date_gmt":"2026-09-01T12:19:11","guid":{"rendered":"https:\/\/serveiseducatius.xtec.cat\/cda-cansantoi\/?p=26394"},"modified":"2026-09-01T14:19:11","modified_gmt":"2026-09-01T12:19:11","slug":"resum-meteorologic-juliol-2026","status":"publish","type":"post","link":"https:\/\/serveiseducatius.xtec.cat\/cda-cansantoi\/general\/resum-meteorologic-juliol-2026\/","title":{"rendered":"Resum meteorol\u00f2gic juliol 2026"},"content":{"rendered":"<p>Dades meteorol\u00f2giques extretes de l&#8217;estaci\u00f3 digital <strong>Davis Vantage Pro2 <\/strong>del Camp d&#8217;Aprenentatge.<\/p>\n<p>Podeu consultar les dades en temps real en el seg\u00fcent enlla\u00e7 <a href=\"https:\/\/www.weatherlink.com\/map\/shared\/zuMqtzfGXloMPAw1wzkx4edtWEYUMbkw\" target=\"_blank\" rel=\"noopener\">Weatherlink CdA Can Santoi<\/a><\/p>\n<p>Temperatura mitjana:\u00a0 26.2 \u00baC<br \/>\nTemperatura m\u00e0xima absoluta:\u00a0 \u00a037.8 \u00baC\u00a0 el dia 8<br \/>\nTemperatura m\u00ednima absoluta:\u00a0 \u00a016.4 \u00baC\u00a0 el dia 26<\/p>\n<p><img loading=\"lazy\" decoding=\"async\" class=\"size-medium wp-image-26398 alignleft\" src=\"https:\/\/serveiseducatius.xtec.cat\/cda-cansantoi\/wp-content\/uploads\/usu1385\/2026\/09\/IMG_9912bis-300x203.jpg\" alt=\"\" width=\"300\" height=\"203\" srcset=\"https:\/\/serveiseducatius.xtec.cat\/cda-cansantoi\/wp-content\/uploads\/usu1385\/2026\/09\/IMG_9912bis-300x203.jpg 300w, https:\/\/serveiseducatius.xtec.cat\/cda-cansantoi\/wp-content\/uploads\/usu1385\/2026\/09\/IMG_9912bis.jpg 444w\" sizes=\"auto, (max-width: 300px) 100vw, 300px\" \/><\/p>\n<p>&nbsp;<\/p>\n<p>&nbsp;<\/p>\n<p>&nbsp;<\/p>\n<p>&nbsp;<\/p>\n<p>&nbsp;<\/p>\n<p>Pluja acumulada:\u00a0 2.0\u00a0 L\/m<sup>2<\/sup><\/p>\n<p>Pluja m\u00e0xima en un dia: 2.01 L\/m<sup>2\u00a0<\/sup> el dia 25<sup>\u00a0\u00a0<\/sup><\/p>\n<p>Cop de vent m\u00e0xim:\u00a0 45.1 Km\/h el dia 3<\/p>\n<p>Direcci\u00f3 predominant del vent: ENE<\/p>\n<p>Ha estat un mes amb temperatures molt elevades i\u00a0 diversos pics de calor. La precipitaci\u00f3 ha estat testimonial.<\/p>\n<p>Una dita del mes de juliol:<\/p>\n<p><strong>&#8220;<strong class=\"rQesXe MPyX\" data-sfc-cp=\"\" data-sfc-root=\"ep\" data-complete=\"true\">Al mes de juliol, els temporals a la posta de sol<\/strong>&#8220;<\/strong><\/p>\n<p><a href=\"https:\/\/drive.google.com\/file\/d\/1ak0V9Z1Jxd46iwmscqfX1ZhiAP_oNMft\/view?usp=drive_link\" target=\"_blank\" rel=\"noopener\">Dades del mes<\/a><\/p>\n","protected":false},"excerpt":{"rendered":"<p>Dades meteorol\u00f2giques extretes de l&#8217;estaci\u00f3 digital Davis Vantage Pro2 del Camp d&#8217;Aprenentatge. Podeu consultar les dades en temps real en el seg\u00fcent enlla\u00e7 Weatherlink CdA Can Santoi Temperatura mitjana:\u00a0 26.2 \u00baC Temperatura m\u00e0xima absoluta:\u00a0 \u00a037.8 \u00baC\u00a0 el dia 8 Temperatura m\u00ednima absoluta:\u00a0 \u00a016.4 \u00baC\u00a0 el dia 26 &nbsp; &nbsp; &nbsp; &nbsp; &nbsp; Pluja acumulada:\u00a0 2.0\u00a0 [&hellip;]<\/p>\n","protected":false},"author":3,"featured_media":26398,"comment_status":"open","ping_status":"open","sticky":false,"template":"","format":"standard","meta":{"_bbp_topic_count":0,"_bbp_reply_count":0,"_bbp_total_topic_count":0,"_bbp_total_reply_count":0,"_bbp_voice_count":0,"_bbp_anonymous_reply_count":0,"_bbp_topic_count_hidden":0,"_bbp_reply_count_hidden":0,"_bbp_forum_subforum_count":0,"site-sidebar-layout":"default","site-content-layout":"","ast-site-content-layout":"default","site-content-style":"default","site-sidebar-style":"default","ast-global-header-display":"","ast-banner-title-visibility":"","ast-main-header-display":"","ast-hfb-above-header-display":"","ast-hfb-below-header-display":"","ast-hfb-mobile-header-display":"","site-post-title":"","ast-breadcrumbs-content":"","ast-featured-img":"","footer-sml-layout":"","theme-transparent-header-meta":"default","adv-header-id-meta":"","stick-header-meta":"","header-above-stick-meta":"","header-main-stick-meta":"","header-below-stick-meta":"","astra-migrate-meta-layouts":"set","ast-page-background-enabled":"default","ast-page-background-meta":{"desktop":{"background-color":"var(--ast-global-color-4)","background-image":"","background-repeat":"repeat","background-position":"center center","background-size":"auto","background-attachment":"scroll","background-type":"","background-media":"","overlay-type":"","overlay-color":"","overlay-opacity":"","overlay-gradient":""},"tablet":{"background-color":"","background-image":"","background-repeat":"repeat","background-position":"center center","background-size":"auto","background-attachment":"scroll","background-type":"","background-media":"","overlay-type":"","overlay-color":"","overlay-opacity":"","overlay-gradient":""},"mobile":{"background-color":"","background-image":"","background-repeat":"repeat","background-position":"center center","background-size":"auto","background-attachment":"scroll","background-type":"","background-media":"","overlay-type":"","overlay-color":"","overlay-opacity":"","overlay-gradient":""}},"ast-content-background-meta":{"desktop":{"background-color":"var(--ast-global-color-5)","background-image":"","background-repeat":"repeat","background-position":"center center","background-size":"auto","background-attachment":"scroll","background-type":"","background-media":"","overlay-type":"","overlay-color":"","overlay-opacity":"","overlay-gradient":""},"tablet":{"background-color":"var(--ast-global-color-5)","background-image":"","background-repeat":"repeat","background-position":"center center","background-size":"auto","background-attachment":"scroll","background-type":"","background-media":"","overlay-type":"","overlay-color":"","overlay-opacity":"","overlay-gradient":""},"mobile":{"background-color":"var(--ast-global-color-5)","background-image":"","background-repeat":"repeat","background-position":"center center","background-size":"auto","background-attachment":"scroll","background-type":"","background-media":"","overlay-type":"","overlay-color":"","overlay-opacity":"","overlay-gradient":""}},"footnotes":""},"categories":[286,1,29],"tags":[],"class_list":["post-26394","post","type-post","status-publish","format-standard","has-post-thumbnail","hentry","category-dades-meteorologiques","category-general","category-portada"],"post_mailing_queue_ids":[],"_links":{"self":[{"href":"https:\/\/serveiseducatius.xtec.cat\/cda-cansantoi\/wp-json\/wp\/v2\/posts\/26394","targetHints":{"allow":["GET"]}}],"collection":[{"href":"https:\/\/serveiseducatius.xtec.cat\/cda-cansantoi\/wp-json\/wp\/v2\/posts"}],"about":[{"href":"https:\/\/serveiseducatius.xtec.cat\/cda-cansantoi\/wp-json\/wp\/v2\/types\/post"}],"author":[{"embeddable":true,"href":"https:\/\/serveiseducatius.xtec.cat\/cda-cansantoi\/wp-json\/wp\/v2\/users\/3"}],"replies":[{"embeddable":true,"href":"https:\/\/serveiseducatius.xtec.cat\/cda-cansantoi\/wp-json\/wp\/v2\/comments?post=26394"}],"version-history":[{"count":3,"href":"https:\/\/serveiseducatius.xtec.cat\/cda-cansantoi\/wp-json\/wp\/v2\/posts\/26394\/revisions"}],"predecessor-version":[{"id":26406,"href":"https:\/\/serveiseducatius.xtec.cat\/cda-cansantoi\/wp-json\/wp\/v2\/posts\/26394\/revisions\/26406"}],"wp:featuredmedia":[{"embeddable":true,"href":"https:\/\/serveiseducatius.xtec.cat\/cda-cansantoi\/wp-json\/wp\/v2\/media\/26398"}],"wp:attachment":[{"href":"https:\/\/serveiseducatius.xtec.cat\/cda-cansantoi\/wp-json\/wp\/v2\/media?parent=26394"}],"wp:term":[{"taxonomy":"category","embeddable":true,"href":"https:\/\/serveiseducatius.xtec.cat\/cda-cansantoi\/wp-json\/wp\/v2\/categories?post=26394"},{"taxonomy":"post_tag","embeddable":true,"href":"https:\/\/serveiseducatius.xtec.cat\/cda-cansantoi\/wp-json\/wp\/v2\/tags?post=26394"}],"curies":[{"name":"wp","href":"https:\/\/api.w.org\/{rel}","templated":true}]}}