{"id":24169,"date":"2025-11-05T09:15:15","date_gmt":"2025-11-05T08:15:15","guid":{"rendered":"https:\/\/serveiseducatius.xtec.cat\/cda-cansantoi\/?p=24169"},"modified":"2025-11-05T09:15:15","modified_gmt":"2025-11-05T08:15:15","slug":"de-pep-al-sol-amb-els-new-legends-i-snowboard","status":"publish","type":"post","link":"https:\/\/serveiseducatius.xtec.cat\/cda-cansantoi\/portada\/de-pep-al-sol-amb-els-new-legends-i-snowboard\/","title":{"rendered":"De Pep al Sol amb els New Legends i Snowboard"},"content":{"rendered":"<p>L\u2019alumnat de l\u2019<a href=\"https:\/\/agora.xtec.cat\/escpepventura\/\">escola Pep Ventura<\/a> ha explorat l\u2019energia solar i ha cuinat unes pomes al forn bon\u00edssimes! A m\u00e9s han escalfat aigua i han comprovat com la casa de col\u00f2nies de Can Santoi funciona amb energia solar. Ha estat un plaer rebre\u2019ls al\u00a0<a href=\"https:\/\/serveiseducatius.xtec.cat\/cda-cansantoi\/\">Camp d\u2019Aprenentatge de Can Santoi<\/a>.<\/p>\n<p><img loading=\"lazy\" decoding=\"async\" class=\"wp-image-24173 alignleft\" src=\"https:\/\/serveiseducatius.xtec.cat\/cda-cansantoi\/wp-content\/uploads\/usu1385\/2025\/11\/IMG_7990-260x300.jpg\" alt=\"\" width=\"216\" height=\"249\" srcset=\"https:\/\/serveiseducatius.xtec.cat\/cda-cansantoi\/wp-content\/uploads\/usu1385\/2025\/11\/IMG_7990-260x300.jpg 260w, https:\/\/serveiseducatius.xtec.cat\/cda-cansantoi\/wp-content\/uploads\/usu1385\/2025\/11\/IMG_7990.jpg 555w\" sizes=\"auto, (max-width: 216px) 100vw, 216px\" \/><\/p>\n<p>L\u2019alumnat ha comparat com funciona el sistema d\u2019aig\u00fces a casa seva amb el de Can Santoi! Bones reflexions sobre les energies renovables! Han treballat molt b\u00e9 a l&#8217;escola els circuits el\u00e8ctrics i venien molt preparats.<\/p>\n<p><img loading=\"lazy\" decoding=\"async\" class=\"alignright wp-image-24171\" src=\"https:\/\/serveiseducatius.xtec.cat\/cda-cansantoi\/wp-content\/uploads\/usu1385\/2025\/11\/1762329822127.jpg\" alt=\"\" width=\"225\" height=\"301\" \/><\/p>\n<p>El grup s\u2019ha dividit en tres grups per explorar el poder calor\u00edfic del sol, els primers han fet de cuiners i cuineres amb un forn solar parab\u00f2lic i una olla de color negre, els segons tamb\u00e9 han cuinat per\u00f2 amb una olla de color blanc! Quines pomes m\u00e9s bones que han cuinat! Un bon postres per despr\u00e9s de dinar! El tercer grup ha comprovat com la calor del sol permet escalfar aigua, i \u00e9s que el color negre + l\u2019efecte hivernacle + l\u2019energia calor\u00edfica del sol t\u00e9 un potencial infinit! Aigua per dutxar-se i molt m\u00e9s, gaireb\u00e9 80 graus cent\u00edgrads de temperatura en 2 hores! Hem ent\u00e8s perqu\u00e8 un vidre fa m\u00e9s efecte hivernacle que dos.<\/p>\n<p>&nbsp;<\/p>\n<p><img loading=\"lazy\" decoding=\"async\" class=\"wp-image-24170 alignleft\" src=\"https:\/\/serveiseducatius.xtec.cat\/cda-cansantoi\/wp-content\/uploads\/usu1385\/2025\/11\/1762329822112.jpg\" alt=\"\" width=\"250\" height=\"187\" \/><\/p>\n<p>Finalment i per acabar, tot l\u2019alumnat ha realitzat un taller d\u2019energia fotovoltaica, la llum del sol tamb\u00e9 \u00e9s energia i pot transformar-se en electricitat gr\u00e0cies al silici que formen les plaques! Hem fet funcionar un molinet i hem testat diferents condicions experimentals!<\/p>\n<p>Us esperem ben aviat!<\/p>\n<p><img loading=\"lazy\" decoding=\"async\" class=\" wp-image-24172 aligncenter\" src=\"https:\/\/serveiseducatius.xtec.cat\/cda-cansantoi\/wp-content\/uploads\/usu1385\/2025\/11\/IMG_7989-1-225x300.jpg\" alt=\"\" width=\"206\" height=\"275\" srcset=\"https:\/\/serveiseducatius.xtec.cat\/cda-cansantoi\/wp-content\/uploads\/usu1385\/2025\/11\/IMG_7989-1-225x300.jpg 225w, https:\/\/serveiseducatius.xtec.cat\/cda-cansantoi\/wp-content\/uploads\/usu1385\/2025\/11\/IMG_7989-1.jpg 480w\" sizes=\"auto, (max-width: 206px) 100vw, 206px\" \/><\/p>\n<p>&nbsp;<\/p>\n","protected":false},"excerpt":{"rendered":"<p>L\u2019alumnat de l\u2019escola Pep Ventura ha explorat l\u2019energia solar i ha cuinat unes pomes al forn bon\u00edssimes! A m\u00e9s han escalfat aigua i han comprovat com la casa de col\u00f2nies de Can Santoi funciona amb energia solar. Ha estat un plaer rebre\u2019ls al\u00a0Camp d\u2019Aprenentatge de Can Santoi. L\u2019alumnat ha comparat com funciona el sistema d\u2019aig\u00fces [&hellip;]<\/p>\n","protected":false},"author":3,"featured_media":24174,"comment_status":"open","ping_status":"open","sticky":false,"template":"","format":"standard","meta":{"_bbp_topic_count":0,"_bbp_reply_count":0,"_bbp_total_topic_count":0,"_bbp_total_reply_count":0,"_bbp_voice_count":0,"_bbp_anonymous_reply_count":0,"_bbp_topic_count_hidden":0,"_bbp_reply_count_hidden":0,"_bbp_forum_subforum_count":0,"site-sidebar-layout":"default","site-content-layout":"","ast-site-content-layout":"default","site-content-style":"default","site-sidebar-style":"default","ast-global-header-display":"","ast-banner-title-visibility":"","ast-main-header-display":"","ast-hfb-above-header-display":"","ast-hfb-below-header-display":"","ast-hfb-mobile-header-display":"","site-post-title":"","ast-breadcrumbs-content":"","ast-featured-img":"","footer-sml-layout":"","theme-transparent-header-meta":"default","adv-header-id-meta":"","stick-header-meta":"","header-above-stick-meta":"","header-main-stick-meta":"","header-below-stick-meta":"","astra-migrate-meta-layouts":"set","ast-page-background-enabled":"default","ast-page-background-meta":{"desktop":{"background-color":"var(--ast-global-color-4)","background-image":"","background-repeat":"repeat","background-position":"center center","background-size":"auto","background-attachment":"scroll","background-type":"","background-media":"","overlay-type":"","overlay-color":"","overlay-opacity":"","overlay-gradient":""},"tablet":{"background-color":"","background-image":"","background-repeat":"repeat","background-position":"center center","background-size":"auto","background-attachment":"scroll","background-type":"","background-media":"","overlay-type":"","overlay-color":"","overlay-opacity":"","overlay-gradient":""},"mobile":{"background-color":"","background-image":"","background-repeat":"repeat","background-position":"center center","background-size":"auto","background-attachment":"scroll","background-type":"","background-media":"","overlay-type":"","overlay-color":"","overlay-opacity":"","overlay-gradient":""}},"ast-content-background-meta":{"desktop":{"background-color":"var(--ast-global-color-5)","background-image":"","background-repeat":"repeat","background-position":"center center","background-size":"auto","background-attachment":"scroll","background-type":"","background-media":"","overlay-type":"","overlay-color":"","overlay-opacity":"","overlay-gradient":""},"tablet":{"background-color":"var(--ast-global-color-5)","background-image":"","background-repeat":"repeat","background-position":"center center","background-size":"auto","background-attachment":"scroll","background-type":"","background-media":"","overlay-type":"","overlay-color":"","overlay-opacity":"","overlay-gradient":""},"mobile":{"background-color":"var(--ast-global-color-5)","background-image":"","background-repeat":"repeat","background-position":"center center","background-size":"auto","background-attachment":"scroll","background-type":"","background-media":"","overlay-type":"","overlay-color":"","overlay-opacity":"","overlay-gradient":""}},"footnotes":""},"categories":[395,393,399,397,289,29],"tags":[],"class_list":["post-24169","post","type-post","status-publish","format-standard","has-post-thumbnail","hentry","category-aprendreambelscampsientorns","category-campsientornsdaprenentatge","category-projectecda","category-sortidacda","category-energia-solar","category-portada"],"post_mailing_queue_ids":[],"_links":{"self":[{"href":"https:\/\/serveiseducatius.xtec.cat\/cda-cansantoi\/wp-json\/wp\/v2\/posts\/24169","targetHints":{"allow":["GET"]}}],"collection":[{"href":"https:\/\/serveiseducatius.xtec.cat\/cda-cansantoi\/wp-json\/wp\/v2\/posts"}],"about":[{"href":"https:\/\/serveiseducatius.xtec.cat\/cda-cansantoi\/wp-json\/wp\/v2\/types\/post"}],"author":[{"embeddable":true,"href":"https:\/\/serveiseducatius.xtec.cat\/cda-cansantoi\/wp-json\/wp\/v2\/users\/3"}],"replies":[{"embeddable":true,"href":"https:\/\/serveiseducatius.xtec.cat\/cda-cansantoi\/wp-json\/wp\/v2\/comments?post=24169"}],"version-history":[{"count":1,"href":"https:\/\/serveiseducatius.xtec.cat\/cda-cansantoi\/wp-json\/wp\/v2\/posts\/24169\/revisions"}],"predecessor-version":[{"id":24175,"href":"https:\/\/serveiseducatius.xtec.cat\/cda-cansantoi\/wp-json\/wp\/v2\/posts\/24169\/revisions\/24175"}],"wp:featuredmedia":[{"embeddable":true,"href":"https:\/\/serveiseducatius.xtec.cat\/cda-cansantoi\/wp-json\/wp\/v2\/media\/24174"}],"wp:attachment":[{"href":"https:\/\/serveiseducatius.xtec.cat\/cda-cansantoi\/wp-json\/wp\/v2\/media?parent=24169"}],"wp:term":[{"taxonomy":"category","embeddable":true,"href":"https:\/\/serveiseducatius.xtec.cat\/cda-cansantoi\/wp-json\/wp\/v2\/categories?post=24169"},{"taxonomy":"post_tag","embeddable":true,"href":"https:\/\/serveiseducatius.xtec.cat\/cda-cansantoi\/wp-json\/wp\/v2\/tags?post=24169"}],"curies":[{"name":"wp","href":"https:\/\/api.w.org\/{rel}","templated":true}]}}