{"id":24130,"date":"2025-10-29T15:28:48","date_gmt":"2025-10-29T14:28:48","guid":{"rendered":"https:\/\/serveiseducatius.xtec.cat\/cda-cansantoi\/?p=24130"},"modified":"2025-11-10T13:17:37","modified_gmt":"2025-11-10T12:17:37","slug":"els-modernistes-agafen-bolets-a-primera-vista","status":"publish","type":"post","link":"https:\/\/serveiseducatius.xtec.cat\/cda-cansantoi\/general\/els-modernistes-agafen-bolets-a-primera-vista\/","title":{"rendered":"Els modernistes agafen bolets a primera vista"},"content":{"rendered":"<p>L&#8217;alumnat de 6\u00e8 de l&#8217;escola <a href=\"https:\/\/agora.xtec.cat\/ceipmatildeordunya\/\">Matilde Ordu\u00f1a<\/a> d&#8217;Esplugues explora <a href=\"http:\/\/www.xtec.cat\/cda-cansantoi\/Temps_de_bolets_csp.pdf\">els bolets<\/a> avui dimecres dia 29 d&#8217;octubre mentre els seus companys i companyes de 3r descobreixen <a href=\"https:\/\/serveiseducatius.xtec.cat\/cda-cansantoi\/general\/la-classe-de-la-colonia-guell-visita-el-bosc-encantat-de-collserola\/\">el bosc<\/a> encantat de Collserola.<\/p>\n<p>Quina bona colla de boletaires i quina bona recol\u00b7lecta tot i el vent de ponent que fa uns dies va assecar for\u00e7a el bosc.<\/p>\n<p>En primer lloc, han comen\u00e7at descobrint les principals caracter\u00edstiques del regne del fongs, aprenent les difer\u00e8ncies que hi ha entre un fong i un bolet. A m\u00e9s de parlar d\u2019alguns bolets comestibles i d\u2019altres de metzinosos, tamb\u00e9 s\u2019han adonat que hi ha alguns tipus de fongs que poden observar de manera quotidiana, com ara les floridures que apareixen a la fruita en mal estat.<\/p>\n<p><img loading=\"lazy\" decoding=\"async\" class=\"alignright wp-image-24149\" src=\"https:\/\/serveiseducatius.xtec.cat\/cda-cansantoi\/wp-content\/uploads\/usu1385\/2025\/10\/IMG_7977-225x300.jpg\" alt=\"\" width=\"164\" height=\"219\" srcset=\"https:\/\/serveiseducatius.xtec.cat\/cda-cansantoi\/wp-content\/uploads\/usu1385\/2025\/10\/IMG_7977-225x300.jpg 225w, https:\/\/serveiseducatius.xtec.cat\/cda-cansantoi\/wp-content\/uploads\/usu1385\/2025\/10\/IMG_7977.jpg 480w\" sizes=\"auto, (max-width: 164px) 100vw, 164px\" \/> <img loading=\"lazy\" decoding=\"async\" class=\"wp-image-24148 alignleft\" src=\"https:\/\/serveiseducatius.xtec.cat\/cda-cansantoi\/wp-content\/uploads\/usu1385\/2025\/10\/IMG_7979-281x300.jpg\" alt=\"\" width=\"206\" height=\"220\" srcset=\"https:\/\/serveiseducatius.xtec.cat\/cda-cansantoi\/wp-content\/uploads\/usu1385\/2025\/10\/IMG_7979-281x300.jpg 281w, https:\/\/serveiseducatius.xtec.cat\/cda-cansantoi\/wp-content\/uploads\/usu1385\/2025\/10\/IMG_7979.jpg 599w\" sizes=\"auto, (max-width: 206px) 100vw, 206px\" \/><\/p>\n<p>Despr\u00e9s d\u2019esmorzar s\u2019han organitzat en grups i amb un cistell han sortit a buscar bolets pels diferents ambients vegetals que es troben al voltant del\u00a0<a href=\"https:\/\/maps.app.goo.gl\/EX1e9aASxiHEytAG6\" target=\"_blank\" rel=\"noopener\">Pont de la Sib\u00e8ria<\/a>, com ara l\u2019alzinar, el bosc de ribera o els camins vora la Riera de Vallvidrera, on han tingut la gran sort de trobar una <a href=\"https:\/\/serveiseducatius.xtec.cat\/cda-cansantoi\/general\/les-salamandres-i-lamenaca-del-quitridi-un-fong-perillos-per-als-amfibis\/\">salamandra, un amfibi protegit a la zona de Collserola<\/a>. Han fet un inventari posant nom a tots els exemplars trobats i a un full de recol\u00b7lecci\u00f3 han anotat tant el tipus de substrat com el de creixement de cadascun dels bolets.<\/p>\n<p>Un cop de nou al <a href=\"https:\/\/serveiseducatius.xtec.cat\/cda-cansantoi\/el-camp\/presentacio\/\">Camp d\u2019Aprenentatge<\/a> han fet una exposici\u00f3 de tots els exemplars recol\u00b7lectats. Han investigat a fons un bolet t\u00edpic, amb peu i barret, que han escollit d\u2019entre totes les mostres, i han completat seva la feina d\u2019investigaci\u00f3 observant diversos tipus d\u2019espores al microscopi i veient diferents himenis amb les lupes binoculars.<\/p>\n<p><img loading=\"lazy\" decoding=\"async\" class=\"alignright size-medium wp-image-24144\" src=\"https:\/\/serveiseducatius.xtec.cat\/cda-cansantoi\/wp-content\/uploads\/usu1385\/2025\/10\/IMG_7974-212x300.jpg\" alt=\"\" width=\"212\" height=\"300\" srcset=\"https:\/\/serveiseducatius.xtec.cat\/cda-cansantoi\/wp-content\/uploads\/usu1385\/2025\/10\/IMG_7974-212x300.jpg 212w, https:\/\/serveiseducatius.xtec.cat\/cda-cansantoi\/wp-content\/uploads\/usu1385\/2025\/10\/IMG_7974.jpg 452w\" sizes=\"auto, (max-width: 212px) 100vw, 212px\" \/> <img loading=\"lazy\" decoding=\"async\" class=\"size-medium wp-image-24145 alignleft\" src=\"https:\/\/serveiseducatius.xtec.cat\/cda-cansantoi\/wp-content\/uploads\/usu1385\/2025\/10\/IMG_7972-225x300.jpg\" alt=\"\" width=\"225\" height=\"300\" srcset=\"https:\/\/serveiseducatius.xtec.cat\/cda-cansantoi\/wp-content\/uploads\/usu1385\/2025\/10\/IMG_7972-225x300.jpg 225w, https:\/\/serveiseducatius.xtec.cat\/cda-cansantoi\/wp-content\/uploads\/usu1385\/2025\/10\/IMG_7972.jpg 480w\" sizes=\"auto, (max-width: 225px) 100vw, 225px\" \/><\/p>\n<p>&nbsp;<\/p>\n<p>&nbsp;<\/p>\n<p>&nbsp;<\/p>\n<p>&nbsp;<\/p>\n<p>&nbsp;<\/p>\n<p>&nbsp;<\/p>\n<p>&nbsp;<\/p>\n<p>&nbsp;<\/p>\n<p>Enhorabona per la vostra gran tasca i inter\u00e8s! Fins la propera!<\/p>\n<p><img loading=\"lazy\" decoding=\"async\" class=\"size-medium wp-image-24143 aligncenter\" src=\"https:\/\/serveiseducatius.xtec.cat\/cda-cansantoi\/wp-content\/uploads\/usu1385\/2025\/10\/IMG_7975-1-230x300.jpg\" alt=\"\" width=\"230\" height=\"300\" srcset=\"https:\/\/serveiseducatius.xtec.cat\/cda-cansantoi\/wp-content\/uploads\/usu1385\/2025\/10\/IMG_7975-1-230x300.jpg 230w, https:\/\/serveiseducatius.xtec.cat\/cda-cansantoi\/wp-content\/uploads\/usu1385\/2025\/10\/IMG_7975-1.jpg 490w\" sizes=\"auto, (max-width: 230px) 100vw, 230px\" \/><\/p>\n<p>&nbsp;<\/p>\n","protected":false},"excerpt":{"rendered":"<p>L&#8217;alumnat de 6\u00e8 de l&#8217;escola Matilde Ordu\u00f1a d&#8217;Esplugues explora els bolets avui dimecres dia 29 d&#8217;octubre mentre els seus companys i companyes de 3r descobreixen el bosc encantat de Collserola. Quina bona colla de boletaires i quina bona recol\u00b7lecta tot i el vent de ponent que fa uns dies va assecar for\u00e7a el bosc. En [&hellip;]<\/p>\n","protected":false},"author":3,"featured_media":24146,"comment_status":"open","ping_status":"open","sticky":false,"template":"","format":"standard","meta":{"_bbp_topic_count":0,"_bbp_reply_count":0,"_bbp_total_topic_count":0,"_bbp_total_reply_count":0,"_bbp_voice_count":0,"_bbp_anonymous_reply_count":0,"_bbp_topic_count_hidden":0,"_bbp_reply_count_hidden":0,"_bbp_forum_subforum_count":0,"site-sidebar-layout":"default","site-content-layout":"","ast-site-content-layout":"default","site-content-style":"default","site-sidebar-style":"default","ast-global-header-display":"","ast-banner-title-visibility":"","ast-main-header-display":"","ast-hfb-above-header-display":"","ast-hfb-below-header-display":"","ast-hfb-mobile-header-display":"","site-post-title":"","ast-breadcrumbs-content":"","ast-featured-img":"","footer-sml-layout":"","theme-transparent-header-meta":"default","adv-header-id-meta":"","stick-header-meta":"","header-above-stick-meta":"","header-main-stick-meta":"","header-below-stick-meta":"","astra-migrate-meta-layouts":"set","ast-page-background-enabled":"default","ast-page-background-meta":{"desktop":{"background-color":"var(--ast-global-color-4)","background-image":"","background-repeat":"repeat","background-position":"center center","background-size":"auto","background-attachment":"scroll","background-type":"","background-media":"","overlay-type":"","overlay-color":"","overlay-opacity":"","overlay-gradient":""},"tablet":{"background-color":"","background-image":"","background-repeat":"repeat","background-position":"center center","background-size":"auto","background-attachment":"scroll","background-type":"","background-media":"","overlay-type":"","overlay-color":"","overlay-opacity":"","overlay-gradient":""},"mobile":{"background-color":"","background-image":"","background-repeat":"repeat","background-position":"center center","background-size":"auto","background-attachment":"scroll","background-type":"","background-media":"","overlay-type":"","overlay-color":"","overlay-opacity":"","overlay-gradient":""}},"ast-content-background-meta":{"desktop":{"background-color":"var(--ast-global-color-5)","background-image":"","background-repeat":"repeat","background-position":"center center","background-size":"auto","background-attachment":"scroll","background-type":"","background-media":"","overlay-type":"","overlay-color":"","overlay-opacity":"","overlay-gradient":""},"tablet":{"background-color":"var(--ast-global-color-5)","background-image":"","background-repeat":"repeat","background-position":"center center","background-size":"auto","background-attachment":"scroll","background-type":"","background-media":"","overlay-type":"","overlay-color":"","overlay-opacity":"","overlay-gradient":""},"mobile":{"background-color":"var(--ast-global-color-5)","background-image":"","background-repeat":"repeat","background-position":"center center","background-size":"auto","background-attachment":"scroll","background-type":"","background-media":"","overlay-type":"","overlay-color":"","overlay-opacity":"","overlay-gradient":""}},"footnotes":""},"categories":[395,393,399,397,387,1,29],"tags":[],"class_list":["post-24130","post","type-post","status-publish","format-standard","has-post-thumbnail","hentry","category-aprendreambelscampsientorns","category-campsientornsdaprenentatge","category-projectecda","category-sortidacda","category-bolets","category-general","category-portada"],"post_mailing_queue_ids":[],"_links":{"self":[{"href":"https:\/\/serveiseducatius.xtec.cat\/cda-cansantoi\/wp-json\/wp\/v2\/posts\/24130","targetHints":{"allow":["GET"]}}],"collection":[{"href":"https:\/\/serveiseducatius.xtec.cat\/cda-cansantoi\/wp-json\/wp\/v2\/posts"}],"about":[{"href":"https:\/\/serveiseducatius.xtec.cat\/cda-cansantoi\/wp-json\/wp\/v2\/types\/post"}],"author":[{"embeddable":true,"href":"https:\/\/serveiseducatius.xtec.cat\/cda-cansantoi\/wp-json\/wp\/v2\/users\/3"}],"replies":[{"embeddable":true,"href":"https:\/\/serveiseducatius.xtec.cat\/cda-cansantoi\/wp-json\/wp\/v2\/comments?post=24130"}],"version-history":[{"count":4,"href":"https:\/\/serveiseducatius.xtec.cat\/cda-cansantoi\/wp-json\/wp\/v2\/posts\/24130\/revisions"}],"predecessor-version":[{"id":24214,"href":"https:\/\/serveiseducatius.xtec.cat\/cda-cansantoi\/wp-json\/wp\/v2\/posts\/24130\/revisions\/24214"}],"wp:featuredmedia":[{"embeddable":true,"href":"https:\/\/serveiseducatius.xtec.cat\/cda-cansantoi\/wp-json\/wp\/v2\/media\/24146"}],"wp:attachment":[{"href":"https:\/\/serveiseducatius.xtec.cat\/cda-cansantoi\/wp-json\/wp\/v2\/media?parent=24130"}],"wp:term":[{"taxonomy":"category","embeddable":true,"href":"https:\/\/serveiseducatius.xtec.cat\/cda-cansantoi\/wp-json\/wp\/v2\/categories?post=24130"},{"taxonomy":"post_tag","embeddable":true,"href":"https:\/\/serveiseducatius.xtec.cat\/cda-cansantoi\/wp-json\/wp\/v2\/tags?post=24130"}],"curies":[{"name":"wp","href":"https:\/\/api.w.org\/{rel}","templated":true}]}}