{"id":24102,"date":"2025-10-27T09:44:22","date_gmt":"2025-10-27T08:44:22","guid":{"rendered":"https:\/\/serveiseducatius.xtec.cat\/cda-cansantoi\/?p=24102"},"modified":"2025-10-27T09:44:22","modified_gmt":"2025-10-27T08:44:22","slug":"els-investigadors-del-temps-del-miquel-marti-i-pol-estudien-meteorologia","status":"publish","type":"post","link":"https:\/\/serveiseducatius.xtec.cat\/cda-cansantoi\/portada\/els-investigadors-del-temps-del-miquel-marti-i-pol-estudien-meteorologia\/","title":{"rendered":"Els investigadors del Temps del Miquel Mart\u00ed i Pol estudien meteorologia"},"content":{"rendered":"<p>Tanquem setmana al Camp d&#8217;Aprenentatge de Can Santoi amb la visita de l&#8217;alumnat de 5\u00e8 de l&#8217;<a href=\"https:\/\/agora.xtec.cat\/escolamartipolsantfeliu\/\">escola Miquel Mart\u00ed i Pol<\/a> de Sant Feliu de Llobregat amb l&#8217;activitat de <a href=\"http:\/\/www.xtec.cat\/cda-cansantoi\/Meteorologia_csp.pdf\">meteorologia<\/a>. Les classes dels Gremis i els Amishm han investigat excel\u00b7lentment el temps per aquest cap de setmana, plugims dispersos per tot el pa\u00eds.<\/p>\n<p>Per comen\u00e7ar han vist els diferents aparells que ens permeten con\u00e8ixer la temperatura (els term\u00f2metres d\u2019aire, de m\u00e0xima i m\u00ednima, d\u2019aigua i de terra), la quantitat de pluja que ha caigut (el pluvi\u00f2metre), la velocitat del vent (l\u2019anem\u00f2metre) i la seva direcci\u00f3 (el penell, ajudant-se d\u2019una br\u00faixola per orientar-lo) i l&#8217;higr\u00f2metre. Han fet una gimcana on han apr\u00e8s a utilitzar tots aquests aparells i han registrat totes les dades en una fitxa amb les seves unitats corresponents.<\/p>\n<p><img loading=\"lazy\" decoding=\"async\" class=\"alignright size-medium wp-image-24105\" src=\"https:\/\/serveiseducatius.xtec.cat\/cda-cansantoi\/wp-content\/uploads\/usu1385\/2025\/10\/IMG_7957-244x300.jpg\" alt=\"\" width=\"244\" height=\"300\" srcset=\"https:\/\/serveiseducatius.xtec.cat\/cda-cansantoi\/wp-content\/uploads\/usu1385\/2025\/10\/IMG_7957-244x300.jpg 244w, https:\/\/serveiseducatius.xtec.cat\/cda-cansantoi\/wp-content\/uploads\/usu1385\/2025\/10\/IMG_7957.jpg 520w\" sizes=\"auto, (max-width: 244px) 100vw, 244px\" \/> <img loading=\"lazy\" decoding=\"async\" class=\"size-medium wp-image-24106 alignleft\" src=\"https:\/\/serveiseducatius.xtec.cat\/cda-cansantoi\/wp-content\/uploads\/usu1385\/2025\/10\/IMG_7956-263x300.jpg\" alt=\"\" width=\"263\" height=\"300\" srcset=\"https:\/\/serveiseducatius.xtec.cat\/cda-cansantoi\/wp-content\/uploads\/usu1385\/2025\/10\/IMG_7956-263x300.jpg 263w, https:\/\/serveiseducatius.xtec.cat\/cda-cansantoi\/wp-content\/uploads\/usu1385\/2025\/10\/IMG_7956.jpg 561w\" sizes=\"auto, (max-width: 263px) 100vw, 263px\" \/><\/p>\n<p>Seguidament han utilitzat la seva pell com un term\u00f2metre i han vist que nosaltres tamb\u00e9 percebem la temperatura, per\u00f2 cadasc\u00fa amb petites difer\u00e8ncies. Han comparat el que havien notat amb la temperatura real que marcaven els term\u00f2metres i han vist com canviava una mica segons la percepci\u00f3 de cadasc\u00fa de nosaltres.<\/p>\n<p>Tamb\u00e9 han vist tant l\u2019estaci\u00f3 meteorol\u00f2gica digital com la caseta meteorol\u00f2gica, on han pres nota de les dades meteorol\u00f2giques del dia d\u2019avui. L&#8217;alumnat ha estat molt viu i ens ha descobert que a la seva escola tamb\u00e9 tenen una<a href=\"https:\/\/www.weatherlink.com\/map\/shared\/zo3sVeuG55GuLcp16fbuE72krZzKgZoR\"> estaci\u00f3 meteorol\u00f2gica weatherlink<\/a> com la de Can Santoi! Consulteu-ne les dades!<\/p>\n<p>Per acabar, s\u2019han centrat en una de les feines dels meteor\u00f2legs i meteor\u00f2logues: la predicci\u00f3 del temps. Han preparat el mapa del temps de dem\u00e0, a partir del de la web del\u00a0<a href=\"https:\/\/www.meteo.cat\/prediccio\/general\">Servei Meteorol\u00f2gic de Catalunya<\/a>, i s\u2019han repartit, per equips, les diferents tasques que s\u2019han de fer per poder gravar-la com si estiguessin a un plat\u00f3 de televisi\u00f3. Han fet una feina molt professional.<\/p>\n<p>A partir d\u2019ara es miraran el cel amb uns altres ulls. Gr\u00e0cies per la vostra visita! Us esperem ben aviat!<\/p>\n<p><img loading=\"lazy\" decoding=\"async\" class=\"size-medium wp-image-24104 aligncenter\" src=\"https:\/\/serveiseducatius.xtec.cat\/cda-cansantoi\/wp-content\/uploads\/usu1385\/2025\/10\/IMG_7958-300x225.jpg\" alt=\"\" width=\"300\" height=\"225\" srcset=\"https:\/\/serveiseducatius.xtec.cat\/cda-cansantoi\/wp-content\/uploads\/usu1385\/2025\/10\/IMG_7958-300x225.jpg 300w, https:\/\/serveiseducatius.xtec.cat\/cda-cansantoi\/wp-content\/uploads\/usu1385\/2025\/10\/IMG_7958.jpg 640w\" sizes=\"auto, (max-width: 300px) 100vw, 300px\" \/><\/p>\n<p>&nbsp;<\/p>\n<p>&nbsp;<\/p>\n","protected":false},"excerpt":{"rendered":"<p>Tanquem setmana al Camp d&#8217;Aprenentatge de Can Santoi amb la visita de l&#8217;alumnat de 5\u00e8 de l&#8217;escola Miquel Mart\u00ed i Pol de Sant Feliu de Llobregat amb l&#8217;activitat de meteorologia. Les classes dels Gremis i els Amishm han investigat excel\u00b7lentment el temps per aquest cap de setmana, plugims dispersos per tot el pa\u00eds. Per comen\u00e7ar [&hellip;]<\/p>\n","protected":false},"author":3,"featured_media":24105,"comment_status":"open","ping_status":"open","sticky":false,"template":"","format":"standard","meta":{"_bbp_topic_count":0,"_bbp_reply_count":0,"_bbp_total_topic_count":0,"_bbp_total_reply_count":0,"_bbp_voice_count":0,"_bbp_anonymous_reply_count":0,"_bbp_topic_count_hidden":0,"_bbp_reply_count_hidden":0,"_bbp_forum_subforum_count":0,"site-sidebar-layout":"default","site-content-layout":"","ast-site-content-layout":"default","site-content-style":"default","site-sidebar-style":"default","ast-global-header-display":"","ast-banner-title-visibility":"","ast-main-header-display":"","ast-hfb-above-header-display":"","ast-hfb-below-header-display":"","ast-hfb-mobile-header-display":"","site-post-title":"","ast-breadcrumbs-content":"","ast-featured-img":"","footer-sml-layout":"","theme-transparent-header-meta":"default","adv-header-id-meta":"","stick-header-meta":"","header-above-stick-meta":"","header-main-stick-meta":"","header-below-stick-meta":"","astra-migrate-meta-layouts":"set","ast-page-background-enabled":"default","ast-page-background-meta":{"desktop":{"background-color":"var(--ast-global-color-4)","background-image":"","background-repeat":"repeat","background-position":"center center","background-size":"auto","background-attachment":"scroll","background-type":"","background-media":"","overlay-type":"","overlay-color":"","overlay-opacity":"","overlay-gradient":""},"tablet":{"background-color":"","background-image":"","background-repeat":"repeat","background-position":"center center","background-size":"auto","background-attachment":"scroll","background-type":"","background-media":"","overlay-type":"","overlay-color":"","overlay-opacity":"","overlay-gradient":""},"mobile":{"background-color":"","background-image":"","background-repeat":"repeat","background-position":"center center","background-size":"auto","background-attachment":"scroll","background-type":"","background-media":"","overlay-type":"","overlay-color":"","overlay-opacity":"","overlay-gradient":""}},"ast-content-background-meta":{"desktop":{"background-color":"var(--ast-global-color-5)","background-image":"","background-repeat":"repeat","background-position":"center center","background-size":"auto","background-attachment":"scroll","background-type":"","background-media":"","overlay-type":"","overlay-color":"","overlay-opacity":"","overlay-gradient":""},"tablet":{"background-color":"var(--ast-global-color-5)","background-image":"","background-repeat":"repeat","background-position":"center center","background-size":"auto","background-attachment":"scroll","background-type":"","background-media":"","overlay-type":"","overlay-color":"","overlay-opacity":"","overlay-gradient":""},"mobile":{"background-color":"var(--ast-global-color-5)","background-image":"","background-repeat":"repeat","background-position":"center center","background-size":"auto","background-attachment":"scroll","background-type":"","background-media":"","overlay-type":"","overlay-color":"","overlay-opacity":"","overlay-gradient":""}},"footnotes":""},"categories":[395,393,399,397,287,29],"tags":[],"class_list":["post-24102","post","type-post","status-publish","format-standard","has-post-thumbnail","hentry","category-aprendreambelscampsientorns","category-campsientornsdaprenentatge","category-projectecda","category-sortidacda","category-meteorologia","category-portada"],"post_mailing_queue_ids":[],"_links":{"self":[{"href":"https:\/\/serveiseducatius.xtec.cat\/cda-cansantoi\/wp-json\/wp\/v2\/posts\/24102","targetHints":{"allow":["GET"]}}],"collection":[{"href":"https:\/\/serveiseducatius.xtec.cat\/cda-cansantoi\/wp-json\/wp\/v2\/posts"}],"about":[{"href":"https:\/\/serveiseducatius.xtec.cat\/cda-cansantoi\/wp-json\/wp\/v2\/types\/post"}],"author":[{"embeddable":true,"href":"https:\/\/serveiseducatius.xtec.cat\/cda-cansantoi\/wp-json\/wp\/v2\/users\/3"}],"replies":[{"embeddable":true,"href":"https:\/\/serveiseducatius.xtec.cat\/cda-cansantoi\/wp-json\/wp\/v2\/comments?post=24102"}],"version-history":[{"count":2,"href":"https:\/\/serveiseducatius.xtec.cat\/cda-cansantoi\/wp-json\/wp\/v2\/posts\/24102\/revisions"}],"predecessor-version":[{"id":24107,"href":"https:\/\/serveiseducatius.xtec.cat\/cda-cansantoi\/wp-json\/wp\/v2\/posts\/24102\/revisions\/24107"}],"wp:featuredmedia":[{"embeddable":true,"href":"https:\/\/serveiseducatius.xtec.cat\/cda-cansantoi\/wp-json\/wp\/v2\/media\/24105"}],"wp:attachment":[{"href":"https:\/\/serveiseducatius.xtec.cat\/cda-cansantoi\/wp-json\/wp\/v2\/media?parent=24102"}],"wp:term":[{"taxonomy":"category","embeddable":true,"href":"https:\/\/serveiseducatius.xtec.cat\/cda-cansantoi\/wp-json\/wp\/v2\/categories?post=24102"},{"taxonomy":"post_tag","embeddable":true,"href":"https:\/\/serveiseducatius.xtec.cat\/cda-cansantoi\/wp-json\/wp\/v2\/tags?post=24102"}],"curies":[{"name":"wp","href":"https:\/\/api.w.org\/{rel}","templated":true}]}}