{"id":23756,"date":"2025-07-10T12:33:42","date_gmt":"2025-07-10T10:33:42","guid":{"rendered":"https:\/\/serveiseducatius.xtec.cat\/cda-cansantoi\/?p=23756"},"modified":"2025-07-14T12:57:59","modified_gmt":"2025-07-14T10:57:59","slug":"jornades-camps-i-entorns-daprenentatge-a-la-vall-de-boi","status":"publish","type":"post","link":"https:\/\/serveiseducatius.xtec.cat\/cda-cansantoi\/general\/jornades-camps-i-entorns-daprenentatge-a-la-vall-de-boi\/","title":{"rendered":"Jornades Camps i Entorns d&#8217;Aprenentatge a la Vall de Boi"},"content":{"rendered":"<p>Durant els dies 2, 3 i 4 de juliol es van desenvolupar\u00a0 al <a href=\"https:\/\/serveiseducatius.xtec.cat\/cda-valldeboi\/\" target=\"_blank\" rel=\"noopener\">Camp d&#8217;Aprenentatge de la Vall de Bo\u00ed<\/a> \u00a0les 33enes jornades de treball dels professionals dels<a href=\"http:\/\/xtec.gencat.cat\/ca\/serveis\/sesc\/cda\/\" target=\"_blank\" rel=\"noopener noreferrer\"> Camps i Entorns d&#8217;Aprenentatge<\/a>.<\/p>\n<p><img loading=\"lazy\" decoding=\"async\" class=\"size-medium wp-image-23765 alignleft\" src=\"https:\/\/serveiseducatius.xtec.cat\/cda-cansantoi\/wp-content\/uploads\/usu1385\/2025\/07\/muntatge1-1-242x300.jpg\" alt=\"\" width=\"242\" height=\"300\" srcset=\"https:\/\/serveiseducatius.xtec.cat\/cda-cansantoi\/wp-content\/uploads\/usu1385\/2025\/07\/muntatge1-1-242x300.jpg 242w, https:\/\/serveiseducatius.xtec.cat\/cda-cansantoi\/wp-content\/uploads\/usu1385\/2025\/07\/muntatge1-1.jpg 404w\" sizes=\"auto, (max-width: 242px) 100vw, 242px\" \/>Despr\u00e9s de la rebuda institucional hem conegut de primera m\u00e0 l&#8217;activitat &#8220;<em>Qu\u00edmica i termalisme&#8221;<\/em>, desenvolupada per les fonts del jard\u00ed <span style=\"font-size: 16px; font-style: normal; font-weight: 400;\">Balneari de Caldes de Bo\u00ed. A continuaci\u00f3 es va fer la<\/span><span style=\"font-size: 16px;\"> presentaci\u00f3 de\u00a0 nous projectes per part de diversos Camps i Entorns d&#8217;Aprenentatge.\u00a0<\/span><\/p>\n<p>Abans de concloure la jornada es va fer la reuni\u00f3 anual de l&#8217;APCA (Associaci\u00f3 dels professionals de Camps d&#8217;Aprenentatge).<\/p>\n<p><img loading=\"lazy\" decoding=\"async\" class=\"alignright size-medium wp-image-23767\" src=\"https:\/\/serveiseducatius.xtec.cat\/cda-cansantoi\/wp-content\/uploads\/usu1385\/2025\/07\/muntatge2-1-212x300.jpg\" alt=\"\" width=\"212\" height=\"300\" srcset=\"https:\/\/serveiseducatius.xtec.cat\/cda-cansantoi\/wp-content\/uploads\/usu1385\/2025\/07\/muntatge2-1-212x300.jpg 212w, https:\/\/serveiseducatius.xtec.cat\/cda-cansantoi\/wp-content\/uploads\/usu1385\/2025\/07\/muntatge2-1.jpg 353w\" sizes=\"auto, (max-width: 212px) 100vw, 212px\" \/>Ja ben entrada la nit es va portar a terme una sessi\u00f3 d&#8217;astronomia a c\u00e0rrec de Celistia Pirineus.<\/p>\n<p>&nbsp;<\/p>\n<p>Dijous v\u00e0rem dedicar el dia a con\u00e8ixer l&#8217;extraordinari patrimoni del rom\u00e0nic present a tota la vall. El punt culminant va ser la sessi\u00f3 formativa &#8220;Els ulls de la hist\u00f2ria: experi\u00e8ncia immersiva de RV&#8221; al <a href=\"https:\/\/www.centreromanic.com\/centre-del-romanic\/\" target=\"_blank\" rel=\"noopener\">Centre del Rom\u00e0nic<\/a> a Erill la Vall.<\/p>\n<p>Finalment divendres v\u00e0rem fer un itinerari interpretatiu pel <a href=\"https:\/\/parcsnaturals.gencat.cat\/es\/xarxa-de-parcs\/aiguestortes\/inici\/index.html\" target=\"_blank\" rel=\"noopener\">Parc Nacional d&#8217;Aig\u00fcestortes i Estany de San t Maurici<\/a><\/p>\n<p>Aquestes jornades han estat un retrobament molt gratificant per a tots els professionals. Volem agrair especialment als docents de CdA de la Vall de Bo\u00ed (C\u00e9sar Colomer, Laia Roset, Elvira P\u00e9rez i Nat\u00e1lia Ga\u00f1\u00e1n) l&#8217;excel\u00b7lent feina en l&#8217;organitzaci\u00f3 d&#8217;aquestes jornades que ens han deixat un gran record.<\/p>\n<p>&nbsp;<\/p>\n<p>VISCA ELS CAMPS I ENTORNS D&#8217;APRENENTATGE!<\/p>\n","protected":false},"excerpt":{"rendered":"<p>Durant els dies 2, 3 i 4 de juliol es van desenvolupar\u00a0 al Camp d&#8217;Aprenentatge de la Vall de Bo\u00ed \u00a0les 33enes jornades de treball dels professionals dels Camps i Entorns d&#8217;Aprenentatge. Despr\u00e9s de la rebuda institucional hem conegut de primera m\u00e0 l&#8217;activitat &#8220;Qu\u00edmica i termalisme&#8221;, desenvolupada per les fonts del jard\u00ed Balneari de Caldes [&hellip;]<\/p>\n","protected":false},"author":3,"featured_media":23764,"comment_status":"open","ping_status":"open","sticky":false,"template":"","format":"standard","meta":{"_bbp_topic_count":0,"_bbp_reply_count":0,"_bbp_total_topic_count":0,"_bbp_total_reply_count":0,"_bbp_voice_count":0,"_bbp_anonymous_reply_count":0,"_bbp_topic_count_hidden":0,"_bbp_reply_count_hidden":0,"_bbp_forum_subforum_count":0,"site-sidebar-layout":"default","site-content-layout":"","ast-site-content-layout":"default","site-content-style":"default","site-sidebar-style":"default","ast-global-header-display":"","ast-banner-title-visibility":"","ast-main-header-display":"","ast-hfb-above-header-display":"","ast-hfb-below-header-display":"","ast-hfb-mobile-header-display":"","site-post-title":"","ast-breadcrumbs-content":"","ast-featured-img":"","footer-sml-layout":"","theme-transparent-header-meta":"default","adv-header-id-meta":"","stick-header-meta":"","header-above-stick-meta":"","header-main-stick-meta":"","header-below-stick-meta":"","astra-migrate-meta-layouts":"set","ast-page-background-enabled":"default","ast-page-background-meta":{"desktop":{"background-color":"var(--ast-global-color-4)","background-image":"","background-repeat":"repeat","background-position":"center center","background-size":"auto","background-attachment":"scroll","background-type":"","background-media":"","overlay-type":"","overlay-color":"","overlay-opacity":"","overlay-gradient":""},"tablet":{"background-color":"","background-image":"","background-repeat":"repeat","background-position":"center center","background-size":"auto","background-attachment":"scroll","background-type":"","background-media":"","overlay-type":"","overlay-color":"","overlay-opacity":"","overlay-gradient":""},"mobile":{"background-color":"","background-image":"","background-repeat":"repeat","background-position":"center center","background-size":"auto","background-attachment":"scroll","background-type":"","background-media":"","overlay-type":"","overlay-color":"","overlay-opacity":"","overlay-gradient":""}},"ast-content-background-meta":{"desktop":{"background-color":"var(--ast-global-color-5)","background-image":"","background-repeat":"repeat","background-position":"center center","background-size":"auto","background-attachment":"scroll","background-type":"","background-media":"","overlay-type":"","overlay-color":"","overlay-opacity":"","overlay-gradient":""},"tablet":{"background-color":"var(--ast-global-color-5)","background-image":"","background-repeat":"repeat","background-position":"center center","background-size":"auto","background-attachment":"scroll","background-type":"","background-media":"","overlay-type":"","overlay-color":"","overlay-opacity":"","overlay-gradient":""},"mobile":{"background-color":"var(--ast-global-color-5)","background-image":"","background-repeat":"repeat","background-position":"center center","background-size":"auto","background-attachment":"scroll","background-type":"","background-media":"","overlay-type":"","overlay-color":"","overlay-opacity":"","overlay-gradient":""}},"footnotes":""},"categories":[395,393,262,1,29],"tags":[],"class_list":["post-23756","post","type-post","status-publish","format-standard","has-post-thumbnail","hentry","category-aprendreambelscampsientorns","category-campsientornsdaprenentatge","category-activitats","category-general","category-portada"],"post_mailing_queue_ids":[],"_links":{"self":[{"href":"https:\/\/serveiseducatius.xtec.cat\/cda-cansantoi\/wp-json\/wp\/v2\/posts\/23756","targetHints":{"allow":["GET"]}}],"collection":[{"href":"https:\/\/serveiseducatius.xtec.cat\/cda-cansantoi\/wp-json\/wp\/v2\/posts"}],"about":[{"href":"https:\/\/serveiseducatius.xtec.cat\/cda-cansantoi\/wp-json\/wp\/v2\/types\/post"}],"author":[{"embeddable":true,"href":"https:\/\/serveiseducatius.xtec.cat\/cda-cansantoi\/wp-json\/wp\/v2\/users\/3"}],"replies":[{"embeddable":true,"href":"https:\/\/serveiseducatius.xtec.cat\/cda-cansantoi\/wp-json\/wp\/v2\/comments?post=23756"}],"version-history":[{"count":6,"href":"https:\/\/serveiseducatius.xtec.cat\/cda-cansantoi\/wp-json\/wp\/v2\/posts\/23756\/revisions"}],"predecessor-version":[{"id":23773,"href":"https:\/\/serveiseducatius.xtec.cat\/cda-cansantoi\/wp-json\/wp\/v2\/posts\/23756\/revisions\/23773"}],"wp:featuredmedia":[{"embeddable":true,"href":"https:\/\/serveiseducatius.xtec.cat\/cda-cansantoi\/wp-json\/wp\/v2\/media\/23764"}],"wp:attachment":[{"href":"https:\/\/serveiseducatius.xtec.cat\/cda-cansantoi\/wp-json\/wp\/v2\/media?parent=23756"}],"wp:term":[{"taxonomy":"category","embeddable":true,"href":"https:\/\/serveiseducatius.xtec.cat\/cda-cansantoi\/wp-json\/wp\/v2\/categories?post=23756"},{"taxonomy":"post_tag","embeddable":true,"href":"https:\/\/serveiseducatius.xtec.cat\/cda-cansantoi\/wp-json\/wp\/v2\/tags?post=23756"}],"curies":[{"name":"wp","href":"https:\/\/api.w.org\/{rel}","templated":true}]}}