{"id":19258,"date":"2024-02-09T10:12:16","date_gmt":"2024-02-09T09:12:16","guid":{"rendered":"https:\/\/serveiseducatius.xtec.cat\/cda-cansantoi\/?p=19258"},"modified":"2024-02-09T10:12:16","modified_gmt":"2024-02-09T09:12:16","slug":"els-alumnes-de-5e-de-lescola-amat-verdu-aprenen-a-ser-meteorolegs-i-meteorologues","status":"publish","type":"post","link":"https:\/\/serveiseducatius.xtec.cat\/cda-cansantoi\/general\/els-alumnes-de-5e-de-lescola-amat-verdu-aprenen-a-ser-meteorolegs-i-meteorologues\/","title":{"rendered":"Els alumnes de 5\u00e8 de l&#8217;Escola Amat Verd\u00fa aprenen a ser meteor\u00f2legs i meteor\u00f2logues"},"content":{"rendered":"<p style=\"text-align: left;\">La classe de 5\u00e8 &#8220;Goalball&#8221; de l&#8217;<a href=\"https:\/\/agora.xtec.cat\/ceipamat-verdu\/\">Escola Amat Verd\u00fa<\/a> de Sant Boi de Llobregat ha vingut dijous 8 de febrer fins al <a href=\"https:\/\/serveiseducatius.xtec.cat\/cda-cansantoi\/\">Camp d&#8217;Aprenentatge de Can Santoi<\/a> per realitzar l&#8217;activitat d\u2019<a href=\"https:\/\/serveiseducatius.xtec.cat\/cda-cansantoi\/ambits\/meteorologi\/observacio-i-mesura-temps-atmosferic-csp\/\">observaci\u00f3 i mesura del temps atmosf\u00e8ric<\/a> i aix\u00ed aprendre quins instruments s&#8217;utilitzen per poder fer la predicci\u00f3 del temps per l&#8217;endem\u00e0.<\/p>\n<p><img loading=\"lazy\" decoding=\"async\" class=\"wp-image-19262 alignleft\" src=\"https:\/\/serveiseducatius.xtec.cat\/cda-cansantoi\/wp-content\/uploads\/usu1385\/2024\/02\/1-8.jpg\" alt=\"\" width=\"224\" height=\"168\" srcset=\"https:\/\/serveiseducatius.xtec.cat\/cda-cansantoi\/wp-content\/uploads\/usu1385\/2024\/02\/1-8.jpg 300w, https:\/\/serveiseducatius.xtec.cat\/cda-cansantoi\/wp-content\/uploads\/usu1385\/2024\/02\/1-8-200x150.jpg 200w\" sizes=\"auto, (max-width: 224px) 100vw, 224px\" \/>Per comen\u00e7ar s&#8217;han centrat en una de les feines dels meteor\u00f2legs: la predicci\u00f3 del temps. Han preparat el mapa del temps de dem\u00e0, a partir del de la web del <a href=\"https:\/\/www.meteo.cat\/prediccio\/general\">Servei Meteorol\u00f2gic de Catalunya<\/a>, i s&#8217;han repartit, per equips, les diferents tasques que s\u2019han de fer per poder gravar-la com si estiguessin a un plat\u00f3 de televisi\u00f3: la direcci\u00f3, els presentadors, l&#8217;apuntador, la c\u00e0mera i l&#8217;il\u00b7luminaci\u00f3.<\/p>\n<p><img loading=\"lazy\" decoding=\"async\" class=\"size-full wp-image-19271 alignright\" src=\"https:\/\/serveiseducatius.xtec.cat\/cda-cansantoi\/wp-content\/uploads\/usu1385\/2024\/02\/3-7.jpg\" alt=\"\" width=\"300\" height=\"225\" srcset=\"https:\/\/serveiseducatius.xtec.cat\/cda-cansantoi\/wp-content\/uploads\/usu1385\/2024\/02\/3-7.jpg 300w, https:\/\/serveiseducatius.xtec.cat\/cda-cansantoi\/wp-content\/uploads\/usu1385\/2024\/02\/3-7-200x150.jpg 200w\" sizes=\"auto, (max-width: 300px) 100vw, 300px\" \/>Seguidament han vist els diferents aparells que ens permeten con\u00e8ixer la temperatura (els term\u00f2metres d\u2019aire, de m\u00e0xima i m\u00ednima, d&#8217;aigua i de terra), la humitat relativa de l&#8217;aire (l&#8217;higr\u00f2metre), la quantitat de pluja que ha caigut (el pluvi\u00f2metre), la velocitat del vent (l\u2019anem\u00f2metre) i la seva direcci\u00f3 (el penell, ajudant-se d\u2019una br\u00faixola per orientar-lo). Han fet una gimcana on han apr\u00e8s a utilitzar tots aquests aparells i han registrat totes les dades en una fitxa amb les seves unitats corresponents.<\/p>\n<p><img loading=\"lazy\" decoding=\"async\" class=\"size-medium wp-image-19273 alignleft\" src=\"https:\/\/serveiseducatius.xtec.cat\/cda-cansantoi\/wp-content\/uploads\/usu1385\/2024\/02\/4-1-225x300.jpg\" alt=\"\" width=\"225\" height=\"300\" srcset=\"https:\/\/serveiseducatius.xtec.cat\/cda-cansantoi\/wp-content\/uploads\/usu1385\/2024\/02\/4-1-225x300.jpg 225w, https:\/\/serveiseducatius.xtec.cat\/cda-cansantoi\/wp-content\/uploads\/usu1385\/2024\/02\/4-1.jpg 300w\" sizes=\"auto, (max-width: 225px) 100vw, 225px\" \/>Tamb\u00e9 han vist tant l&#8217;estaci\u00f3 meteorol\u00f2gica digital com la caseta meteorol\u00f2gica, on han pres nota de les dades meteorol\u00f2giques del dia d\u2019avui.<\/p>\n<p>Per acabar, han utilitzat la seva pell com un term\u00f2metre per tal d&#8217;esbrinar la temperatura de l&#8217;aire, de l&#8217;aigua i del terra i han comparat el que havien sentit amb la temperatura real que marcaven els term\u00f2metres. Han gaudit for\u00e7a d&#8217;aquesta activitat, que els ha perm\u00e8s comprovar que nosaltres tamb\u00e9 percebem la temperatura, tot i que les sensacions de cadasc\u00fa poden ser diferents.<\/p>\n<p>Enhorabona per la feina feta!<\/p>\n","protected":false},"excerpt":{"rendered":"<p>La classe de 5\u00e8 &#8220;Goalball&#8221; de l&#8217;Escola Amat Verd\u00fa de Sant Boi de Llobregat ha vingut dijous 8 de febrer fins al Camp d&#8217;Aprenentatge de Can Santoi per realitzar l&#8217;activitat d\u2019observaci\u00f3 i mesura del temps atmosf\u00e8ric i aix\u00ed aprendre quins instruments s&#8217;utilitzen per poder fer la predicci\u00f3 del temps per l&#8217;endem\u00e0. Per comen\u00e7ar s&#8217;han centrat [&hellip;]<\/p>\n","protected":false},"author":3,"featured_media":19263,"comment_status":"open","ping_status":"closed","sticky":false,"template":"","format":"standard","meta":{"_bbp_topic_count":0,"_bbp_reply_count":0,"_bbp_total_topic_count":0,"_bbp_total_reply_count":0,"_bbp_voice_count":0,"_bbp_anonymous_reply_count":0,"_bbp_topic_count_hidden":0,"_bbp_reply_count_hidden":0,"_bbp_forum_subforum_count":0,"site-sidebar-layout":"default","site-content-layout":"","ast-site-content-layout":"","site-content-style":"default","site-sidebar-style":"default","ast-global-header-display":"","ast-banner-title-visibility":"","ast-main-header-display":"","ast-hfb-above-header-display":"","ast-hfb-below-header-display":"","ast-hfb-mobile-header-display":"","site-post-title":"","ast-breadcrumbs-content":"","ast-featured-img":"","footer-sml-layout":"","theme-transparent-header-meta":"","adv-header-id-meta":"","stick-header-meta":"","header-above-stick-meta":"","header-main-stick-meta":"","header-below-stick-meta":"","astra-migrate-meta-layouts":"default","ast-page-background-enabled":"default","ast-page-background-meta":{"desktop":{"background-color":"var(--ast-global-color-4)","background-image":"","background-repeat":"repeat","background-position":"center center","background-size":"auto","background-attachment":"scroll","background-type":"","background-media":"","overlay-type":"","overlay-color":"","overlay-opacity":"","overlay-gradient":""},"tablet":{"background-color":"","background-image":"","background-repeat":"repeat","background-position":"center center","background-size":"auto","background-attachment":"scroll","background-type":"","background-media":"","overlay-type":"","overlay-color":"","overlay-opacity":"","overlay-gradient":""},"mobile":{"background-color":"","background-image":"","background-repeat":"repeat","background-position":"center center","background-size":"auto","background-attachment":"scroll","background-type":"","background-media":"","overlay-type":"","overlay-color":"","overlay-opacity":"","overlay-gradient":""}},"ast-content-background-meta":{"desktop":{"background-color":"var(--ast-global-color-5)","background-image":"","background-repeat":"repeat","background-position":"center center","background-size":"auto","background-attachment":"scroll","background-type":"","background-media":"","overlay-type":"","overlay-color":"","overlay-opacity":"","overlay-gradient":""},"tablet":{"background-color":"var(--ast-global-color-5)","background-image":"","background-repeat":"repeat","background-position":"center center","background-size":"auto","background-attachment":"scroll","background-type":"","background-media":"","overlay-type":"","overlay-color":"","overlay-opacity":"","overlay-gradient":""},"mobile":{"background-color":"var(--ast-global-color-5)","background-image":"","background-repeat":"repeat","background-position":"center center","background-size":"auto","background-attachment":"scroll","background-type":"","background-media":"","overlay-type":"","overlay-color":"","overlay-opacity":"","overlay-gradient":""}},"footnotes":""},"categories":[395,393,399,397,1,287,29],"tags":[],"class_list":["post-19258","post","type-post","status-publish","format-standard","has-post-thumbnail","hentry","category-aprendreambelscampsientorns","category-campsientornsdaprenentatge","category-projectecda","category-sortidacda","category-general","category-meteorologia","category-portada"],"post_mailing_queue_ids":[],"_links":{"self":[{"href":"https:\/\/serveiseducatius.xtec.cat\/cda-cansantoi\/wp-json\/wp\/v2\/posts\/19258","targetHints":{"allow":["GET"]}}],"collection":[{"href":"https:\/\/serveiseducatius.xtec.cat\/cda-cansantoi\/wp-json\/wp\/v2\/posts"}],"about":[{"href":"https:\/\/serveiseducatius.xtec.cat\/cda-cansantoi\/wp-json\/wp\/v2\/types\/post"}],"author":[{"embeddable":true,"href":"https:\/\/serveiseducatius.xtec.cat\/cda-cansantoi\/wp-json\/wp\/v2\/users\/3"}],"replies":[{"embeddable":true,"href":"https:\/\/serveiseducatius.xtec.cat\/cda-cansantoi\/wp-json\/wp\/v2\/comments?post=19258"}],"version-history":[{"count":6,"href":"https:\/\/serveiseducatius.xtec.cat\/cda-cansantoi\/wp-json\/wp\/v2\/posts\/19258\/revisions"}],"predecessor-version":[{"id":19276,"href":"https:\/\/serveiseducatius.xtec.cat\/cda-cansantoi\/wp-json\/wp\/v2\/posts\/19258\/revisions\/19276"}],"wp:featuredmedia":[{"embeddable":true,"href":"https:\/\/serveiseducatius.xtec.cat\/cda-cansantoi\/wp-json\/wp\/v2\/media\/19263"}],"wp:attachment":[{"href":"https:\/\/serveiseducatius.xtec.cat\/cda-cansantoi\/wp-json\/wp\/v2\/media?parent=19258"}],"wp:term":[{"taxonomy":"category","embeddable":true,"href":"https:\/\/serveiseducatius.xtec.cat\/cda-cansantoi\/wp-json\/wp\/v2\/categories?post=19258"},{"taxonomy":"post_tag","embeddable":true,"href":"https:\/\/serveiseducatius.xtec.cat\/cda-cansantoi\/wp-json\/wp\/v2\/tags?post=19258"}],"curies":[{"name":"wp","href":"https:\/\/api.w.org\/{rel}","templated":true}]}}