{"id":18113,"date":"2023-10-02T17:03:34","date_gmt":"2023-10-02T15:03:34","guid":{"rendered":"https:\/\/serveiseducatius.xtec.cat\/cda-cansantoi\/?p=18113"},"modified":"2023-10-02T17:03:34","modified_gmt":"2023-10-02T15:03:34","slug":"lalumnat-de-5e-i-6e-de-el-palau-es-converteixen-en-meteorolegs","status":"publish","type":"post","link":"https:\/\/serveiseducatius.xtec.cat\/cda-cansantoi\/general\/lalumnat-de-5e-i-6e-de-el-palau-es-converteixen-en-meteorolegs\/","title":{"rendered":"L&#8217;alumnat de 5\u00e8 i 6\u00e8 de &#8220;El Palau&#8221; es converteixen en meteor\u00f2legs"},"content":{"rendered":"<p style=\"text-align: left;\"><img loading=\"lazy\" decoding=\"async\" class=\"alignright  wp-image-18136\" src=\"https:\/\/serveiseducatius.xtec.cat\/cda-cansantoi\/wp-content\/uploads\/usu1385\/2023\/10\/IMG_8222BIS-rotated.jpg\" alt=\"\" width=\"276\" height=\"368\" \/>Les classes dels <em>Grallers\/eres<\/em>, els <em>Timbalers\/eres<\/em> i els <em>Esparriotes<\/em> del tercer cicle de prim\u00e0ria han vingut avui, dilluns 2 d&#8217;octubre, des de l&#8217;<a href=\"https:\/\/agora.xtec.cat\/esc-elpalau\/\">Escola El Palau<\/a> de Molins de Rei fins al <a href=\"https:\/\/serveiseducatius.xtec.cat\/cda-cansantoi\/\">Camp d&#8217;Aprenentatge de Can Santoi<\/a> per realitzar l\u2019<a href=\"https:\/\/serveiseducatius.xtec.cat\/cda-cansantoi\/ambits\/meteorologi\/observacio-i-mesura-temps-atmosferic-csp\/\">observaci\u00f3 i mesura del temps atmosf\u00e8ric<\/a> i aprendre quins instruments s&#8217;utilitzen per poder fer-ne la predicci\u00f3 de l&#8217;endem\u00e0.<\/p>\n<p>Per comen\u00e7ar han vist els diferents aparells que ens permeten con\u00e8ixer la temperatura (els term\u00f2metres d\u2019aire, de m\u00e0xima i m\u00ednima, d&#8217;aigua i de terra), la quantitat de pluja que ha caigut (el pluvi\u00f2metre), la velocitat del vent (l\u2019anem\u00f2metre) i la seva direcci\u00f3 (el penell, ajudant-se d\u2019una br\u00faixola per orientar-lo). Han fet una gimcana on han apr\u00e8s a utilitzar tots aquests aparells i han registrat totes les dades en una fitxa amb les seves unitats corresponents.<\/p>\n<p><img loading=\"lazy\" decoding=\"async\" class=\" wp-image-18116 alignleft\" src=\"https:\/\/serveiseducatius.xtec.cat\/cda-cansantoi\/wp-content\/uploads\/usu1385\/2023\/10\/IMG_3048bis-231x300.jpg\" alt=\"\" width=\"165\" height=\"215\" srcset=\"https:\/\/serveiseducatius.xtec.cat\/cda-cansantoi\/wp-content\/uploads\/usu1385\/2023\/10\/IMG_3048bis-231x300.jpg 231w, https:\/\/serveiseducatius.xtec.cat\/cda-cansantoi\/wp-content\/uploads\/usu1385\/2023\/10\/IMG_3048bis.jpg 300w\" sizes=\"auto, (max-width: 165px) 100vw, 165px\" \/>Seguidament han utilitzat la seva pell com un term\u00f2metre i han vist que nosaltres tamb\u00e9 percebem la temperatura, per\u00f2 cadasc\u00fa amb petites difer\u00e8ncies. Han comparat el que havien notat amb la temperatura real que marcaven els term\u00f2metres i han vist com canviava una mica segons la percepci\u00f3 de cadasc\u00fa de nosaltres.<\/p>\n<p>Tamb\u00e9 han vist tant l&#8217;estaci\u00f3 meteorol\u00f2gica digital com la caseta meteorol\u00f2gica, on han pres nota de les dades meteorol\u00f2giques del dia d\u2019avui.<\/p>\n<p><img loading=\"lazy\" decoding=\"async\" class=\"alignright  wp-image-18129\" src=\"https:\/\/serveiseducatius.xtec.cat\/cda-cansantoi\/wp-content\/uploads\/usu1385\/2023\/10\/1696257708457MUNT-300x300.jpg\" alt=\"\" width=\"243\" height=\"243\" srcset=\"https:\/\/serveiseducatius.xtec.cat\/cda-cansantoi\/wp-content\/uploads\/usu1385\/2023\/10\/1696257708457MUNT.jpg 300w, https:\/\/serveiseducatius.xtec.cat\/cda-cansantoi\/wp-content\/uploads\/usu1385\/2023\/10\/1696257708457MUNT-150x150.jpg 150w\" sizes=\"auto, (max-width: 243px) 100vw, 243px\" \/>Per acabar, s&#8217;han centrat en una de les feines dels meteor\u00f2legs i meteor\u00f2logues: la predicci\u00f3 del temps. Han preparat el mapa del temps de dem\u00e0, a partir del de la web del <a href=\"https:\/\/www.meteo.cat\/prediccio\/general\">Servei Meteorol\u00f2gic de Catalunya<\/a>, i s&#8217;han repartit, per equips, les diferents tasques que s\u2019han de fer per poder gravar-la com si estiguessin a un plat\u00f3 de televisi\u00f3. Aquestes tasques s\u00f3n les de direcci\u00f3, presentadors\/res, apuntador\/a, c\u00e0mera i il\u00b7luminaci\u00f3.<\/p>\n<p>Meteor\u00f2legs i meteor\u00f2logues de <a href=\"https:\/\/agora.xtec.cat\/esc-elpalau\/\">El Palau<\/a>, heu fet una gran tasca!<\/p>\n","protected":false},"excerpt":{"rendered":"<p>Les classes dels Grallers\/eres, els Timbalers\/eres i els Esparriotes del tercer cicle de prim\u00e0ria han vingut avui, dilluns 2 d&#8217;octubre, des de l&#8217;Escola El Palau de Molins de Rei fins al Camp d&#8217;Aprenentatge de Can Santoi per realitzar l\u2019observaci\u00f3 i mesura del temps atmosf\u00e8ric i aprendre quins instruments s&#8217;utilitzen per poder fer-ne la predicci\u00f3 de [&hellip;]<\/p>\n","protected":false},"author":3,"featured_media":18114,"comment_status":"open","ping_status":"closed","sticky":false,"template":"","format":"standard","meta":{"_bbp_topic_count":0,"_bbp_reply_count":0,"_bbp_total_topic_count":0,"_bbp_total_reply_count":0,"_bbp_voice_count":0,"_bbp_anonymous_reply_count":0,"_bbp_topic_count_hidden":0,"_bbp_reply_count_hidden":0,"_bbp_forum_subforum_count":0,"site-sidebar-layout":"default","site-content-layout":"","ast-site-content-layout":"","site-content-style":"default","site-sidebar-style":"default","ast-global-header-display":"","ast-banner-title-visibility":"","ast-main-header-display":"","ast-hfb-above-header-display":"","ast-hfb-below-header-display":"","ast-hfb-mobile-header-display":"","site-post-title":"","ast-breadcrumbs-content":"","ast-featured-img":"","footer-sml-layout":"","theme-transparent-header-meta":"","adv-header-id-meta":"","stick-header-meta":"","header-above-stick-meta":"","header-main-stick-meta":"","header-below-stick-meta":"","astra-migrate-meta-layouts":"default","ast-page-background-enabled":"default","ast-page-background-meta":{"desktop":{"background-color":"var(--ast-global-color-4)","background-image":"","background-repeat":"repeat","background-position":"center center","background-size":"auto","background-attachment":"scroll","background-type":"","background-media":"","overlay-type":"","overlay-color":"","overlay-opacity":"","overlay-gradient":""},"tablet":{"background-color":"","background-image":"","background-repeat":"repeat","background-position":"center center","background-size":"auto","background-attachment":"scroll","background-type":"","background-media":"","overlay-type":"","overlay-color":"","overlay-opacity":"","overlay-gradient":""},"mobile":{"background-color":"","background-image":"","background-repeat":"repeat","background-position":"center center","background-size":"auto","background-attachment":"scroll","background-type":"","background-media":"","overlay-type":"","overlay-color":"","overlay-opacity":"","overlay-gradient":""}},"ast-content-background-meta":{"desktop":{"background-color":"var(--ast-global-color-5)","background-image":"","background-repeat":"repeat","background-position":"center center","background-size":"auto","background-attachment":"scroll","background-type":"","background-media":"","overlay-type":"","overlay-color":"","overlay-opacity":"","overlay-gradient":""},"tablet":{"background-color":"var(--ast-global-color-5)","background-image":"","background-repeat":"repeat","background-position":"center center","background-size":"auto","background-attachment":"scroll","background-type":"","background-media":"","overlay-type":"","overlay-color":"","overlay-opacity":"","overlay-gradient":""},"mobile":{"background-color":"var(--ast-global-color-5)","background-image":"","background-repeat":"repeat","background-position":"center center","background-size":"auto","background-attachment":"scroll","background-type":"","background-media":"","overlay-type":"","overlay-color":"","overlay-opacity":"","overlay-gradient":""}},"footnotes":""},"categories":[395,393,399,397,1,287,29],"tags":[],"class_list":["post-18113","post","type-post","status-publish","format-standard","has-post-thumbnail","hentry","category-aprendreambelscampsientorns","category-campsientornsdaprenentatge","category-projectecda","category-sortidacda","category-general","category-meteorologia","category-portada"],"post_mailing_queue_ids":[],"_links":{"self":[{"href":"https:\/\/serveiseducatius.xtec.cat\/cda-cansantoi\/wp-json\/wp\/v2\/posts\/18113","targetHints":{"allow":["GET"]}}],"collection":[{"href":"https:\/\/serveiseducatius.xtec.cat\/cda-cansantoi\/wp-json\/wp\/v2\/posts"}],"about":[{"href":"https:\/\/serveiseducatius.xtec.cat\/cda-cansantoi\/wp-json\/wp\/v2\/types\/post"}],"author":[{"embeddable":true,"href":"https:\/\/serveiseducatius.xtec.cat\/cda-cansantoi\/wp-json\/wp\/v2\/users\/3"}],"replies":[{"embeddable":true,"href":"https:\/\/serveiseducatius.xtec.cat\/cda-cansantoi\/wp-json\/wp\/v2\/comments?post=18113"}],"version-history":[{"count":6,"href":"https:\/\/serveiseducatius.xtec.cat\/cda-cansantoi\/wp-json\/wp\/v2\/posts\/18113\/revisions"}],"predecessor-version":[{"id":18141,"href":"https:\/\/serveiseducatius.xtec.cat\/cda-cansantoi\/wp-json\/wp\/v2\/posts\/18113\/revisions\/18141"}],"wp:featuredmedia":[{"embeddable":true,"href":"https:\/\/serveiseducatius.xtec.cat\/cda-cansantoi\/wp-json\/wp\/v2\/media\/18114"}],"wp:attachment":[{"href":"https:\/\/serveiseducatius.xtec.cat\/cda-cansantoi\/wp-json\/wp\/v2\/media?parent=18113"}],"wp:term":[{"taxonomy":"category","embeddable":true,"href":"https:\/\/serveiseducatius.xtec.cat\/cda-cansantoi\/wp-json\/wp\/v2\/categories?post=18113"},{"taxonomy":"post_tag","embeddable":true,"href":"https:\/\/serveiseducatius.xtec.cat\/cda-cansantoi\/wp-json\/wp\/v2\/tags?post=18113"}],"curies":[{"name":"wp","href":"https:\/\/api.w.org\/{rel}","templated":true}]}}