{"id":17850,"date":"2023-06-21T14:43:26","date_gmt":"2023-06-21T12:43:26","guid":{"rendered":"https:\/\/serveiseducatius.xtec.cat\/cda-cansantoi\/?p=17850"},"modified":"2023-06-21T15:01:23","modified_gmt":"2023-06-21T13:01:23","slug":"de-formacio-pel-bergueda","status":"publish","type":"post","link":"https:\/\/serveiseducatius.xtec.cat\/cda-cansantoi\/general\/de-formacio-pel-bergueda\/","title":{"rendered":"De formaci\u00f3 pel Bergued\u00e0"},"content":{"rendered":"<p><img loading=\"lazy\" decoding=\"async\" class=\" wp-image-17856 alignleft\" src=\"https:\/\/serveiseducatius.xtec.cat\/cda-cansantoi\/wp-content\/uploads\/usu1385\/2023\/06\/3-6.jpg\" alt=\"\" width=\"413\" height=\"339\" \/>Dimecres 14, dijous 15 i divendres 16 de juny l&#8217;equip del <a href=\"https:\/\/serveiseducatius.xtec.cat\/cda-cansantoi\/\">CdA de Can Santoi<\/a> ens vam despla\u00e7ar al <a href=\"https:\/\/serveiseducatius.xtec.cat\/cda-altbergueda\/\">CdA de l&#8217;Alt Bergued\u00e0<\/a> per realitzar unes jornades de formaci\u00f3 interna on compartir els aprenentatges i les experi\u00e8ncies acumulades, a m\u00e9s de realitzar algunes activitats en com\u00fa per tal d&#8217;intercanviar impressions i metodologies. En Roger, en Pep i la Laura ens van rebre amb els bra\u00e7os oberts! Per tal d&#8217;aprofitar al m\u00e0xim la nostra estada de tres dies a Berga, l&#8217;equip del <a href=\"https:\/\/serveiseducatius.xtec.cat\/cda-altbergueda\/\">CdA de l&#8217;Alt Bergued\u00e0<\/a> tenia planificat incloure&#8217;ns a les darreres tres jornades del curs que tenien programades amb l&#8217;alumnat de 2n i 3r d&#8217;ESO de l&#8217;<a href=\"https:\/\/xarxa.fedac.cat\/\">Escola FEDAC Xarxa<\/a>.<\/p>\n<p><img loading=\"lazy\" decoding=\"async\" class=\"alignright wp-image-17858\" src=\"https:\/\/serveiseducatius.xtec.cat\/cda-cansantoi\/wp-content\/uploads\/usu1385\/2023\/06\/5-1.jpg\" alt=\"\" width=\"461\" height=\"346\" srcset=\"https:\/\/serveiseducatius.xtec.cat\/cda-cansantoi\/wp-content\/uploads\/usu1385\/2023\/06\/5-1.jpg 300w, https:\/\/serveiseducatius.xtec.cat\/cda-cansantoi\/wp-content\/uploads\/usu1385\/2023\/06\/5-1-200x150.jpg 200w\" sizes=\"auto, (max-width: 461px) 100vw, 461px\" \/>El primer dia vam fer l&#8217;activitat de GPS a l&#8217;entorn de l&#8217;<a href=\"https:\/\/xarxa.fedac.cat\/\">Escola FEDAC Xarxa<\/a>, on els diferents grups d&#8217;estudiants havien de trobar 12 fites a 12 waypoints diferents. Cada grup era lliure de dissenyar el seu itinerari estrat\u00e8gicament per tal de completar la gimcana en el menor temps possible mentre enregistraven el rastre del seu recorregut (track), assessorats per la tecnologia GPS. Aquella mateixa tarda, en Roger, en Pep i la Laura ens van ensenyar les seves instal\u00b7lacions: la seva seu, ubicada a Guardiola de Bergued\u00e0, en una ala de l\u2019<a href=\"https:\/\/agora.xtec.cat\/ceipsantllorenc\/\">Escola Sant Lloren\u00e7<\/a> del mateix municipi i l\u2019alberg <a href=\"https:\/\/xanascat.gencat.cat\/index.php\/ca\/albergs\/albergs\/la-sala\">La Sala<\/a>, situat entre Guardiola de Bergued\u00e0 i la Pobla de Lillet, on reben els alumnes quan fan estades.<\/p>\n<p><img loading=\"lazy\" decoding=\"async\" class=\" wp-image-17862 alignleft\" src=\"https:\/\/serveiseducatius.xtec.cat\/cda-cansantoi\/wp-content\/uploads\/usu1385\/2023\/06\/7-1.jpg\" alt=\"\" width=\"368\" height=\"283\" \/>El segon dia ens vam apropar al <a href=\"https:\/\/serveiseducatius.xtec.cat\/cda-altbergueda\/ambits\/totes-les-activitats\/estudi-del-curs-alt-del-riu-llobregat\/\">riu Llobregat a l&#8217;al\u00e7ada del Pont de Pedret<\/a>, tant per analitzar el bi\u00f2top i la biocenosi de l&#8217;ecosistema del bosc de ribera com per prendre mostres dels macroinvertebrats aqu\u00e0tics presents en el tram estudiat. Despr\u00e9s hem tornat de nou a l&#8217;escola per observar els macroinvertebrats capturats i procedir a la seva identificaci\u00f3 amb l\u2019ajuda de guies, claus dicot\u00f2miques i lupes binoculars. Amb tota la informaci\u00f3 recopilada hem pogut determinar l&#8217;\u00edndex de qualitat de l&#8217;aigua del riu, basat en els bioindicadors observats, concloent que la qualitat de l&#8217;aigua era molt bona.<\/p>\n<p><img loading=\"lazy\" decoding=\"async\" class=\"alignright wp-image-17863\" src=\"https:\/\/serveiseducatius.xtec.cat\/cda-cansantoi\/wp-content\/uploads\/usu1385\/2023\/06\/8-225x300.jpg\" alt=\"\" width=\"163\" height=\"218\" srcset=\"https:\/\/serveiseducatius.xtec.cat\/cda-cansantoi\/wp-content\/uploads\/usu1385\/2023\/06\/8-225x300.jpg 225w, https:\/\/serveiseducatius.xtec.cat\/cda-cansantoi\/wp-content\/uploads\/usu1385\/2023\/06\/8.jpg 300w\" sizes=\"auto, (max-width: 163px) 100vw, 163px\" \/>L&#8217;\u00faltim dia el vam dedicar a estudiar la geologia i la vegetaci\u00f3 de la Serra de Queralt. La primera part consistia en un itinerari geol\u00f2gic al voltant del <a href=\"https:\/\/www.catalunya.com\/santuari-de-la-mare-de-deu-de-queralt-17-16003-389?language=ca\">Santuari de la Mare de D\u00e9u de Queralt<\/a>. El circuit constava de 7 punts d&#8217;observaci\u00f3 en els que els\/les alumnes havien de completar diferents activitats. En la segona part vam poder comparar la vegetaci\u00f3 dels dos vessants oposats, el de solell i el d&#8217;obaga, a partir de l&#8217;observaci\u00f3 i identificaci\u00f3 de les esp\u00e8cies vegetals presents a l&#8217;estatge de vegetaci\u00f3 mont\u00e0, en el que ens trob\u00e0vem, a partir de l&#8217;herbari proporcionat pel <a href=\"https:\/\/serveiseducatius.xtec.cat\/cda-altbergueda\/\">CdA de l&#8217;Alt Bergued\u00e0<\/a>.<\/p>\n<p><img loading=\"lazy\" decoding=\"async\" class=\" wp-image-17859 alignleft\" src=\"https:\/\/serveiseducatius.xtec.cat\/cda-cansantoi\/wp-content\/uploads\/usu1385\/2023\/06\/6-1.jpg\" alt=\"\" width=\"434\" height=\"243\" \/>Ens hem acomiadat despr\u00e9s de deixar enrere unes jornades molt \u00fatils per intercanviar coneixements i pr\u00e0ctiques que s\u00f3n similars als dos camps d&#8217;aprenentatge, per\u00f2 aviat ens tornarem a veure per terres berguedanes, ja que els dies 5, 6 i 7 de juliol tindran lloc les <a href=\"https:\/\/projectes.xtec.cat\/camps\/mapa-cda-i-eda\/\">jornades anuals dels CdA i EdA<\/a> en la que rebrem una formaci\u00f3 a c\u00e0rrec de l&#8217;<a href=\"https:\/\/serveiseducatius.xtec.cat\/edatuixent\/\">EdA de Tuixent<\/a>.i dels Serveis Centrals de Xarxes i Serveis educatius.<\/p>\n<p>Fins ben aviat!<\/p>\n","protected":false},"excerpt":{"rendered":"<p>Dimecres 14, dijous 15 i divendres 16 de juny l&#8217;equip del CdA de Can Santoi ens vam despla\u00e7ar al CdA de l&#8217;Alt Bergued\u00e0 per realitzar unes jornades de formaci\u00f3 interna on compartir els aprenentatges i les experi\u00e8ncies acumulades, a m\u00e9s de realitzar algunes activitats en com\u00fa per tal d&#8217;intercanviar impressions i metodologies. En Roger, en [&hellip;]<\/p>\n","protected":false},"author":3,"featured_media":17854,"comment_status":"open","ping_status":"closed","sticky":false,"template":"","format":"standard","meta":{"_bbp_topic_count":0,"_bbp_reply_count":0,"_bbp_total_topic_count":0,"_bbp_total_reply_count":0,"_bbp_voice_count":0,"_bbp_anonymous_reply_count":0,"_bbp_topic_count_hidden":0,"_bbp_reply_count_hidden":0,"_bbp_forum_subforum_count":0,"site-sidebar-layout":"default","site-content-layout":"","ast-site-content-layout":"","site-content-style":"default","site-sidebar-style":"default","ast-global-header-display":"","ast-banner-title-visibility":"","ast-main-header-display":"","ast-hfb-above-header-display":"","ast-hfb-below-header-display":"","ast-hfb-mobile-header-display":"","site-post-title":"","ast-breadcrumbs-content":"","ast-featured-img":"","footer-sml-layout":"","theme-transparent-header-meta":"","adv-header-id-meta":"","stick-header-meta":"","header-above-stick-meta":"","header-main-stick-meta":"","header-below-stick-meta":"","astra-migrate-meta-layouts":"default","ast-page-background-enabled":"default","ast-page-background-meta":{"desktop":{"background-color":"var(--ast-global-color-4)","background-image":"","background-repeat":"repeat","background-position":"center center","background-size":"auto","background-attachment":"scroll","background-type":"","background-media":"","overlay-type":"","overlay-color":"","overlay-opacity":"","overlay-gradient":""},"tablet":{"background-color":"","background-image":"","background-repeat":"repeat","background-position":"center center","background-size":"auto","background-attachment":"scroll","background-type":"","background-media":"","overlay-type":"","overlay-color":"","overlay-opacity":"","overlay-gradient":""},"mobile":{"background-color":"","background-image":"","background-repeat":"repeat","background-position":"center center","background-size":"auto","background-attachment":"scroll","background-type":"","background-media":"","overlay-type":"","overlay-color":"","overlay-opacity":"","overlay-gradient":""}},"ast-content-background-meta":{"desktop":{"background-color":"var(--ast-global-color-5)","background-image":"","background-repeat":"repeat","background-position":"center center","background-size":"auto","background-attachment":"scroll","background-type":"","background-media":"","overlay-type":"","overlay-color":"","overlay-opacity":"","overlay-gradient":""},"tablet":{"background-color":"var(--ast-global-color-5)","background-image":"","background-repeat":"repeat","background-position":"center center","background-size":"auto","background-attachment":"scroll","background-type":"","background-media":"","overlay-type":"","overlay-color":"","overlay-opacity":"","overlay-gradient":""},"mobile":{"background-color":"var(--ast-global-color-5)","background-image":"","background-repeat":"repeat","background-position":"center center","background-size":"auto","background-attachment":"scroll","background-type":"","background-media":"","overlay-type":"","overlay-color":"","overlay-opacity":"","overlay-gradient":""}},"footnotes":""},"categories":[395,393,399,1,29],"tags":[],"class_list":["post-17850","post","type-post","status-publish","format-standard","has-post-thumbnail","hentry","category-aprendreambelscampsientorns","category-campsientornsdaprenentatge","category-projectecda","category-general","category-portada"],"post_mailing_queue_ids":[],"_links":{"self":[{"href":"https:\/\/serveiseducatius.xtec.cat\/cda-cansantoi\/wp-json\/wp\/v2\/posts\/17850","targetHints":{"allow":["GET"]}}],"collection":[{"href":"https:\/\/serveiseducatius.xtec.cat\/cda-cansantoi\/wp-json\/wp\/v2\/posts"}],"about":[{"href":"https:\/\/serveiseducatius.xtec.cat\/cda-cansantoi\/wp-json\/wp\/v2\/types\/post"}],"author":[{"embeddable":true,"href":"https:\/\/serveiseducatius.xtec.cat\/cda-cansantoi\/wp-json\/wp\/v2\/users\/3"}],"replies":[{"embeddable":true,"href":"https:\/\/serveiseducatius.xtec.cat\/cda-cansantoi\/wp-json\/wp\/v2\/comments?post=17850"}],"version-history":[{"count":3,"href":"https:\/\/serveiseducatius.xtec.cat\/cda-cansantoi\/wp-json\/wp\/v2\/posts\/17850\/revisions"}],"predecessor-version":[{"id":17875,"href":"https:\/\/serveiseducatius.xtec.cat\/cda-cansantoi\/wp-json\/wp\/v2\/posts\/17850\/revisions\/17875"}],"wp:featuredmedia":[{"embeddable":true,"href":"https:\/\/serveiseducatius.xtec.cat\/cda-cansantoi\/wp-json\/wp\/v2\/media\/17854"}],"wp:attachment":[{"href":"https:\/\/serveiseducatius.xtec.cat\/cda-cansantoi\/wp-json\/wp\/v2\/media?parent=17850"}],"wp:term":[{"taxonomy":"category","embeddable":true,"href":"https:\/\/serveiseducatius.xtec.cat\/cda-cansantoi\/wp-json\/wp\/v2\/categories?post=17850"},{"taxonomy":"post_tag","embeddable":true,"href":"https:\/\/serveiseducatius.xtec.cat\/cda-cansantoi\/wp-json\/wp\/v2\/tags?post=17850"}],"curies":[{"name":"wp","href":"https:\/\/api.w.org\/{rel}","templated":true}]}}