{"id":16624,"date":"2023-02-09T18:31:38","date_gmt":"2023-02-09T17:31:38","guid":{"rendered":"https:\/\/serveiseducatius.xtec.cat\/cda-cansantoi\/?p=16624"},"modified":"2023-02-09T18:33:11","modified_gmt":"2023-02-09T17:33:11","slug":"les-sensacions-termiques-dels-futurs-meteorolegs-del-miquel-marti-i-pol","status":"publish","type":"post","link":"https:\/\/serveiseducatius.xtec.cat\/cda-cansantoi\/general\/les-sensacions-termiques-dels-futurs-meteorolegs-del-miquel-marti-i-pol\/","title":{"rendered":"Les sensacions t\u00e8rmiques dels futurs meteor\u00f2legs del Miquel Mart\u00ed i Pol"},"content":{"rendered":"<p><img loading=\"lazy\" decoding=\"async\" class=\" wp-image-16628 alignleft\" src=\"https:\/\/serveiseducatius.xtec.cat\/cda-cansantoi\/wp-content\/uploads\/usu1385\/2023\/02\/MUNT-4-300x300.jpg\" alt=\"\" width=\"322\" height=\"322\" srcset=\"https:\/\/serveiseducatius.xtec.cat\/cda-cansantoi\/wp-content\/uploads\/usu1385\/2023\/02\/MUNT-4.jpg 300w, https:\/\/serveiseducatius.xtec.cat\/cda-cansantoi\/wp-content\/uploads\/usu1385\/2023\/02\/MUNT-4-150x150.jpg 150w\" sizes=\"auto, (max-width: 322px) 100vw, 322px\" \/>Les classes &#8220;<em>Cleopatra VII<\/em>&#8221; i &#8220;<em>Rosalind Franklin<\/em>&#8220;, alumnat de 5\u00e8 curs de l<a href=\"https:\/\/agora.xtec.cat\/escolamartipolsantfeliu\/\">&#8216;<strong>Escola Miquel Mart\u00ed i Pol<\/strong><\/a> de Sant Feliu de Llobregat, han vingut al <a href=\"https:\/\/serveiseducatius.xtec.cat\/cda-cansantoi\/\" target=\"_blank\" rel=\"noopener\">Camp d\u2019Aprenentatge de Can Santoi<\/a> avui dijous 9 de febrer de 2023 per realitzar l\u2019<a href=\"https:\/\/serveiseducatius.xtec.cat\/cda-cansantoi\/ambits\/meteorologi\/observacio-i-mesura-temps-atmosferic-csp\/\" target=\"_blank\" rel=\"noopener noreferrer\">activitat de meteorologia<\/a>.<\/p>\n<p>Han comen\u00e7at amb una introducci\u00f3 sobre alguns dels principals instruments meteorol\u00f2gics i les seves unitats de mesura. I \u00e9s que una de les activitats consistia en completar una gimcana on havien de trobar 8 <a href=\"https:\/\/serveiseducatius.xtec.cat\/cda-cansantoi\/categoria\/articles-aparells-meteorologia\/\" target=\"_blank\" rel=\"noopener\">aparells meteorol\u00f2gics<\/a> (quatre tipus de <strong>term\u00f2metres<\/strong>, <strong>higr\u00f2metre<\/strong>, <strong>penell<\/strong>, <strong>pluvi\u00f2metre<\/strong> i <strong>anem\u00f2metre<\/strong>), anotar el valor en la unitat corresponent\u00a0 i completar una fitxa per tal d\u2019aprendre com funcionava cada aparell. Per aix\u00f2, pr\u00e8viament s&#8217;han repartit en diversos grups de treball i quan han arribat a la pista han descobert que els hi esperava el \u201ctaller de sensacions\u201d, una activitat sorpresa on han fet servir el seu propi cos per esbrinar la temperatura de l&#8217;aire, de l&#8217;aigua i del terra basant-se \u00fanicament en la percepci\u00f3 dels seus termoreceptors!<\/p>\n<p><img loading=\"lazy\" decoding=\"async\" class=\"alignright size-medium wp-image-16625\" src=\"https:\/\/serveiseducatius.xtec.cat\/cda-cansantoi\/wp-content\/uploads\/usu1385\/2023\/02\/1-3-169x300.jpg\" alt=\"\" width=\"169\" height=\"300\" srcset=\"https:\/\/serveiseducatius.xtec.cat\/cda-cansantoi\/wp-content\/uploads\/usu1385\/2023\/02\/1-3-169x300.jpg 169w, https:\/\/serveiseducatius.xtec.cat\/cda-cansantoi\/wp-content\/uploads\/usu1385\/2023\/02\/1-3.jpg 300w\" sizes=\"auto, (max-width: 169px) 100vw, 169px\" \/>Tamb\u00e9 han pres nota de les dades reals dels diferents sensors instal\u00b7lats a la caseta meteorol\u00f2gica del Camp d\u2019Aprenentatge.<\/p>\n<p>Han acabat el mat\u00ed fent de meteor\u00f2legs professionals preparant una predicci\u00f3 dels temps pel dia seg\u00fcent a partir del mapa de s\u00edmbols del <a href=\"https:\/\/www.meteo.cat\/prediccio\/general\" target=\"_blank\" rel=\"noopener noreferrer\">Servei Meteorol\u00f2gic de Catalunya<\/a>. Primer han dissenyat un gui\u00f3, s\u2019han repartit les tasques de presentadors, director, c\u00e0mera, focus i apuntador i les han enregistrat en v\u00eddeo simulant ser el Tom\u00e0s Molina.<\/p>\n<p>Han completat una feina magn\u00edfica i han demostrat un gran inter\u00e8s! Felicitats futurs meteor\u00f2legs i meteor\u00f2logues!<\/p>\n","protected":false},"excerpt":{"rendered":"<p>Les classes &#8220;Cleopatra VII&#8221; i &#8220;Rosalind Franklin&#8220;, alumnat de 5\u00e8 curs de l&#8216;Escola Miquel Mart\u00ed i Pol de Sant Feliu de Llobregat, han vingut al Camp d\u2019Aprenentatge de Can Santoi avui dijous 9 de febrer de 2023 per realitzar l\u2019activitat de meteorologia. Han comen\u00e7at amb una introducci\u00f3 sobre alguns dels principals instruments meteorol\u00f2gics i les [&hellip;]<\/p>\n","protected":false},"author":3,"featured_media":16626,"comment_status":"open","ping_status":"closed","sticky":false,"template":"","format":"standard","meta":{"_bbp_topic_count":0,"_bbp_reply_count":0,"_bbp_total_topic_count":0,"_bbp_total_reply_count":0,"_bbp_voice_count":0,"_bbp_anonymous_reply_count":0,"_bbp_topic_count_hidden":0,"_bbp_reply_count_hidden":0,"_bbp_forum_subforum_count":0,"site-sidebar-layout":"default","site-content-layout":"","ast-site-content-layout":"","site-content-style":"default","site-sidebar-style":"default","ast-global-header-display":"","ast-banner-title-visibility":"","ast-main-header-display":"","ast-hfb-above-header-display":"","ast-hfb-below-header-display":"","ast-hfb-mobile-header-display":"","site-post-title":"","ast-breadcrumbs-content":"","ast-featured-img":"","footer-sml-layout":"","theme-transparent-header-meta":"","adv-header-id-meta":"","stick-header-meta":"","header-above-stick-meta":"","header-main-stick-meta":"","header-below-stick-meta":"","astra-migrate-meta-layouts":"default","ast-page-background-enabled":"default","ast-page-background-meta":{"desktop":{"background-color":"var(--ast-global-color-4)","background-image":"","background-repeat":"repeat","background-position":"center center","background-size":"auto","background-attachment":"scroll","background-type":"","background-media":"","overlay-type":"","overlay-color":"","overlay-opacity":"","overlay-gradient":""},"tablet":{"background-color":"","background-image":"","background-repeat":"repeat","background-position":"center center","background-size":"auto","background-attachment":"scroll","background-type":"","background-media":"","overlay-type":"","overlay-color":"","overlay-opacity":"","overlay-gradient":""},"mobile":{"background-color":"","background-image":"","background-repeat":"repeat","background-position":"center center","background-size":"auto","background-attachment":"scroll","background-type":"","background-media":"","overlay-type":"","overlay-color":"","overlay-opacity":"","overlay-gradient":""}},"ast-content-background-meta":{"desktop":{"background-color":"var(--ast-global-color-5)","background-image":"","background-repeat":"repeat","background-position":"center center","background-size":"auto","background-attachment":"scroll","background-type":"","background-media":"","overlay-type":"","overlay-color":"","overlay-opacity":"","overlay-gradient":""},"tablet":{"background-color":"var(--ast-global-color-5)","background-image":"","background-repeat":"repeat","background-position":"center center","background-size":"auto","background-attachment":"scroll","background-type":"","background-media":"","overlay-type":"","overlay-color":"","overlay-opacity":"","overlay-gradient":""},"mobile":{"background-color":"var(--ast-global-color-5)","background-image":"","background-repeat":"repeat","background-position":"center center","background-size":"auto","background-attachment":"scroll","background-type":"","background-media":"","overlay-type":"","overlay-color":"","overlay-opacity":"","overlay-gradient":""}},"footnotes":""},"categories":[395,393,399,397,1,287,29],"tags":[],"class_list":["post-16624","post","type-post","status-publish","format-standard","has-post-thumbnail","hentry","category-aprendreambelscampsientorns","category-campsientornsdaprenentatge","category-projectecda","category-sortidacda","category-general","category-meteorologia","category-portada"],"post_mailing_queue_ids":[],"_links":{"self":[{"href":"https:\/\/serveiseducatius.xtec.cat\/cda-cansantoi\/wp-json\/wp\/v2\/posts\/16624","targetHints":{"allow":["GET"]}}],"collection":[{"href":"https:\/\/serveiseducatius.xtec.cat\/cda-cansantoi\/wp-json\/wp\/v2\/posts"}],"about":[{"href":"https:\/\/serveiseducatius.xtec.cat\/cda-cansantoi\/wp-json\/wp\/v2\/types\/post"}],"author":[{"embeddable":true,"href":"https:\/\/serveiseducatius.xtec.cat\/cda-cansantoi\/wp-json\/wp\/v2\/users\/3"}],"replies":[{"embeddable":true,"href":"https:\/\/serveiseducatius.xtec.cat\/cda-cansantoi\/wp-json\/wp\/v2\/comments?post=16624"}],"version-history":[{"count":3,"href":"https:\/\/serveiseducatius.xtec.cat\/cda-cansantoi\/wp-json\/wp\/v2\/posts\/16624\/revisions"}],"predecessor-version":[{"id":16632,"href":"https:\/\/serveiseducatius.xtec.cat\/cda-cansantoi\/wp-json\/wp\/v2\/posts\/16624\/revisions\/16632"}],"wp:featuredmedia":[{"embeddable":true,"href":"https:\/\/serveiseducatius.xtec.cat\/cda-cansantoi\/wp-json\/wp\/v2\/media\/16626"}],"wp:attachment":[{"href":"https:\/\/serveiseducatius.xtec.cat\/cda-cansantoi\/wp-json\/wp\/v2\/media?parent=16624"}],"wp:term":[{"taxonomy":"category","embeddable":true,"href":"https:\/\/serveiseducatius.xtec.cat\/cda-cansantoi\/wp-json\/wp\/v2\/categories?post=16624"},{"taxonomy":"post_tag","embeddable":true,"href":"https:\/\/serveiseducatius.xtec.cat\/cda-cansantoi\/wp-json\/wp\/v2\/tags?post=16624"}],"curies":[{"name":"wp","href":"https:\/\/api.w.org\/{rel}","templated":true}]}}