{"id":14973,"date":"2022-05-18T13:08:22","date_gmt":"2022-05-18T11:08:22","guid":{"rendered":"https:\/\/serveiseducatius.xtec.cat\/cda-cansantoi\/?p=14973"},"modified":"2022-05-18T13:09:22","modified_gmt":"2022-05-18T11:09:22","slug":"la-prediccio-del-temps-amb-lescola-mediterrania","status":"publish","type":"post","link":"https:\/\/serveiseducatius.xtec.cat\/cda-cansantoi\/portada\/la-prediccio-del-temps-amb-lescola-mediterrania\/","title":{"rendered":"La predicci\u00f3 del temps amb l\u2019Escola Mediterr\u00e0nia"},"content":{"rendered":"<p><span style=\"font-family: helvetica, arial, sans-serif;\">Els alumnes de 3r de l\u2019<a href=\"https:\/\/agora.xtec.cat\/esc-medipineda\/\">Escola Mediterr\u00e0nia<\/a> de Pineda de Mar han viatjat fins al Camp d\u2019Aprenentatge de Can Santoi el dia 17 de maig per realitzar l\u2019activitat de <strong>meteorologia<\/strong> i <strong>aprendre quins aparells utilitzem<\/strong> per saber <a href=\"https:\/\/serveiseducatius.xtec.cat\/cda-cansantoi\/ambits\/meteorologi\/quin-temps-fa\/\">quin temps fa<\/a> i <strong>poder fer-ne la predicci\u00f3 dels pr\u00f2xims dies<\/strong>. Ha estat un dia molt calor\u00f3s i hem aprofitat per refrescar-nos una mica.<\/span><\/p>\n<p><span style=\"font-family: helvetica, arial, sans-serif;\"><img loading=\"lazy\" decoding=\"async\" class=\"alignleft size-full wp-image-14977\" src=\"https:\/\/serveiseducatius.xtec.cat\/cda-cansantoi\/wp-content\/uploads\/usu1385\/2022\/05\/image_bona_p.png\" alt=\"\" width=\"300\" height=\"228\" \/>Per comen\u00e7ar hem vist els diferents aparells que ens permeten saber la temperatura (els term\u00f2metres d\u2019aire, aigua i terra), la quantitat de pluja que ha caigut (el pluvi\u00f2metre), la velocitat del vent (l\u2019anem\u00f2metre) i la seva direcci\u00f3 (el penell, ajudant-nos d\u2019una br\u00faixola per orientar-lo), hem fet una gimcana on hem apr\u00e8s a utilitzar tots aquests aparells i hem enregistrat totes les dades en una fitxa amb les seves unitats corresponents.<img loading=\"lazy\" decoding=\"async\" class=\"size-medium wp-image-14978 alignright\" src=\"https:\/\/serveiseducatius.xtec.cat\/cda-cansantoi\/wp-content\/uploads\/usu1385\/2022\/05\/IMG_20220518_101601_bona_p-300x300.jpg\" alt=\"\" width=\"300\" height=\"300\" srcset=\"https:\/\/serveiseducatius.xtec.cat\/cda-cansantoi\/wp-content\/uploads\/usu1385\/2022\/05\/IMG_20220518_101601_bona_p.jpg 300w, https:\/\/serveiseducatius.xtec.cat\/cda-cansantoi\/wp-content\/uploads\/usu1385\/2022\/05\/IMG_20220518_101601_bona_p-150x150.jpg 150w\" sizes=\"auto, (max-width: 300px) 100vw, 300px\" \/><\/span><\/p>\n<p><span style=\"font-family: helvetica, arial, sans-serif;\">Despr\u00e9s hem vist la <strong>caseta meteorol\u00f2gica<\/strong> que tenim al Camp d\u2019Aprenentatge i hem observat les dades meteorol\u00f2giques del dia d\u2019avui. Hem vist que feia molta calor i no havia plogut ni una gota! <\/span><\/p>\n<p><span style=\"font-family: helvetica, arial, sans-serif;\">Seguidament, <strong>hem utilitzat la nostra pell com un term\u00f2metre<\/strong> i hem vist que nosaltres tamb\u00e9 percebem la temperatura, per\u00f2 cadasc\u00fa amb petites difer\u00e8ncies, despr\u00e9s hem comparat el que hav\u00edem notat nosaltres amb la temperatura real que marcaven els term\u00f2metres.<\/span><\/p>\n<p><span style=\"font-family: helvetica, arial, sans-serif;\">Per acabar, hem fet la feina dels meteor\u00f2legs de la predicci\u00f3 del temps, hem preparat el mapa del temps de l\u2019endem\u00e0 i en equips ens hem repartit les diferents tasques que s\u2019han de fer per poder <strong>gravar la predicci\u00f3 del temps a la televisi\u00f3<\/strong>, aquestes tasques s\u00f3n les de direcci\u00f3, presentadors, apuntador, c\u00e0mera i il\u00b7luminaci\u00f3. <\/span><\/p>\n<p><span style=\"font-family: helvetica, arial, sans-serif;\">Ens ho hem passat molt b\u00e9 alhora que hem apr\u00e8s moltes coses noves!<\/span><\/p>\n","protected":false},"excerpt":{"rendered":"<p>Els alumnes de 3r de l\u2019Escola Mediterr\u00e0nia de Pineda de Mar han viatjat fins al Camp d\u2019Aprenentatge de Can Santoi el dia 17 de maig per realitzar l\u2019activitat de meteorologia i aprendre quins aparells utilitzem per saber quin temps fa i poder fer-ne la predicci\u00f3 dels pr\u00f2xims dies. Ha estat un dia molt calor\u00f3s i [&hellip;]<\/p>\n","protected":false},"author":3,"featured_media":14977,"comment_status":"open","ping_status":"closed","sticky":false,"template":"","format":"standard","meta":{"_bbp_topic_count":0,"_bbp_reply_count":0,"_bbp_total_topic_count":0,"_bbp_total_reply_count":0,"_bbp_voice_count":0,"_bbp_anonymous_reply_count":0,"_bbp_topic_count_hidden":0,"_bbp_reply_count_hidden":0,"_bbp_forum_subforum_count":0,"site-sidebar-layout":"default","site-content-layout":"","ast-site-content-layout":"","site-content-style":"default","site-sidebar-style":"default","ast-global-header-display":"","ast-banner-title-visibility":"","ast-main-header-display":"","ast-hfb-above-header-display":"","ast-hfb-below-header-display":"","ast-hfb-mobile-header-display":"","site-post-title":"","ast-breadcrumbs-content":"","ast-featured-img":"","footer-sml-layout":"","theme-transparent-header-meta":"","adv-header-id-meta":"","stick-header-meta":"","header-above-stick-meta":"","header-main-stick-meta":"","header-below-stick-meta":"","astra-migrate-meta-layouts":"default","ast-page-background-enabled":"default","ast-page-background-meta":{"desktop":{"background-color":"var(--ast-global-color-4)","background-image":"","background-repeat":"repeat","background-position":"center center","background-size":"auto","background-attachment":"scroll","background-type":"","background-media":"","overlay-type":"","overlay-color":"","overlay-opacity":"","overlay-gradient":""},"tablet":{"background-color":"","background-image":"","background-repeat":"repeat","background-position":"center center","background-size":"auto","background-attachment":"scroll","background-type":"","background-media":"","overlay-type":"","overlay-color":"","overlay-opacity":"","overlay-gradient":""},"mobile":{"background-color":"","background-image":"","background-repeat":"repeat","background-position":"center center","background-size":"auto","background-attachment":"scroll","background-type":"","background-media":"","overlay-type":"","overlay-color":"","overlay-opacity":"","overlay-gradient":""}},"ast-content-background-meta":{"desktop":{"background-color":"var(--ast-global-color-5)","background-image":"","background-repeat":"repeat","background-position":"center center","background-size":"auto","background-attachment":"scroll","background-type":"","background-media":"","overlay-type":"","overlay-color":"","overlay-opacity":"","overlay-gradient":""},"tablet":{"background-color":"var(--ast-global-color-5)","background-image":"","background-repeat":"repeat","background-position":"center center","background-size":"auto","background-attachment":"scroll","background-type":"","background-media":"","overlay-type":"","overlay-color":"","overlay-opacity":"","overlay-gradient":""},"mobile":{"background-color":"var(--ast-global-color-5)","background-image":"","background-repeat":"repeat","background-position":"center center","background-size":"auto","background-attachment":"scroll","background-type":"","background-media":"","overlay-type":"","overlay-color":"","overlay-opacity":"","overlay-gradient":""}},"footnotes":""},"categories":[395,393,262,287,29],"tags":[],"class_list":["post-14973","post","type-post","status-publish","format-standard","has-post-thumbnail","hentry","category-aprendreambelscampsientorns","category-campsientornsdaprenentatge","category-activitats","category-meteorologia","category-portada"],"post_mailing_queue_ids":[],"_links":{"self":[{"href":"https:\/\/serveiseducatius.xtec.cat\/cda-cansantoi\/wp-json\/wp\/v2\/posts\/14973","targetHints":{"allow":["GET"]}}],"collection":[{"href":"https:\/\/serveiseducatius.xtec.cat\/cda-cansantoi\/wp-json\/wp\/v2\/posts"}],"about":[{"href":"https:\/\/serveiseducatius.xtec.cat\/cda-cansantoi\/wp-json\/wp\/v2\/types\/post"}],"author":[{"embeddable":true,"href":"https:\/\/serveiseducatius.xtec.cat\/cda-cansantoi\/wp-json\/wp\/v2\/users\/3"}],"replies":[{"embeddable":true,"href":"https:\/\/serveiseducatius.xtec.cat\/cda-cansantoi\/wp-json\/wp\/v2\/comments?post=14973"}],"version-history":[{"count":3,"href":"https:\/\/serveiseducatius.xtec.cat\/cda-cansantoi\/wp-json\/wp\/v2\/posts\/14973\/revisions"}],"predecessor-version":[{"id":14979,"href":"https:\/\/serveiseducatius.xtec.cat\/cda-cansantoi\/wp-json\/wp\/v2\/posts\/14973\/revisions\/14979"}],"wp:featuredmedia":[{"embeddable":true,"href":"https:\/\/serveiseducatius.xtec.cat\/cda-cansantoi\/wp-json\/wp\/v2\/media\/14977"}],"wp:attachment":[{"href":"https:\/\/serveiseducatius.xtec.cat\/cda-cansantoi\/wp-json\/wp\/v2\/media?parent=14973"}],"wp:term":[{"taxonomy":"category","embeddable":true,"href":"https:\/\/serveiseducatius.xtec.cat\/cda-cansantoi\/wp-json\/wp\/v2\/categories?post=14973"},{"taxonomy":"post_tag","embeddable":true,"href":"https:\/\/serveiseducatius.xtec.cat\/cda-cansantoi\/wp-json\/wp\/v2\/tags?post=14973"}],"curies":[{"name":"wp","href":"https:\/\/api.w.org\/{rel}","templated":true}]}}