{"id":12480,"date":"2021-02-12T11:49:35","date_gmt":"2021-02-12T10:49:35","guid":{"rendered":"http:\/\/serveiseducatius.xtec.cat\/cda-cansantoi\/?p=12480"},"modified":"2021-02-12T13:06:31","modified_gmt":"2021-02-12T12:06:31","slug":"identifiquem-els-invertebrats-de-la-riera-de-vallvidrera","status":"publish","type":"post","link":"https:\/\/serveiseducatius.xtec.cat\/cda-cansantoi\/general\/identifiquem-els-invertebrats-de-la-riera-de-vallvidrera\/","title":{"rendered":"Identifiquem els invertebrats de la riera de Vallvidrera!"},"content":{"rendered":"<p>El dijous 11 de febrer de 2021\u00a0 la classe de 5\u00e8 de l\u2019<strong>Escola Pont de la Cadena<\/strong> de Molins de Rei han vingut per aprendre sobre l\u2019ecosistema de <a href=\"http:\/\/xtec.cat\/cda-cansantoi\/La_riera_csp_v4.pdf\" target=\"_blank\" rel=\"noopener noreferrer\">la riera de Vallvidrera<\/a> i con\u00e8ixer l&#8217;estat de qualitat de les seves aig\u00fces.<\/p>\n<p><img loading=\"lazy\" decoding=\"async\" class=\"size-medium wp-image-12481 alignleft\" src=\"https:\/\/serveiseducatius.xtec.cat\/cda-cansantoi\/wp-content\/uploads\/usu1385\/2021\/02\/IMG_4004-210x300.jpg\" alt=\"\" width=\"210\" height=\"300\" srcset=\"https:\/\/serveiseducatius.xtec.cat\/cda-cansantoi\/wp-content\/uploads\/usu1385\/2021\/02\/IMG_4004-210x300.jpg 210w, https:\/\/serveiseducatius.xtec.cat\/cda-cansantoi\/wp-content\/uploads\/usu1385\/2021\/02\/IMG_4004.jpg 449w\" sizes=\"auto, (max-width: 210px) 100vw, 210px\" \/>Per comen\u00e7ar han aportat idees de com podrien investigar l\u2019ecosistema aqu\u00e0tic, quin material necessitarien i han revisat el material necessari per fer l\u2019estudi i s\u2019han dirigit cap a la font de l&#8217;arbre caigut per fer l&#8217;estudi..<\/p>\n<p>Quan han arribat, s\u2019han dividit en 6 equips i han comen\u00e7at a prendre mesures com la temperatura ambient i de l\u2019aigua,\u00a0 l\u2019amplada, la<\/p>\n<p style=\"font-family: 'Helvetica Neue', Helvetica, Helvetica, Arial, sans-serif; font-size: 16px;\"><img loading=\"lazy\" decoding=\"async\" class=\"size-medium wp-image-12485 alignright\" src=\"https:\/\/serveiseducatius.xtec.cat\/cda-cansantoi\/wp-content\/uploads\/usu1385\/2021\/02\/IMG_20210211_193022_765-300x300.jpg\" alt=\"\" width=\"300\" height=\"300\" srcset=\"https:\/\/serveiseducatius.xtec.cat\/cda-cansantoi\/wp-content\/uploads\/usu1385\/2021\/02\/IMG_20210211_193022_765-300x300.jpg 300w, https:\/\/serveiseducatius.xtec.cat\/cda-cansantoi\/wp-content\/uploads\/usu1385\/2021\/02\/IMG_20210211_193022_765-150x150.jpg 150w, https:\/\/serveiseducatius.xtec.cat\/cda-cansantoi\/wp-content\/uploads\/usu1385\/2021\/02\/IMG_20210211_193022_765-768x768.jpg 768w, https:\/\/serveiseducatius.xtec.cat\/cda-cansantoi\/wp-content\/uploads\/usu1385\/2021\/02\/IMG_20210211_193022_765-1024x1024.jpg 1024w, https:\/\/serveiseducatius.xtec.cat\/cda-cansantoi\/wp-content\/uploads\/usu1385\/2021\/02\/IMG_20210211_193022_765.jpg 1564w\" sizes=\"auto, (max-width: 300px) 100vw, 300px\" \/>fond\u00e0ria, la qualitat de l\u2019aigua la seva direcci\u00f3 i velocitat.<\/p>\n<p>Despr\u00e9s han identificat algunes plantes que formen el bosc de ribera que es troben\u00a0 en aquest tram de riera.<\/p>\n<p><span style=\"font-family: inherit; font-size: 1em;\">Continuant amb l\u2019estudi han capturat invertebrats aqu\u00e0tics \u00a0i els han portat al laboratori. Amb l\u2019ajuda de lupes binoculars i fitxes de suport han examinat <\/span><span style=\"font-family: inherit; font-size: 1em;\">detingudament tots els macroinvertebrats per tal d\u2019identificar-los i con\u00e8ixer les seves caracter\u00edstiques. Han capturat tamb\u00e9 el peix barb cua roja de considerables dimensions que han observat in situ per deixar-lo de nou lliure a la riera.<\/span><\/p>\n<p>Ajuntant tota la informaci\u00f3 de la investigaci\u00f3 han pogut avaluar la qualitat de l&#8217;aigua de la riera de Vallvidrera.<\/p>\n<p>Ha fet un dia fant\u00e0stic amb Sol i bona temperatura i mentre tornaven caminant, han tornat tots els animals de nou a la riera.<\/p>\n<p>Han sigut uns molt bons cient\u00edfics! Felicitats!<\/p>\n<div class=\"addtoany_share_save_container addtoany_content addtoany_content_bottom\">\n<div class=\"a2a_kit a2a_kit_size_25 addtoany_list\" data-a2a-url=\"https:\/\/serveiseducatius.xtec.cat\/cda-cansantoi\/general\/quin-descobriment-de-riera\/\" data-a2a-title=\"Quin descobriment de riera!\"><\/div>\n<\/div>\n","protected":false},"excerpt":{"rendered":"<p>El dijous 11 de febrer de 2021\u00a0 la classe de 5\u00e8 de l\u2019Escola Pont de la Cadena de Molins de Rei han vingut per aprendre sobre l\u2019ecosistema de la riera de Vallvidrera i con\u00e8ixer l&#8217;estat de qualitat de les seves aig\u00fces. Per comen\u00e7ar han aportat idees de com podrien investigar l\u2019ecosistema aqu\u00e0tic, quin material necessitarien [&hellip;]<\/p>\n","protected":false},"author":3,"featured_media":12484,"comment_status":"open","ping_status":"closed","sticky":false,"template":"","format":"standard","meta":{"_bbp_topic_count":0,"_bbp_reply_count":0,"_bbp_total_topic_count":0,"_bbp_total_reply_count":0,"_bbp_voice_count":0,"_bbp_anonymous_reply_count":0,"_bbp_topic_count_hidden":0,"_bbp_reply_count_hidden":0,"_bbp_forum_subforum_count":0,"site-sidebar-layout":"default","site-content-layout":"","ast-site-content-layout":"","site-content-style":"default","site-sidebar-style":"default","ast-global-header-display":"","ast-banner-title-visibility":"","ast-main-header-display":"","ast-hfb-above-header-display":"","ast-hfb-below-header-display":"","ast-hfb-mobile-header-display":"","site-post-title":"","ast-breadcrumbs-content":"","ast-featured-img":"","footer-sml-layout":"","theme-transparent-header-meta":"","adv-header-id-meta":"","stick-header-meta":"","header-above-stick-meta":"","header-main-stick-meta":"","header-below-stick-meta":"","astra-migrate-meta-layouts":"default","ast-page-background-enabled":"default","ast-page-background-meta":{"desktop":{"background-color":"var(--ast-global-color-4)","background-image":"","background-repeat":"repeat","background-position":"center center","background-size":"auto","background-attachment":"scroll","background-type":"","background-media":"","overlay-type":"","overlay-color":"","overlay-opacity":"","overlay-gradient":""},"tablet":{"background-color":"","background-image":"","background-repeat":"repeat","background-position":"center center","background-size":"auto","background-attachment":"scroll","background-type":"","background-media":"","overlay-type":"","overlay-color":"","overlay-opacity":"","overlay-gradient":""},"mobile":{"background-color":"","background-image":"","background-repeat":"repeat","background-position":"center center","background-size":"auto","background-attachment":"scroll","background-type":"","background-media":"","overlay-type":"","overlay-color":"","overlay-opacity":"","overlay-gradient":""}},"ast-content-background-meta":{"desktop":{"background-color":"var(--ast-global-color-5)","background-image":"","background-repeat":"repeat","background-position":"center center","background-size":"auto","background-attachment":"scroll","background-type":"","background-media":"","overlay-type":"","overlay-color":"","overlay-opacity":"","overlay-gradient":""},"tablet":{"background-color":"var(--ast-global-color-5)","background-image":"","background-repeat":"repeat","background-position":"center center","background-size":"auto","background-attachment":"scroll","background-type":"","background-media":"","overlay-type":"","overlay-color":"","overlay-opacity":"","overlay-gradient":""},"mobile":{"background-color":"var(--ast-global-color-5)","background-image":"","background-repeat":"repeat","background-position":"center center","background-size":"auto","background-attachment":"scroll","background-type":"","background-media":"","overlay-type":"","overlay-color":"","overlay-opacity":"","overlay-gradient":""}},"footnotes":""},"categories":[262,288,1,29],"tags":[],"class_list":["post-12480","post","type-post","status-publish","format-standard","has-post-thumbnail","hentry","category-activitats","category-ecosistemes","category-general","category-portada"],"post_mailing_queue_ids":[],"_links":{"self":[{"href":"https:\/\/serveiseducatius.xtec.cat\/cda-cansantoi\/wp-json\/wp\/v2\/posts\/12480","targetHints":{"allow":["GET"]}}],"collection":[{"href":"https:\/\/serveiseducatius.xtec.cat\/cda-cansantoi\/wp-json\/wp\/v2\/posts"}],"about":[{"href":"https:\/\/serveiseducatius.xtec.cat\/cda-cansantoi\/wp-json\/wp\/v2\/types\/post"}],"author":[{"embeddable":true,"href":"https:\/\/serveiseducatius.xtec.cat\/cda-cansantoi\/wp-json\/wp\/v2\/users\/3"}],"replies":[{"embeddable":true,"href":"https:\/\/serveiseducatius.xtec.cat\/cda-cansantoi\/wp-json\/wp\/v2\/comments?post=12480"}],"version-history":[{"count":3,"href":"https:\/\/serveiseducatius.xtec.cat\/cda-cansantoi\/wp-json\/wp\/v2\/posts\/12480\/revisions"}],"predecessor-version":[{"id":12488,"href":"https:\/\/serveiseducatius.xtec.cat\/cda-cansantoi\/wp-json\/wp\/v2\/posts\/12480\/revisions\/12488"}],"wp:featuredmedia":[{"embeddable":true,"href":"https:\/\/serveiseducatius.xtec.cat\/cda-cansantoi\/wp-json\/wp\/v2\/media\/12484"}],"wp:attachment":[{"href":"https:\/\/serveiseducatius.xtec.cat\/cda-cansantoi\/wp-json\/wp\/v2\/media?parent=12480"}],"wp:term":[{"taxonomy":"category","embeddable":true,"href":"https:\/\/serveiseducatius.xtec.cat\/cda-cansantoi\/wp-json\/wp\/v2\/categories?post=12480"},{"taxonomy":"post_tag","embeddable":true,"href":"https:\/\/serveiseducatius.xtec.cat\/cda-cansantoi\/wp-json\/wp\/v2\/tags?post=12480"}],"curies":[{"name":"wp","href":"https:\/\/api.w.org\/{rel}","templated":true}]}}