{"id":9671,"date":"2024-01-19T12:46:53","date_gmt":"2024-01-19T11:46:53","guid":{"rendered":"https:\/\/serveiseducatius.xtec.cat\/cda-barcelona\/?p=9671"},"modified":"2024-03-18T11:22:58","modified_gmt":"2024-03-18T10:22:58","slug":"moment-3-de-lescola-josep-balta-i-elias","status":"publish","type":"post","link":"https:\/\/serveiseducatius.xtec.cat\/cda-barcelona\/general\/moment-3-de-lescola-josep-balta-i-elias\/","title":{"rendered":"MOMENT 3 de l&#8217;escola Josep Balt\u00e0 i Elias"},"content":{"rendered":"<p>L&#8217;alumnat de 6\u00e8 de prim\u00e0ria de l&#8217;escola Josep Balt\u00e0 i Elias de Vilafranca del Pened\u00e8s, durant el primer trimestre, va realitzar una estada de tres dies al Camp d&#8217;Aprenentatge de Barcelona. Us compartim els diaris de l&#8217;estada que van realitzar els diversos grups de treball com a moment 3 o culminaci\u00f3 de les activitats programades en la seva estada.<\/p>\n<p><img loading=\"lazy\" decoding=\"async\" class=\"wp-image-9672 aligncenter\" src=\"https:\/\/serveiseducatius.xtec.cat\/cda-barcelona\/wp-content\/uploads\/usu149\/2024\/01\/3.jpg\" alt=\"\" width=\"314\" height=\"325\" srcset=\"https:\/\/serveiseducatius.xtec.cat\/cda-barcelona\/wp-content\/uploads\/usu149\/2024\/01\/3.jpg 698w, https:\/\/serveiseducatius.xtec.cat\/cda-barcelona\/wp-content\/uploads\/usu149\/2024\/01\/3-290x300.jpg 290w\" sizes=\"auto, (max-width: 314px) 100vw, 314px\" \/><\/p>\n<table style=\"border-collapse: collapse; width: 100%;\">\n<tbody>\n<tr>\n<td style=\"width: 14.2857%;\"><span style=\"font-size: 16px;\">Classe de 6\u00e8 A<\/span><\/td>\n<td style=\"width: 14.2857%;\"><a href=\"https:\/\/www.canva.com\/design\/DAF22d6eJfA\/WX4wD-d6RMS5bS-SoEoYzQ\/view?utm_content=DAF22d6eJfA&amp;utm_campaign=designshare&amp;utm_medium=link&amp;utm_source=editor\">Grup 1<\/a><\/td>\n<td style=\"width: 14.2857%;\"><a href=\"https:\/\/www.canva.com\/design\/DAF22TttwW8\/9dlOEESaqDQRxBOJUwWQMw\/view?utm_content=DAF22TttwW8&amp;utm_campaign=designshare&amp;utm_medium=link&amp;utm_source=editor\">Grup 2<\/a><\/td>\n<td style=\"width: 14.2857%;\"><a href=\"https:\/\/www.canva.com\/design\/DAF22bt4lq4\/0BUopXLHMU72g-MePBJjVw\/view?utm_content=DAF22bt4lq4&amp;utm_campaign=designshare&amp;utm_medium=link&amp;utm_source=viewer#7\">Grup 3<\/a><\/td>\n<td style=\"width: 14.2857%;\"><a href=\"https:\/\/www.canva.com\/design\/DAF22aHlgqs\/gKrMwp6K3GRvOrB3Uzi_5w\/view?utm_content=DAF22aHlgqs&amp;utm_campaign=designshare&amp;utm_medium=link&amp;utm_source=editor\">Grup 4<\/a><\/td>\n<td style=\"width: 14.2857%;\"><a href=\"https:\/\/www.canva.com\/design\/DAF22XpD2XA\/GwuwpDzxuAb2L949WnZ6qg\/view?utm_content=DAF22XpD2XA&amp;utm_campaign=designshare&amp;utm_medium=link&amp;utm_source=editor\">Grup 5<\/a><\/td>\n<td style=\"width: 14.2857%;\"><a href=\"https:\/\/www.canva.com\/design\/DAF28ojG8mA\/xbXxo9fJ_NTosCywke0vCg\/view?utm_content=DAF28ojG8mA&amp;utm_campaign=designshare&amp;utm_medium=link&amp;utm_source=editor\">Grup 6<\/a><\/td>\n<\/tr>\n<tr>\n<td style=\"width: 14.2857%;\"><span style=\"font-size: 16px;\">Classe de 6\u00e8 B<\/span><\/td>\n<td style=\"width: 14.2857%;\"><a href=\"https:\/\/www.canva.com\/design\/DAF22Ai21SY\/iTHI4HJz1jrN0oLV29UBEg\/view\">Grup 1<\/a><\/td>\n<td style=\"width: 14.2857%;\"><a href=\"https:\/\/www.canva.com\/design\/DAF22DevyCc\/Zc82PTLsRwcPykt5D2eFoQ\/view\">Grup 2<\/a><\/td>\n<td style=\"width: 14.2857%;\"><a href=\"https:\/\/www.canva.com\/design\/DAF22KUTvLQ\/CFVfai2T-fTlq5SocEMrOA\/edit?utm_content=DAF22KUTvLQ&amp;utm_campaign=designshare&amp;utm_medium=link2&amp;utm_source=sharebutton\">Grup 3<\/a><\/td>\n<td style=\"width: 14.2857%;\"><a href=\"https:\/\/www.canva.com\/design\/DAF22Mh-mwU\/JC1h-ZZJ6a5VqNYo73WjGQ\/view\">Grup 4<\/a><\/td>\n<td style=\"width: 14.2857%;\"><a href=\"https:\/\/www.canva.com\/design\/DAF22CzBiME\/6D_CHpnnYCmSSJAcKEYO7A\/edit?utm_content=DAF22CzBiME&amp;utm_campaign=designshare&amp;utm_medium=link2&amp;utm_source=sharebutton\">Grup 5<\/a><\/td>\n<td style=\"width: 14.2857%;\"><a href=\"https:\/\/www.canva.com\/design\/DAF22LrCi2s\/_UwyNh8kboA_f6bCo8UtrA\/edit?utm_content=DAF22LrCi2s&amp;utm_campaign=designshare&amp;utm_medium=link2&amp;utm_source=sharebutton\">Grup 6<\/a><\/td>\n<\/tr>\n<\/tbody>\n<\/table>\n<p>Un fort agra\u00efment dels docents del camp d&#8217;aprenentatge per la feina i implicaci\u00f3 de l&#8217;alumnat i professorat de l&#8217;escola Josep Balt\u00e0 i Elias.<\/p>\n","protected":false},"excerpt":{"rendered":"<p>L&#8217;alumnat de 6\u00e8 de prim\u00e0ria de l&#8217;escola Josep Balt\u00e0 i Elias de Vilafranca del Pened\u00e8s, durant el primer trimestre, va realitzar una estada de tres dies al Camp d&#8217;Aprenentatge de Barcelona. Us compartim els diaris de l&#8217;estada que van realitzar els diversos grups de treball com a moment 3 o culminaci\u00f3 de les activitats programades [&hellip;]<\/p>\n","protected":false},"author":7,"featured_media":0,"comment_status":"open","ping_status":"closed","sticky":false,"template":"","format":"standard","meta":{"_bbp_topic_count":0,"_bbp_reply_count":0,"_bbp_total_topic_count":0,"_bbp_total_reply_count":0,"_bbp_voice_count":0,"_bbp_anonymous_reply_count":0,"_bbp_topic_count_hidden":0,"_bbp_reply_count_hidden":0,"_bbp_forum_subforum_count":0,"site-sidebar-layout":"default","site-content-layout":"","ast-site-content-layout":"","site-content-style":"default","site-sidebar-style":"default","ast-global-header-display":"","ast-banner-title-visibility":"","ast-main-header-display":"","ast-hfb-above-header-display":"","ast-hfb-below-header-display":"","ast-hfb-mobile-header-display":"","site-post-title":"","ast-breadcrumbs-content":"","ast-featured-img":"","footer-sml-layout":"","theme-transparent-header-meta":"","adv-header-id-meta":"","stick-header-meta":"","header-above-stick-meta":"","header-main-stick-meta":"","header-below-stick-meta":"","astra-migrate-meta-layouts":"default","ast-page-background-enabled":"default","ast-page-background-meta":{"desktop":{"background-color":"var(--ast-global-color-4)","background-image":"","background-repeat":"repeat","background-position":"center center","background-size":"auto","background-attachment":"scroll","background-type":"","background-media":"","overlay-type":"","overlay-color":"","overlay-opacity":"","overlay-gradient":""},"tablet":{"background-color":"","background-image":"","background-repeat":"repeat","background-position":"center center","background-size":"auto","background-attachment":"scroll","background-type":"","background-media":"","overlay-type":"","overlay-color":"","overlay-opacity":"","overlay-gradient":""},"mobile":{"background-color":"","background-image":"","background-repeat":"repeat","background-position":"center center","background-size":"auto","background-attachment":"scroll","background-type":"","background-media":"","overlay-type":"","overlay-color":"","overlay-opacity":"","overlay-gradient":""}},"ast-content-background-meta":{"desktop":{"background-color":"var(--ast-global-color-5)","background-image":"","background-repeat":"repeat","background-position":"center center","background-size":"auto","background-attachment":"scroll","background-type":"","background-media":"","overlay-type":"","overlay-color":"","overlay-opacity":"","overlay-gradient":""},"tablet":{"background-color":"var(--ast-global-color-5)","background-image":"","background-repeat":"repeat","background-position":"center center","background-size":"auto","background-attachment":"scroll","background-type":"","background-media":"","overlay-type":"","overlay-color":"","overlay-opacity":"","overlay-gradient":""},"mobile":{"background-color":"var(--ast-global-color-5)","background-image":"","background-repeat":"repeat","background-position":"center center","background-size":"auto","background-attachment":"scroll","background-type":"","background-media":"","overlay-type":"","overlay-color":"","overlay-opacity":"","overlay-gradient":""}},"footnotes":""},"categories":[1,29],"tags":[327,310,329,325],"class_list":["post-9671","post","type-post","status-publish","format-standard","hentry","category-general","category-portada","tag-aprendreambelscampsientorns","tag-aprenem-amb-els-cda-eda","tag-cda-de-barcelona","tag-estadacda"],"post_mailing_queue_ids":[],"_links":{"self":[{"href":"https:\/\/serveiseducatius.xtec.cat\/cda-barcelona\/wp-json\/wp\/v2\/posts\/9671","targetHints":{"allow":["GET"]}}],"collection":[{"href":"https:\/\/serveiseducatius.xtec.cat\/cda-barcelona\/wp-json\/wp\/v2\/posts"}],"about":[{"href":"https:\/\/serveiseducatius.xtec.cat\/cda-barcelona\/wp-json\/wp\/v2\/types\/post"}],"author":[{"embeddable":true,"href":"https:\/\/serveiseducatius.xtec.cat\/cda-barcelona\/wp-json\/wp\/v2\/users\/7"}],"replies":[{"embeddable":true,"href":"https:\/\/serveiseducatius.xtec.cat\/cda-barcelona\/wp-json\/wp\/v2\/comments?post=9671"}],"version-history":[{"count":6,"href":"https:\/\/serveiseducatius.xtec.cat\/cda-barcelona\/wp-json\/wp\/v2\/posts\/9671\/revisions"}],"predecessor-version":[{"id":9683,"href":"https:\/\/serveiseducatius.xtec.cat\/cda-barcelona\/wp-json\/wp\/v2\/posts\/9671\/revisions\/9683"}],"wp:attachment":[{"href":"https:\/\/serveiseducatius.xtec.cat\/cda-barcelona\/wp-json\/wp\/v2\/media?parent=9671"}],"wp:term":[{"taxonomy":"category","embeddable":true,"href":"https:\/\/serveiseducatius.xtec.cat\/cda-barcelona\/wp-json\/wp\/v2\/categories?post=9671"},{"taxonomy":"post_tag","embeddable":true,"href":"https:\/\/serveiseducatius.xtec.cat\/cda-barcelona\/wp-json\/wp\/v2\/tags?post=9671"}],"curies":[{"name":"wp","href":"https:\/\/api.w.org\/{rel}","templated":true}]}}