{"id":10008,"date":"2023-06-01T13:26:09","date_gmt":"2023-06-01T11:26:09","guid":{"rendered":"https:\/\/serveiseducatius.xtec.cat\/cda-bages\/?p=10008"},"modified":"2023-06-14T14:00:50","modified_gmt":"2023-06-14T12:00:50","slug":"300-alumnes-del-bages-demanen-canvis-poderosos-en-pro-de-la-sostenibilitat-i-la-millora-del-medi-ambient-en-el-i-congres-decociutat-joves-per-la-sostenibilitat","status":"publish","type":"post","link":"https:\/\/serveiseducatius.xtec.cat\/cda-bages\/portada\/300-alumnes-del-bages-demanen-canvis-poderosos-en-pro-de-la-sostenibilitat-i-la-millora-del-medi-ambient-en-el-i-congres-decociutat-joves-per-la-sostenibilitat\/","title":{"rendered":"300 alumnes del Bages demanen canvis poderosos en pro de la sostenibilitat i la millora del medi ambient en el I Congr\u00e9s d\u2019Ecociutat-Joves per la sostenibilitat."},"content":{"rendered":"<p><span style=\"font-weight: 400;\">Prop de\u00a0 300 joves estudiants de quatre centres d&#8217;educaci\u00f3 secund\u00e0ria del Bages (L\u2019Institut Llu\u00eds de Peguera de Manresa, FEDAC Manresa, el SINS Cardener de Sant Joan de Vilatorrada i l\u2019Institut Escola Pompeu Fabra d\u2019El Pont de Vilomara i Rocafort) han dut a terme aquest 31 de maig la primera edici\u00f3 del <\/span><b>Congr\u00e9s d&#8217;Ecociutat-Joves per la sostenibilitat<\/b><span style=\"font-weight: 400;\">. Aquest esdeveniment, realitzat a l&#8217;An\u00f2nima de Manresa, ha estat una plataforma per a la presentaci\u00f3 de propostes i projectes per part dels joves, amb l&#8217;objectiu de millorar el seu entorn i fomentar la sostenibilitat a la seva comunitat.<\/span><\/p>\n<p><span style=\"font-weight: 400;\">L&#8217;esdeveniment ha sigut el resultat del Projecte Compartit d&#8217;Ecociutat, en qu\u00e8 els alumnes han treballat conjuntament per analitzar el seu entorn des d&#8217;una perspectiva cr\u00edtica i desenvolupar solucions per convertir-lo en un ecosistema m\u00e9s sostenible. Aquest projecte es va iniciar fa anys al Camp d&#8217;Aprenentatge del Bages, que conjuntament amb l\u2019equip educatiu de la Culla,\u00a0 t\u00e9 com a objectiu &#8216;integrar els Objectius de Desenvolupament Sostenible (ODS) en l&#8217;educaci\u00f3 i promoure un futur m\u00e9s verd.<\/span><\/p>\n<p><span style=\"font-weight: 400;\">A trav\u00e9s d\u2019aquest acte, els joves participants han mostrat un fort comprom\u00eds amb la sostenibilitat i han destacat la import\u00e0ncia de prendre accions concretes per revertir els impactes negatius sobre el medi ambient. Durant el congr\u00e9s, han presentat una \u00e0mplia gamma de projectes que aborden temes com l&#8217;aigua, els residus, l&#8217;energia, l&#8217;alimentaci\u00f3, l&#8217;urbanisme, la mobilitat i la biodiversitat. Les propostes han incl\u00f2s iniciatives molt variades com una acampada jove sense \u00fas d&#8217;energia per promoure la consci\u00e8ncia sobre la reducci\u00f3 del consum, la transformaci\u00f3 de l&#8217;oli usat en sab\u00f3 o la promoci\u00f3 de productes de proximitat.<\/span><\/p>\n\r\n\t<div class=\"slideshow_container slideshow_container_style-light\" style=\"height: 400px; \" data-slideshow-id=\"10013\" data-style-name=\"style-light\" data-style-version=\"2.3.1\" >\r\n\r\n\t\t\t\t\t<div class=\"slideshow_loading_icon\"><\/div>\r\n\t\t\r\n\t\t<div class=\"slideshow_content\" style=\"display: none;\">\r\n\r\n\t\t\t<div class=\"slideshow_view\"><div class=\"slideshow_slide slideshow_slide_image\">\n        <a href=\"https:\/\/photos.google.com\/share\/AF1QipOJ2SawgKHptGv6dRLRPle7gSDH2rnR1M9QEx6Pk6FUE5ArTEL-XdiE00tv2P_LMA\/photo\/AF1QipOhZ0Hyi4tZQuOv2H62_sR0u1KwgegiOZ8tkgo?key=SzI5cE5DYTdnOFp0SHk1dkUzR2FzblpyM1dvTWpB\" target=\"_blank\">        <img src=\"https:\/\/lh3.googleusercontent.com\/pw\/AJFCJaUR-ACEpTCBU3u4L-VHCxQssF_QfASL3ffj5GC7r6_dnhu6ecJsG-oim-NnenaOOplPiuUi4caEcYXEdGvfY8xbL855CiS3OBhsCrc1N3BuiRhcAuUgsqC2HN9cGKtRuHhojBaajFPHgdC1XPX8nncGnbmELa_r4qleo9_Js0td9m2sGNHyDkcgxhUN7Bf_lK-Cx_GrjuwguwkgY4IvHr0tvSVswmVoSr53Zb1MsDSk5UFLK4ITL5obIhxuSOxc10GAt-AqjTBzxwesoPcho1QyGXbkF0nu8fPM3lq_0UgjjCjyl5Qaf-JihZvpeMXgLF5dtdVvxLtqxz51j7kjDJGvxhs0QtsUrPGlVejVoDCl8q8iE5JX1FjtIABeKgD5SiK_MiDJlkF3sO-ccq9bvdyhKwWg3Jq1jfcFnXJQsza7Kc1yVBWhiAWUpj6SzXA_iHlSnLBg51zcm55OKzTpBy-IgVoISkwyNdS6xCOxnkOxXk9O_CXRVxZ39FxYaq0W0GSzWBX2yE5u723OIo3sWyYW9aIMUXmkB0EBzamGNYUjRAE2pq2VuD5k9JeTGmqFz3Fui76Y9yLoyewTqviz6nIiWSX8tXFz_8bDDQXKJnJtt4Q9RJzsZ0hpSyuiNrdmJnlToNk33Z0v0BvkxaH_4LTfnS5urRbUivJfILW6d1ZOgTCDl-GKGl58D0YNJaU5UE_yee357QpbVMjsc7oZ6Aidr2JJdNWdCzA0wDQpB9rbq-t2p9PRrBmW49rv1wEAZ4aXXLExsMGrYsHKaqujsy97V9RbdM7zfJoXucMGUeRN6OBWb6FACjM7LPLb9xBnWXdvsxnWbk5QQUbkOutKpZFmlz-JL54fGPU-8dQxNxwAzAU_uvVIsDxjyFO0znRJ_-rT2MGdj6GHQ781hJhCncdtLt3FgWsm3XnruhBgZhHrMe8LIUA292FIyc2QEcJy3psU3Q=w1200-h800-no--no?authuser=0\" alt=\"\"   \/>\n        <\/a>        <div class=\"slideshow_description_box slideshow_transparent\">\n                                        <\/div>\n<\/div>\n\t\n<div style=\"clear: both;\"><\/div><\/div><div class=\"slideshow_view\"><div class=\"slideshow_slide slideshow_slide_image\">\n        <a href=\"https:\/\/photos.google.com\/share\/AF1QipOJ2SawgKHptGv6dRLRPle7gSDH2rnR1M9QEx6Pk6FUE5ArTEL-XdiE00tv2P_LMA\/photo\/AF1QipNmPhmvH9Ylgnv9ZKxZABZWAMolD-PslajzfLI?key=SzI5cE5DYTdnOFp0SHk1dkUzR2FzblpyM1dvTWpB\" target=\"_blank\">        <img src=\"https:\/\/lh3.googleusercontent.com\/pw\/AJFCJaXnp849Bl9cn7cTgtNXpnrhBUScXV6ZGI6dnYeOnToL6LdKLn-1OOZl0z4CAd3-dgJoJCAQU2MlgS8xOBhx7coy9fb_bTuGBsSqD4Dqy1GoNCLjTUcXcFj3iHH3lve9NJ2m0YaXv_uKY8bdyPu0dv8hsu9yaAaEPeu-OY1kvDbP4UBPkrUxcXsUeFVM8vVjKcKCr3Vw1Vf8Xg4lt7KecCXzDOo9QP61YU-B6QWTckJp6nZzRm5_84tdg_HrAy94HK2n4KPt-JJeBZVB02woTg837hSu8dnh65dztDR6IKzUU1oqDQaKSs9mCM6Yf1KyzecUo4J1sr6Mc0KfGGmmacuNJ0ua8e74UtxTZ_Fb4IIp_ggtoU0hQlrEo-pZdvtgBiANUiIgzV7nW5KR4OoIzz963V70qEgwIufvoEZRAN4VLR56je5HuI8QVAzffbrnu2CRaI-amWKPnOYPah31OCioxyIikmQtC_3xz_W6a9ioVuQRqKgYUypnRUZp5khGdMYT9Tw0n9vCtWCbhYQvd0OcG--donstwi9mewnDx5p-FoPqSnoz4ZJFsSGc-Ze6f2l0VNgSqClT7yMsVLQr4vxwI9DNo_6GHq2CEB0RzrBodSCP-LY81WI4b5uiNxgrA1lnrQHbc9AYJrXObVG7Z8JO5m5It-AWl8NOLCaw9U82h14D71_FDXB_A5_TxWdEsJ8fytvZQOc9RBTDiX9prULsKNPkcjpgUFpHrQYF3CZASBb923I2RqXfeHGYVpaMSfObC6uA65lTIydUjQ8aFbrl-pOJYZGjvpimzR0vplceVjaR8RLKoPpSqIxlZTXUWG0kg73wOEBMfb7RMYDjouLa6TDZJiE9E6pczYKFqdPeIkWDTzzvYXtSsL1CiTJk-QDris74v9JqHPOgOgJHUB-TlZSJ--538V9X2d3wAVfwsYPUY1r6hKEL31mfsbpxN3pF4Q=w1200-h800-no--no?authuser=0\" alt=\"\"   \/>\n        <\/a>        <div class=\"slideshow_description_box slideshow_transparent\">\n                                        <\/div>\n<\/div>\n\t\n<div style=\"clear: both;\"><\/div><\/div><div class=\"slideshow_view\"><div class=\"slideshow_slide slideshow_slide_image\">\n        <a href=\"https:\/\/photos.google.com\/share\/AF1QipOJ2SawgKHptGv6dRLRPle7gSDH2rnR1M9QEx6Pk6FUE5ArTEL-XdiE00tv2P_LMA\/photo\/AF1QipMwrq_rI3zhIrLAfviWxA_gwGsBOtFGw_9A6dI?key=SzI5cE5DYTdnOFp0SHk1dkUzR2FzblpyM1dvTWpB\" target=\"_blank\">        <img src=\"https:\/\/lh3.googleusercontent.com\/pw\/AJFCJaXInJM-NdfVhRoVZOFcmq_zmg6WHGIyQvAT2bxdsRstrgU1-xc5tzfeFPSBSmJheaBbvNhe9MRrtZMRqTzZaLPciBTTPOUpBKyOjZJfq42r7wB_eKdo0qLuwCemYrJtBtFqCi98k4RG2Mqk-LOFw-RRz2fkU8Mb5qUemiwANM4PwppOiR2rZJdJXhbtXG-QZuUUGTQ76aMDTc-slqeoA4taw-XjBR7GJmUKb4al98V5eSOszqFUPGDz4xMCVSJZnUyQnFS_w5nuFpbcqLIEwBsrpkzJNJz44iDDtwYlu0RO359iSOBF9B7fJe1Qay63XVHQUpRbKmpoJrXBglwnC6WDy6iPuMXcIWWuSAxwg90_T79wdYQVDTEfjuZ_eP-Yg04vMnaQBYk_x7DTatpy1JK0MR0eNhGvnkouvzXs0r8oxAI2MQHVdxbw-T8NQ8--VZeO-PkQCqi6_gu5jLcpQRU43RZ9w_dObSUoCpnkwIx5TZ9942AzdGRwFLUqV0mChwtWqLwOaT8BRFoYmANzzfLK2YYjeeimfdB_sBPCkOCdqgCJCc8xvuE5uxsVE7zXBpnzhWTfBj2VMmzOIGASGUEzkzdsgvRqrDEUX3nCUEc9Bt84ucRHqbRRsSJvWFUBIjWcTu1MXH594Qbk3SJz0kqOBa9B4YSfoGKL8JdzCq7_yKcWpOcVOtxDJecWYgZGn3RZ2kpC6938p1VUeqdzpSzpuhSTkOlRqkuCmhwywIXDguxb1nPna2OO3okN8oZcmQSReeCDKhGVF4B_P69io85GN0cIovKuoOtIzmWrVLUSKbjfLr-z6SmVpCEqNF8II8sQwJlUKT41KL_bpe_6Xuvo-ZR8XYXwBKgkbjSw0837HRT6R43Z_tkQUJCRzhJ_3JP3OVqKOlO2IruvrO63rpOSRAeJUAyVe92P-8g2sAUgXiaPOl6jotauLmDYIHsF_5orrw=w1200-h800-no--no?authuser=0\" alt=\"\"   \/>\n        <\/a>        <div class=\"slideshow_description_box slideshow_transparent\">\n                                        <\/div>\n<\/div>\n\t\n<div style=\"clear: both;\"><\/div><\/div><div class=\"slideshow_view\"><div class=\"slideshow_slide slideshow_slide_image\">\n        <a href=\"https:\/\/photos.google.com\/share\/AF1QipOJ2SawgKHptGv6dRLRPle7gSDH2rnR1M9QEx6Pk6FUE5ArTEL-XdiE00tv2P_LMA\/photo\/AF1QipOEKuTLXyajony12tCgYzUMVLMVsPK0FX9uU6k?key=SzI5cE5DYTdnOFp0SHk1dkUzR2FzblpyM1dvTWpB\" target=\"_blank\">        <img src=\"https:\/\/lh3.googleusercontent.com\/pw\/AJFCJaUTPg-IjmaibSGj_7xZ2hh3KfQpk9JznArR9F3PDC_EuN_JsQ1oMhcQk3wfXUnoPgw4scvdCwIpR9cyat98jRlfBJchMI-_EiJIGphsyFSvRmfoJwviViicW7ox9CPLSOhagaAB5VcHpO50xCGXtv5Zidsd2YKQ27cVSkDsVt-wajFRA5JT9YNgmUKAKjME8lCnDR90gYnRRTszpdnS0jdJyEXUugfe48VcWX0AZ1ILgL9wU2A2c1pIvLUKuVVJal2OhulO2M4mYsG9X2S_CBILf1MIS4y1dZIrcRmKhwZ6Um3rDs06rVHHTuGtRuiaBSNDxUlwukRsw0Z7QCLKGFb_czv3LuK5Xg8x44OLb0WPm2Z5UHpY1uyGiims0bc-WpIjV9EaxhXw9g08nO_U0EztmU1e3C7aIDcVn7725zk9xc56ay4b90jhLIukxTeGm_ySRnYTvyrDM0gPNSGIbh1EK0bmbGjLGzY12tuGATgFtG1Zy6xwkxiFsHT-F7R9JT56vqoFhXMHZIcG1xmUSoMTEVQrRjItpmSv6Stli6gct97b86EIEXzTjOjzlZu1e-Madto52WwTtIT2iiGTw7sA-YfNOUu6pYWFGEDrKPZyCeOVdSW0qX9fPrqTDcMEeqUadqg3Is-AVsr6NiQ8mHcOOI2pwAIIxzgTvQ0oCpNWoUOVu2yD15CKprVfskBv1349l02vMW7HhJZ8s8x2KDmdlEs8weIzAYUYBH3U8_JGpj5cLp4VG2Fg-K2lTp9OTaUpq5qFwgP3DYHhAuvIqxnS-rKVpKDG4022iFTQ60IxpwIie_44uYd4XELGh6QEOeBF4dV4V4yZ1SmM95F5ftT8u-ZiqDh-BFCHaXQf68-uV8z7M-vp-6G7-O7VFp-5qbOreoCBHV0y7aya3sBcKhmmG9q5JcrvgCsJ_K_e4_yz37RBxeoPFN8fpjcZisq-lvIDow=w1200-h800-no--no?authuser=0\" alt=\"\"   \/>\n        <\/a>        <div class=\"slideshow_description_box slideshow_transparent\">\n                                        <\/div>\n<\/div>\n\t\n<div style=\"clear: both;\"><\/div><\/div><div class=\"slideshow_view\"><div class=\"slideshow_slide slideshow_slide_image\">\n        <a href=\"https:\/\/photos.google.com\/share\/AF1QipOJ2SawgKHptGv6dRLRPle7gSDH2rnR1M9QEx6Pk6FUE5ArTEL-XdiE00tv2P_LMA\/photo\/AF1QipMDnXSs9Fmioy2bsc1a3n2J_fIo6QuChtpDpRU?key=SzI5cE5DYTdnOFp0SHk1dkUzR2FzblpyM1dvTWpB\" target=\"_blank\">        <img src=\"https:\/\/lh3.googleusercontent.com\/pw\/AJFCJaXqA9L-cfQm7vN8mwUnwCEHBtLMcnf-M-UWjxTo2sKhZNXKBACOGJT1V-jeISRLMIi_GA58tLRWnmzcu7M3rKNKITCRMH6gDcFtmi4zpPq3zdOiv3GskMmYCPxmiOt4lBzIcrBZEzpqqT9pU_0yUpi-YtSnvMD8GbufqEgxubjiGggOUtWNIDbYTMbdrBtgzoWIhyhEFF4ZvWPi3tWTyqkuc91mlJ-I29U11CnEkX9dkgBmfyiglQTZqW9xDZFnTrMP75W90dDMdEaIHO4FKxI5-Cx3_Pzs4MPG-HmXFhqSmBfkTX4s3YjOEwJPWGAIwckr8RRaQR7Dmv54I4GkWqxHnwLm1CBL3M8-jbr3u_r4gyo16lNEOlEIiJiWrQYh_4l5hOSus1c-OX_u-L2nj7yGMoMop0Ncu3wOuRFvde8cKzo5yWpXeas3GSHOQIV0Ky7LTDpZNC6vSlqddCG8s0fkbNruEuCf1M-4fWA3sChj_3pcvY6xn9zZXkCy9AN8iTT8tnMY96sCYxOCqif1RpA97LS4w2tl2svbUw22uFtr5-8UZkFKez_p_tfOk96OShdOtXChjiePERRPsQi26_92KzVx9EjucnmfyYgECTtg9ymRf5oni5e6U_zAGkBtsAjr56Ev4yJV7VpxEO5-NjKXNIiRKJJubd2x1-V67G8sEwRRG_-R2zeQV4YcWBExDB3YSZqRbpFUBTmjkE6EsLucXB3Nmr2dHxMe1adcbYFkOdSRyPc4lax8bfM-GfDxpVVzjDIZVSqGf25n5wXA_MZ0hjNq8vlmTAyaC-qBCd1qSdpVoOJpR1DM1mzqBwrSYRB7RU_NKaD2QCt8BNbv0OiZtaDXFS6GxRksghOeucr4FqmpSlcvPyovveGeU0ruVfGGUZWtin2jcg8jy391fKdaNMyi32Gy1lKxa8AfrXrMYK8QWk-TkNx9tf_-PKONyJDTcA=w1200-h800-no--no?authuser=0\" alt=\"\"   \/>\n        <\/a>        <div class=\"slideshow_description_box slideshow_transparent\">\n                                        <\/div>\n<\/div>\n\t\n<div style=\"clear: both;\"><\/div><\/div>\r\n\t\t<\/div>\r\n\r\n\t\t<div class=\"slideshow_controlPanel slideshow_transparent\" style=\"display: none;\"><ul><li class=\"slideshow_togglePlay\" data-play-text=\"Visualitza\" data-pause-text=\"Pausa\"><\/li><\/ul><\/div>\r\n\r\n\t\t<div class=\"slideshow_button slideshow_previous slideshow_transparent\" role=\"button\" data-previous-text=\"Anterior\" style=\"display: none;\"><\/div>\r\n\t\t<div class=\"slideshow_button slideshow_next slideshow_transparent\" role=\"button\" data-next-text=\"Seg\u00fcent\" style=\"display: none;\"><\/div>\r\n\r\n\t\t<div class=\"slideshow_pagination\" style=\"display: none;\" data-go-to-text=\"V\u00e9s a la diapositiva\"><div class=\"slideshow_pagination_center\"><\/div><\/div>\r\n\r\n\t\t<!-- WordPress Slideshow Version 2.3.1 -->\r\n\r\n\t\t\t<\/div>\r\n\r\n\n<p><b>Els joves demanen al m\u00f3n adult que reaccioni davant l\u2019emerg\u00e8ncia clim\u00e0tica<\/b><\/p>\n<p><span style=\"font-weight: 400;\">Els alumnes han manifestat que havien unit forces <\/span><b>\u201cper abordar l&#8217;emerg\u00e8ncia clim\u00e0tica i presentar propostes per millorar el medi ambient i construir un futur sostenible\u201d<\/b><span style=\"font-weight: 400;\">. Durant els parlaments d\u2019obertura han reclamat <\/span><b>\u201cel suport dels adults per aconseguir canvis importants\u201d<\/b><span style=\"font-weight: 400;\"> i han destacat <\/span><b>\u201cla import\u00e0ncia de les petites accions di\u00e0ries i la col\u00b7laboraci\u00f3 per fer transformacions profundes i poderoses\u201d<\/b><span style=\"font-weight: 400;\">. Han afirmat tamb\u00e9 que <\/span><b>\u201cconfien que, amb l&#8217;ajuda de tothom, podran fer una difer\u00e8ncia significativa en la lluita contra el canvi clim\u00e0tic\u201d<\/b><span style=\"font-weight: 400;\">.<\/span><\/p>\n<p><span style=\"font-weight: 400;\">El regidor de Ciutat Verda de l\u2019Ajuntament de Manresa, Pol Huguet, ha dit als alumnes que el que estaven fent a classe i que ha culminat amb el congr\u00e9s era <\/span><b>\u201cmolt important\u201d<\/b><span style=\"font-weight: 400;\"> i ha subscrit l\u2019esl\u00f2gan del congr\u00e9s afirmant que <\/span><b>\u201cels petits canvis s\u00f3n poderosos, per\u00f2 els grans encara m\u00e9s\u201d<\/b><span style=\"font-weight: 400;\">. Finalment ha encoratjat els joves a <\/span><b>\u201cser ambiciosos i que no es conformin amb poc. La nostra societat est\u00e0 en crisi, i cal fer canvis mirant-nos el futur amb il\u00b7lusi\u00f3 com feu vosaltres i no amb pessimisme, perqu\u00e8 amb pessimisme no es canvia res\u201d<\/b><span style=\"font-weight: 400;\">.<\/span><\/p>\n<p><span style=\"font-weight: 400;\">La regidora d\u2019ensenyament d\u2019El Pont de Vilomara, Beatriz Moreno, s\u2019ha dirigit als joves dient-los que <\/span><b>\u201cencara que us sembli que la vostra aportaci\u00f3 \u00e9s un granet de sorra m\u00e9s, els joves podeu aportar molt, perqu\u00e8 no nom\u00e9s sou el present, sin\u00f3 que tamb\u00e9 sou el futur\u201d.<\/b><\/p>\n<p><span style=\"font-weight: 400;\">En la mateixa l\u00ednia ha parlat la directora dels Serveis Territorials d&#8217;Educaci\u00f3 a la Catalunya Central, Gemma Boix, que ha afirmat que <\/span><b>\u201ca trav\u00e9s de tota la feina que heu fet els alumnes i de les vostres propostes presentades al congr\u00e9s, ens demostreu que els adults anem tard. Prendrem molt bona nota dels vostres projectes i l\u2019administraci\u00f3 us haurem d\u2019escoltar\u201d.<\/b><\/p>\n<p>&nbsp;<\/p>\n<p><b>El Capit\u00e0 Enciam, una inspiraci\u00f3 per als joves<\/b><\/p>\n<p><span style=\"font-weight: 400;\">L&#8217;acte de clausura del congr\u00e9s ha estat presidit per l&#8217;actor i activista ambiental, Pep Par\u00e9s, conegut pel seu paper del Capit\u00e0 Enciam, un personatge que, durant els anys noranta, va promoure valors de sostenibilitat i consci\u00e8ncia ambiental a trav\u00e9s de la televisi\u00f3. Pep Par\u00e9s, apassionat de la natura, ha instat els joves a continuar defensant la import\u00e0ncia dels petits canvis en benefici de la sostenibilitat i ha reconegut els seus esfor\u00e7os per fer del m\u00f3n un lloc millor.\u00a0 Par\u00e9s ha declarat que: <\/span><b>\u201cja no n\u2019hi ha prou amb els petits canvis, com deia el Capit\u00e0 Enciam, calen tamb\u00e9 grans canvis, canvis poderosos com diu l\u2019esl\u00f2gan del congr\u00e9s que han pensat els joves. Hem anat deteriorant el m\u00f3n, i cal fer molt d\u2019esfor\u00e7 per tornar les coses al seu lloc.\u201d<\/b><\/p>\n<p><span style=\"font-weight: 400;\">L&#8217;\u00e8xit d&#8217;aquest primer Congr\u00e9s d\u2019Ecociutat demostra el fort comprom\u00eds dels joves estudiants del Bages amb la sostenibilitat i la seva voluntat de prendre accions concretes per millorar el seu entorn amb propostes innovadores i creatives.<\/span><\/p>\n","protected":false},"excerpt":{"rendered":"<p>Prop de\u00a0 300 joves estudiants de quatre centres d&#8217;educaci\u00f3 secund\u00e0ria del Bages (L\u2019Institut Llu\u00eds de Peguera de Manresa, FEDAC Manresa, el SINS Cardener de Sant Joan de Vilatorrada i l\u2019Institut Escola Pompeu Fabra d\u2019El Pont de Vilomara i Rocafort) han dut a terme aquest 31 de maig la primera edici\u00f3 del Congr\u00e9s d&#8217;Ecociutat-Joves per la [&hellip;]<\/p>\n","protected":false},"author":3,"featured_media":10010,"comment_status":"open","ping_status":"closed","sticky":false,"template":"","format":"standard","meta":{"_bbp_topic_count":0,"_bbp_reply_count":0,"_bbp_total_topic_count":0,"_bbp_total_reply_count":0,"_bbp_voice_count":0,"_bbp_anonymous_reply_count":0,"_bbp_topic_count_hidden":0,"_bbp_reply_count_hidden":0,"_bbp_forum_subforum_count":0,"site-sidebar-layout":"default","site-content-layout":"","ast-site-content-layout":"","site-content-style":"default","site-sidebar-style":"default","ast-global-header-display":"","ast-banner-title-visibility":"","ast-main-header-display":"","ast-hfb-above-header-display":"","ast-hfb-below-header-display":"","ast-hfb-mobile-header-display":"","site-post-title":"","ast-breadcrumbs-content":"","ast-featured-img":"","footer-sml-layout":"","theme-transparent-header-meta":"","adv-header-id-meta":"","stick-header-meta":"","header-above-stick-meta":"","header-main-stick-meta":"","header-below-stick-meta":"","astra-migrate-meta-layouts":"default","ast-page-background-enabled":"default","ast-page-background-meta":{"desktop":{"background-color":"var(--ast-global-color-4)","background-image":"","background-repeat":"repeat","background-position":"center center","background-size":"auto","background-attachment":"scroll","background-type":"","background-media":"","overlay-type":"","overlay-color":"","overlay-opacity":"","overlay-gradient":""},"tablet":{"background-color":"","background-image":"","background-repeat":"repeat","background-position":"center center","background-size":"auto","background-attachment":"scroll","background-type":"","background-media":"","overlay-type":"","overlay-color":"","overlay-opacity":"","overlay-gradient":""},"mobile":{"background-color":"","background-image":"","background-repeat":"repeat","background-position":"center center","background-size":"auto","background-attachment":"scroll","background-type":"","background-media":"","overlay-type":"","overlay-color":"","overlay-opacity":"","overlay-gradient":""}},"ast-content-background-meta":{"desktop":{"background-color":"var(--ast-global-color-5)","background-image":"","background-repeat":"repeat","background-position":"center center","background-size":"auto","background-attachment":"scroll","background-type":"","background-media":"","overlay-type":"","overlay-color":"","overlay-opacity":"","overlay-gradient":""},"tablet":{"background-color":"var(--ast-global-color-5)","background-image":"","background-repeat":"repeat","background-position":"center center","background-size":"auto","background-attachment":"scroll","background-type":"","background-media":"","overlay-type":"","overlay-color":"","overlay-opacity":"","overlay-gradient":""},"mobile":{"background-color":"var(--ast-global-color-5)","background-image":"","background-repeat":"repeat","background-position":"center center","background-size":"auto","background-attachment":"scroll","background-type":"","background-media":"","overlay-type":"","overlay-color":"","overlay-opacity":"","overlay-gradient":""}},"footnotes":""},"categories":[29,320],"tags":[337,331,330],"class_list":["post-10008","post","type-post","status-publish","format-standard","has-post-thumbnail","hentry","category-portada","category-projectes-compartits","tag-aprendreambelscampsientorns","tag-aprenemambelscdaeda","tag-cdabages"],"post_mailing_queue_ids":[],"_links":{"self":[{"href":"https:\/\/serveiseducatius.xtec.cat\/cda-bages\/wp-json\/wp\/v2\/posts\/10008","targetHints":{"allow":["GET"]}}],"collection":[{"href":"https:\/\/serveiseducatius.xtec.cat\/cda-bages\/wp-json\/wp\/v2\/posts"}],"about":[{"href":"https:\/\/serveiseducatius.xtec.cat\/cda-bages\/wp-json\/wp\/v2\/types\/post"}],"author":[{"embeddable":true,"href":"https:\/\/serveiseducatius.xtec.cat\/cda-bages\/wp-json\/wp\/v2\/users\/3"}],"replies":[{"embeddable":true,"href":"https:\/\/serveiseducatius.xtec.cat\/cda-bages\/wp-json\/wp\/v2\/comments?post=10008"}],"version-history":[{"count":3,"href":"https:\/\/serveiseducatius.xtec.cat\/cda-bages\/wp-json\/wp\/v2\/posts\/10008\/revisions"}],"predecessor-version":[{"id":10016,"href":"https:\/\/serveiseducatius.xtec.cat\/cda-bages\/wp-json\/wp\/v2\/posts\/10008\/revisions\/10016"}],"wp:featuredmedia":[{"embeddable":true,"href":"https:\/\/serveiseducatius.xtec.cat\/cda-bages\/wp-json\/wp\/v2\/media\/10010"}],"wp:attachment":[{"href":"https:\/\/serveiseducatius.xtec.cat\/cda-bages\/wp-json\/wp\/v2\/media?parent=10008"}],"wp:term":[{"taxonomy":"category","embeddable":true,"href":"https:\/\/serveiseducatius.xtec.cat\/cda-bages\/wp-json\/wp\/v2\/categories?post=10008"},{"taxonomy":"post_tag","embeddable":true,"href":"https:\/\/serveiseducatius.xtec.cat\/cda-bages\/wp-json\/wp\/v2\/tags?post=10008"}],"curies":[{"name":"wp","href":"https:\/\/api.w.org\/{rel}","templated":true}]}}