{"id":14974,"date":"2025-09-22T15:53:32","date_gmt":"2025-09-22T13:53:32","guid":{"rendered":"https:\/\/serveiseducatius.xtec.cat\/cda-altbergueda\/?p=14974"},"modified":"2025-12-01T12:45:16","modified_gmt":"2025-12-01T11:45:16","slug":"trobada-dantics-docents-de-camps-i-entorns-daprenentatge","status":"publish","type":"post","link":"https:\/\/serveiseducatius.xtec.cat\/cda-altbergueda\/general\/trobada-dantics-docents-de-camps-i-entorns-daprenentatge\/","title":{"rendered":"TROBADA D&#8217;ANTICS DOCENTS DE CAMPS I ENTORNS D&#8217;APRENENTATGE"},"content":{"rendered":"\n<p>La setmana passada vam acollir un grup molt especial: una bona colla d&#8217;antics docents que van treballar als camps i entorns d&#8217;aprenentatge, entre els quals hi havia fins i tot 2 docents que van iniciar els primers CdAs, com van ser el de la Garrotxa i el de Tarragona. <\/p>\n\n\n\n<p>Amb ells i elles vam poder compartir an\u00e8cdotes i mirades sobre l&#8217;educaci\u00f3 des dels CdAs, aix\u00ed com tamb\u00e9 vam poder ensenyar-los un trosset de la nostra comarca i alguna de les activitats que fem al nostre CdA.<\/p>\n\n\n\n<p>Amb ells, vam visitar les Fonts del Llobregat i vam descobrir la llegenda que envolta la seva formaci\u00f3, ens vam passejar pels Jardins Artigas descobrint les petites joies que Gaud\u00ed va dissenyar per aquest bonic rac\u00f3, tamb\u00e9 vam poder visitar la casa de la Patum compartint una mica la passi\u00f3 berguedana per aquesta festa, els vam passejar pels carrerons i places de la vila medieval de Bag\u00e0 per veure si trob\u00e0vem les 100 donzelles i finalment els vam portar fins al mirador amb les millors vistes de la muntanya m\u00e9s berguedana: el Pedraforca.<\/p>\n\n\n\n<p>Van ser 2 dies intensos, variats, per\u00f2 sobretot de retrobaments i estones compartides.<\/p>\n\n\n\n<div class=\"wp-block-getwid-images-slider has-arrows-inside has-dots-inside has-images-center has-cropped-images\"><div class=\"wp-block-getwid-images-slider__wrapper\" data-effect=\"slide\" data-slides-show=\"1\" data-slides-show-laptop=\"1\" data-slides-show-tablet=\"1\" data-slides-show-mobile=\"1\" data-slides-scroll=\"1\" data-autoplay=\"false\" data-pause-hover=\"false\" data-autoplay-speed=\"6000\" data-infinite=\"true\" data-animation-speed=\"800\" data-center-mode=\"false\" data-variable-width=\"false\" data-arrows=\"inside\" data-dots=\"inside\" data-spacing=\"none\"><div class=\"wp-block-getwid-images-slider__item\"><figure><img loading=\"lazy\" decoding=\"async\" width=\"1536\" height=\"1536\" src=\"https:\/\/serveiseducatius.xtec.cat\/cda-altbergueda\/wp-content\/uploads\/usu1364\/2025\/11\/IMG-20251120-WA0015.jpg\" data-id=\"14985\" data-link=\"https:\/\/serveiseducatius.xtec.cat\/cda-altbergueda\/?attachment_id=14985\" data-original-link=\"https:\/\/serveiseducatius.xtec.cat\/cda-altbergueda\/wp-content\/uploads\/usu1364\/2025\/11\/IMG-20251120-WA0015.jpg\" class=\"wp-block-getwid-images-slider__image wp-image-14985\" srcset=\"https:\/\/serveiseducatius.xtec.cat\/cda-altbergueda\/wp-content\/uploads\/usu1364\/2025\/11\/IMG-20251120-WA0015.jpg 1536w, https:\/\/serveiseducatius.xtec.cat\/cda-altbergueda\/wp-content\/uploads\/usu1364\/2025\/11\/IMG-20251120-WA0015-300x300.jpg 300w, https:\/\/serveiseducatius.xtec.cat\/cda-altbergueda\/wp-content\/uploads\/usu1364\/2025\/11\/IMG-20251120-WA0015-1024x1024.jpg 1024w, https:\/\/serveiseducatius.xtec.cat\/cda-altbergueda\/wp-content\/uploads\/usu1364\/2025\/11\/IMG-20251120-WA0015-150x150.jpg 150w, https:\/\/serveiseducatius.xtec.cat\/cda-altbergueda\/wp-content\/uploads\/usu1364\/2025\/11\/IMG-20251120-WA0015-768x768.jpg 768w\" sizes=\"auto, (max-width: 1536px) 100vw, 1536px\" \/><figcaption class=\"wp-block-getwid-images-slider__caption\">Banc gaudini\u00e0 de la Pobla de Lillet<\/figcaption><\/figure><\/div><div class=\"wp-block-getwid-images-slider__item\"><figure><img loading=\"lazy\" decoding=\"async\" width=\"1536\" height=\"1536\" src=\"https:\/\/serveiseducatius.xtec.cat\/cda-altbergueda\/wp-content\/uploads\/usu1364\/2025\/11\/IMG-20251120-WA0013.jpg\" data-id=\"14987\" data-link=\"https:\/\/serveiseducatius.xtec.cat\/cda-altbergueda\/?attachment_id=14987\" data-original-link=\"https:\/\/serveiseducatius.xtec.cat\/cda-altbergueda\/wp-content\/uploads\/usu1364\/2025\/11\/IMG-20251120-WA0013.jpg\" class=\"wp-block-getwid-images-slider__image wp-image-14987\" srcset=\"https:\/\/serveiseducatius.xtec.cat\/cda-altbergueda\/wp-content\/uploads\/usu1364\/2025\/11\/IMG-20251120-WA0013.jpg 1536w, https:\/\/serveiseducatius.xtec.cat\/cda-altbergueda\/wp-content\/uploads\/usu1364\/2025\/11\/IMG-20251120-WA0013-300x300.jpg 300w, https:\/\/serveiseducatius.xtec.cat\/cda-altbergueda\/wp-content\/uploads\/usu1364\/2025\/11\/IMG-20251120-WA0013-1024x1024.jpg 1024w, https:\/\/serveiseducatius.xtec.cat\/cda-altbergueda\/wp-content\/uploads\/usu1364\/2025\/11\/IMG-20251120-WA0013-150x150.jpg 150w, https:\/\/serveiseducatius.xtec.cat\/cda-altbergueda\/wp-content\/uploads\/usu1364\/2025\/11\/IMG-20251120-WA0013-768x768.jpg 768w\" sizes=\"auto, (max-width: 1536px) 100vw, 1536px\" \/><figcaption class=\"wp-block-getwid-images-slider__caption\">Fonts del Llobregat<\/figcaption><\/figure><\/div><div class=\"wp-block-getwid-images-slider__item\"><figure><img loading=\"lazy\" decoding=\"async\" width=\"2016\" height=\"1512\" src=\"https:\/\/serveiseducatius.xtec.cat\/cda-altbergueda\/wp-content\/uploads\/usu1364\/2025\/11\/IMG-20251120-WA0028.jpg\" data-id=\"14988\" data-link=\"https:\/\/serveiseducatius.xtec.cat\/cda-altbergueda\/?attachment_id=14988\" data-original-link=\"https:\/\/serveiseducatius.xtec.cat\/cda-altbergueda\/wp-content\/uploads\/usu1364\/2025\/11\/IMG-20251120-WA0028.jpg\" class=\"wp-block-getwid-images-slider__image wp-image-14988\" srcset=\"https:\/\/serveiseducatius.xtec.cat\/cda-altbergueda\/wp-content\/uploads\/usu1364\/2025\/11\/IMG-20251120-WA0028.jpg 2016w, https:\/\/serveiseducatius.xtec.cat\/cda-altbergueda\/wp-content\/uploads\/usu1364\/2025\/11\/IMG-20251120-WA0028-300x225.jpg 300w, https:\/\/serveiseducatius.xtec.cat\/cda-altbergueda\/wp-content\/uploads\/usu1364\/2025\/11\/IMG-20251120-WA0028-1024x768.jpg 1024w, https:\/\/serveiseducatius.xtec.cat\/cda-altbergueda\/wp-content\/uploads\/usu1364\/2025\/11\/IMG-20251120-WA0028-768x576.jpg 768w, https:\/\/serveiseducatius.xtec.cat\/cda-altbergueda\/wp-content\/uploads\/usu1364\/2025\/11\/IMG-20251120-WA0028-1536x1152.jpg 1536w, https:\/\/serveiseducatius.xtec.cat\/cda-altbergueda\/wp-content\/uploads\/usu1364\/2025\/11\/IMG-20251120-WA0028-200x150.jpg 200w\" sizes=\"auto, (max-width: 2016px) 100vw, 2016px\" \/><figcaption class=\"wp-block-getwid-images-slider__caption\">Bag\u00e0 medieval<\/figcaption><\/figure><\/div><div class=\"wp-block-getwid-images-slider__item\"><figure><img loading=\"lazy\" decoding=\"async\" width=\"2016\" height=\"1512\" src=\"https:\/\/serveiseducatius.xtec.cat\/cda-altbergueda\/wp-content\/uploads\/usu1364\/2025\/11\/IMG-20251120-WA0027.jpg\" data-id=\"14986\" data-link=\"https:\/\/serveiseducatius.xtec.cat\/cda-altbergueda\/?attachment_id=14986\" data-original-link=\"https:\/\/serveiseducatius.xtec.cat\/cda-altbergueda\/wp-content\/uploads\/usu1364\/2025\/11\/IMG-20251120-WA0027.jpg\" class=\"wp-block-getwid-images-slider__image wp-image-14986\" srcset=\"https:\/\/serveiseducatius.xtec.cat\/cda-altbergueda\/wp-content\/uploads\/usu1364\/2025\/11\/IMG-20251120-WA0027.jpg 2016w, https:\/\/serveiseducatius.xtec.cat\/cda-altbergueda\/wp-content\/uploads\/usu1364\/2025\/11\/IMG-20251120-WA0027-300x225.jpg 300w, https:\/\/serveiseducatius.xtec.cat\/cda-altbergueda\/wp-content\/uploads\/usu1364\/2025\/11\/IMG-20251120-WA0027-1024x768.jpg 1024w, https:\/\/serveiseducatius.xtec.cat\/cda-altbergueda\/wp-content\/uploads\/usu1364\/2025\/11\/IMG-20251120-WA0027-768x576.jpg 768w, https:\/\/serveiseducatius.xtec.cat\/cda-altbergueda\/wp-content\/uploads\/usu1364\/2025\/11\/IMG-20251120-WA0027-1536x1152.jpg 1536w, https:\/\/serveiseducatius.xtec.cat\/cda-altbergueda\/wp-content\/uploads\/usu1364\/2025\/11\/IMG-20251120-WA0027-200x150.jpg 200w\" sizes=\"auto, (max-width: 2016px) 100vw, 2016px\" \/><figcaption class=\"wp-block-getwid-images-slider__caption\">Casa de la Patum<\/figcaption><\/figure><\/div><\/div><\/div>\n\n\n\n<p><\/p>\n","protected":false},"excerpt":{"rendered":"<p>La setmana passada vam acollir un grup molt especial: una bona colla d&#8217;antics docents que van treballar als camps i entorns d&#8217;aprenentatge, entre els quals hi havia fins i tot 2 docents que van iniciar els primers CdAs, com van ser el de la Garrotxa i el de Tarragona. Amb ells i elles vam poder [&hellip;]<\/p>\n","protected":false},"author":1,"featured_media":14989,"comment_status":"open","ping_status":"open","sticky":false,"template":"","format":"standard","meta":{"_bbp_topic_count":0,"_bbp_reply_count":0,"_bbp_total_topic_count":0,"_bbp_total_reply_count":0,"_bbp_voice_count":0,"_bbp_anonymous_reply_count":0,"_bbp_topic_count_hidden":0,"_bbp_reply_count_hidden":0,"_bbp_forum_subforum_count":0,"site-sidebar-layout":"default","site-content-layout":"","ast-site-content-layout":"","site-content-style":"default","site-sidebar-style":"default","ast-global-header-display":"","ast-banner-title-visibility":"","ast-main-header-display":"","ast-hfb-above-header-display":"","ast-hfb-below-header-display":"","ast-hfb-mobile-header-display":"","site-post-title":"","ast-breadcrumbs-content":"","ast-featured-img":"","footer-sml-layout":"","theme-transparent-header-meta":"","adv-header-id-meta":"","stick-header-meta":"","header-above-stick-meta":"","header-main-stick-meta":"","header-below-stick-meta":"","astra-migrate-meta-layouts":"default","ast-page-background-enabled":"default","ast-page-background-meta":{"desktop":{"background-color":"var(--ast-global-color-4)","background-image":"","background-repeat":"repeat","background-position":"center center","background-size":"auto","background-attachment":"scroll","background-type":"","background-media":"","overlay-type":"","overlay-color":"","overlay-opacity":"","overlay-gradient":""},"tablet":{"background-color":"","background-image":"","background-repeat":"repeat","background-position":"center center","background-size":"auto","background-attachment":"scroll","background-type":"","background-media":"","overlay-type":"","overlay-color":"","overlay-opacity":"","overlay-gradient":""},"mobile":{"background-color":"","background-image":"","background-repeat":"repeat","background-position":"center center","background-size":"auto","background-attachment":"scroll","background-type":"","background-media":"","overlay-type":"","overlay-color":"","overlay-opacity":"","overlay-gradient":""}},"ast-content-background-meta":{"desktop":{"background-color":"var(--ast-global-color-5)","background-image":"","background-repeat":"repeat","background-position":"center center","background-size":"auto","background-attachment":"scroll","background-type":"","background-media":"","overlay-type":"","overlay-color":"","overlay-opacity":"","overlay-gradient":""},"tablet":{"background-color":"var(--ast-global-color-5)","background-image":"","background-repeat":"repeat","background-position":"center center","background-size":"auto","background-attachment":"scroll","background-type":"","background-media":"","overlay-type":"","overlay-color":"","overlay-opacity":"","overlay-gradient":""},"mobile":{"background-color":"var(--ast-global-color-5)","background-image":"","background-repeat":"repeat","background-position":"center center","background-size":"auto","background-attachment":"scroll","background-type":"","background-media":"","overlay-type":"","overlay-color":"","overlay-opacity":"","overlay-gradient":""}},"footnotes":""},"categories":[1,29],"tags":[],"class_list":["post-14974","post","type-post","status-publish","format-standard","has-post-thumbnail","hentry","category-general","category-portada"],"post_mailing_queue_ids":[],"_links":{"self":[{"href":"https:\/\/serveiseducatius.xtec.cat\/cda-altbergueda\/wp-json\/wp\/v2\/posts\/14974","targetHints":{"allow":["GET"]}}],"collection":[{"href":"https:\/\/serveiseducatius.xtec.cat\/cda-altbergueda\/wp-json\/wp\/v2\/posts"}],"about":[{"href":"https:\/\/serveiseducatius.xtec.cat\/cda-altbergueda\/wp-json\/wp\/v2\/types\/post"}],"author":[{"embeddable":true,"href":"https:\/\/serveiseducatius.xtec.cat\/cda-altbergueda\/wp-json\/wp\/v2\/users\/1"}],"replies":[{"embeddable":true,"href":"https:\/\/serveiseducatius.xtec.cat\/cda-altbergueda\/wp-json\/wp\/v2\/comments?post=14974"}],"version-history":[{"count":3,"href":"https:\/\/serveiseducatius.xtec.cat\/cda-altbergueda\/wp-json\/wp\/v2\/posts\/14974\/revisions"}],"predecessor-version":[{"id":14991,"href":"https:\/\/serveiseducatius.xtec.cat\/cda-altbergueda\/wp-json\/wp\/v2\/posts\/14974\/revisions\/14991"}],"wp:featuredmedia":[{"embeddable":true,"href":"https:\/\/serveiseducatius.xtec.cat\/cda-altbergueda\/wp-json\/wp\/v2\/media\/14989"}],"wp:attachment":[{"href":"https:\/\/serveiseducatius.xtec.cat\/cda-altbergueda\/wp-json\/wp\/v2\/media?parent=14974"}],"wp:term":[{"taxonomy":"category","embeddable":true,"href":"https:\/\/serveiseducatius.xtec.cat\/cda-altbergueda\/wp-json\/wp\/v2\/categories?post=14974"},{"taxonomy":"post_tag","embeddable":true,"href":"https:\/\/serveiseducatius.xtec.cat\/cda-altbergueda\/wp-json\/wp\/v2\/tags?post=14974"}],"curies":[{"name":"wp","href":"https:\/\/api.w.org\/{rel}","templated":true}]}}