{"id":14351,"date":"2025-02-13T11:47:38","date_gmt":"2025-02-13T10:47:38","guid":{"rendered":"https:\/\/serveiseducatius.xtec.cat\/cda-altbergueda\/?p=14351"},"modified":"2025-02-24T09:38:58","modified_gmt":"2025-02-24T08:38:58","slug":"itineraris-del-projecte-entorn-sant-marc-viladomiu-vell-viladomiu-nou-i-el-guixaro","status":"publish","type":"post","link":"https:\/\/serveiseducatius.xtec.cat\/cda-altbergueda\/general\/itineraris-del-projecte-entorn-sant-marc-viladomiu-vell-viladomiu-nou-i-el-guixaro\/","title":{"rendered":"ITINERARIS DEL PROJECTE ENTORN: SANT MARC, VILADOMIU VELL, VILADOMIU NOU I EL GUIXAR\u00d3"},"content":{"rendered":"<p style=\"text-align: justify;\">El dilluns dia 3 de febrer, vam fer el primer dels itineraris del projecte <a href=\"https:\/\/projecteentorn2425.blogspot.com\/\">\u201cConeix l\u2019entorn del meu poble\u201d<\/a> del curs 2024-25, amb l&#8217;alumnat de P5 de l\u2019escola\u00a0 de Gironella.<\/p>\n<p style=\"text-align: justify;\">Primer de tot vam anar cap el casc antic, pujant per la Muralla. Vam\u00a0 passar per l&#8217;esgl\u00e9sia nova de Santa Eul\u00e0lia, la pla\u00e7a de la Vila i la pres\u00f3 abans de baixar cap a la palanqueta. Des d&#8217;all\u00e0 vam anar seguint el Llobregat, passant per la zona esportiva i per cal Pere Vell. Vam continuar cap a la Torre de l&#8217;amo del Cal Bassacs i per l&#8217;esgl\u00e9sia de Santa Maria per dirigir-nos a l&#8217;ermita de Sant Marc on vam parar per esmorzar.<\/p>\n<p style=\"text-align: justify;\">Despr\u00e9s d&#8217;esmorzar vam anar cap a les col\u00f2nies del Llobregat. Vam comen\u00e7ar per Viladomiu Vell. Des d&#8217;all\u00e0 vol\u00edem anar per l&#8217;antic t\u00fanel del ferrocarril per\u00f2 no vam poder perqu\u00e8 l&#8217;estan arreglant. Ho haurem de deixar per un proper itinerari. El que si que vam poder creuar \u00e9s el pont per on passava el tren a Viladomiu Nou i vam seguir el seu trajecte fins al Guixar\u00f3. All\u00e0 vam poder veure els horts molt ben decorats i\u00a0 els seus propietaris ens van explicar algunes an\u00e8cdotes. Finalment vam anar cap a\u00a0 Viladomiu Nou i a la torre de l&#8217;amo vam dinar.<\/p>\n<p style=\"text-align: justify;\">Per continuar l\u2019itinerari, ho vam fer per la ruta de les col\u00f2nies (PR C-144 \/ GR-270 o cam\u00ed del Llobregat) direcci\u00f3 a Gironella. A la zona esportiva vam seguir per l&#8217;avinguda dels Pa\u00efsos Catalans (la recta de la piscina) i vam passar pel Pont Vell i la pla\u00e7a de l&#8217;Estaci\u00f3 abans d&#8217;arribar a l&#8217;escola.<\/p>\n<p style=\"text-align: justify;\">En aquest <a href=\"https:\/\/projecteentorn2425.blogspot.com\/2025\/02\/itinerari-de-gironella.html\">enlla\u00e7<\/a> podeu veure la informaci\u00f3 generada durant l&#8217;itinerari i editada per l&#8217;alumnat.<\/p>\n<div class=\"h5p-iframe-wrapper\"><iframe id=\"h5p-iframe-55\" class=\"h5p-iframe\" data-content-id=\"55\" style=\"height:1px\" src=\"about:blank\" frameBorder=\"0\" scrolling=\"no\" title=\"ENTORN GIRONELLA 24-25\"><\/iframe><\/div>\n","protected":false},"excerpt":{"rendered":"<p>El dilluns dia 3 de febrer, vam fer el primer dels itineraris del projecte \u201cConeix l\u2019entorn del meu poble\u201d del curs 2024-25, amb l&#8217;alumnat de P5 de l\u2019escola\u00a0 de Gironella. Primer de tot vam anar cap el casc antic, pujant per la Muralla. Vam\u00a0 passar per l&#8217;esgl\u00e9sia nova de Santa Eul\u00e0lia, la pla\u00e7a de la [&hellip;]<\/p>\n","protected":false},"author":1,"featured_media":14352,"comment_status":"open","ping_status":"closed","sticky":false,"template":"","format":"standard","meta":{"_bbp_topic_count":0,"_bbp_reply_count":0,"_bbp_total_topic_count":0,"_bbp_total_reply_count":0,"_bbp_voice_count":0,"_bbp_anonymous_reply_count":0,"_bbp_topic_count_hidden":0,"_bbp_reply_count_hidden":0,"_bbp_forum_subforum_count":0,"site-sidebar-layout":"default","site-content-layout":"","ast-site-content-layout":"","site-content-style":"default","site-sidebar-style":"default","ast-global-header-display":"","ast-banner-title-visibility":"","ast-main-header-display":"","ast-hfb-above-header-display":"","ast-hfb-below-header-display":"","ast-hfb-mobile-header-display":"","site-post-title":"","ast-breadcrumbs-content":"","ast-featured-img":"","footer-sml-layout":"","theme-transparent-header-meta":"","adv-header-id-meta":"","stick-header-meta":"","header-above-stick-meta":"","header-main-stick-meta":"","header-below-stick-meta":"","astra-migrate-meta-layouts":"default","ast-page-background-enabled":"default","ast-page-background-meta":{"desktop":{"background-color":"var(--ast-global-color-4)","background-image":"","background-repeat":"repeat","background-position":"center center","background-size":"auto","background-attachment":"scroll","background-type":"","background-media":"","overlay-type":"","overlay-color":"","overlay-opacity":"","overlay-gradient":""},"tablet":{"background-color":"","background-image":"","background-repeat":"repeat","background-position":"center center","background-size":"auto","background-attachment":"scroll","background-type":"","background-media":"","overlay-type":"","overlay-color":"","overlay-opacity":"","overlay-gradient":""},"mobile":{"background-color":"","background-image":"","background-repeat":"repeat","background-position":"center center","background-size":"auto","background-attachment":"scroll","background-type":"","background-media":"","overlay-type":"","overlay-color":"","overlay-opacity":"","overlay-gradient":""}},"ast-content-background-meta":{"desktop":{"background-color":"var(--ast-global-color-5)","background-image":"","background-repeat":"repeat","background-position":"center center","background-size":"auto","background-attachment":"scroll","background-type":"","background-media":"","overlay-type":"","overlay-color":"","overlay-opacity":"","overlay-gradient":""},"tablet":{"background-color":"var(--ast-global-color-5)","background-image":"","background-repeat":"repeat","background-position":"center center","background-size":"auto","background-attachment":"scroll","background-type":"","background-media":"","overlay-type":"","overlay-color":"","overlay-opacity":"","overlay-gradient":""},"mobile":{"background-color":"var(--ast-global-color-5)","background-image":"","background-repeat":"repeat","background-position":"center center","background-size":"auto","background-attachment":"scroll","background-type":"","background-media":"","overlay-type":"","overlay-color":"","overlay-opacity":"","overlay-gradient":""}},"footnotes":""},"categories":[1,29,287],"tags":[688,691,482,402,565,515,869,283,390,841,858],"class_list":["post-14351","post","type-post","status-publish","format-standard","has-post-thumbnail","hentry","category-general","category-portada","category-entorn","tag-aprendreambelscampsientorns","tag-entorn-2","tag-escola-de-gironella","tag-gironella","tag-p5","tag-projecte-entorn","tag-projecte-entorn-24-25","tag-projectes","tag-projectes-compartits","tag-projectes-compartits-24-25","tag-projectescda"],"post_mailing_queue_ids":[],"_links":{"self":[{"href":"https:\/\/serveiseducatius.xtec.cat\/cda-altbergueda\/wp-json\/wp\/v2\/posts\/14351","targetHints":{"allow":["GET"]}}],"collection":[{"href":"https:\/\/serveiseducatius.xtec.cat\/cda-altbergueda\/wp-json\/wp\/v2\/posts"}],"about":[{"href":"https:\/\/serveiseducatius.xtec.cat\/cda-altbergueda\/wp-json\/wp\/v2\/types\/post"}],"author":[{"embeddable":true,"href":"https:\/\/serveiseducatius.xtec.cat\/cda-altbergueda\/wp-json\/wp\/v2\/users\/1"}],"replies":[{"embeddable":true,"href":"https:\/\/serveiseducatius.xtec.cat\/cda-altbergueda\/wp-json\/wp\/v2\/comments?post=14351"}],"version-history":[{"count":6,"href":"https:\/\/serveiseducatius.xtec.cat\/cda-altbergueda\/wp-json\/wp\/v2\/posts\/14351\/revisions"}],"predecessor-version":[{"id":14399,"href":"https:\/\/serveiseducatius.xtec.cat\/cda-altbergueda\/wp-json\/wp\/v2\/posts\/14351\/revisions\/14399"}],"wp:featuredmedia":[{"embeddable":true,"href":"https:\/\/serveiseducatius.xtec.cat\/cda-altbergueda\/wp-json\/wp\/v2\/media\/14352"}],"wp:attachment":[{"href":"https:\/\/serveiseducatius.xtec.cat\/cda-altbergueda\/wp-json\/wp\/v2\/media?parent=14351"}],"wp:term":[{"taxonomy":"category","embeddable":true,"href":"https:\/\/serveiseducatius.xtec.cat\/cda-altbergueda\/wp-json\/wp\/v2\/categories?post=14351"},{"taxonomy":"post_tag","embeddable":true,"href":"https:\/\/serveiseducatius.xtec.cat\/cda-altbergueda\/wp-json\/wp\/v2\/tags?post=14351"}],"curies":[{"name":"wp","href":"https:\/\/api.w.org\/{rel}","templated":true}]}}