{"id":14207,"date":"2024-11-07T16:02:26","date_gmt":"2024-11-07T15:02:26","guid":{"rendered":"https:\/\/serveiseducatius.xtec.cat\/cda-altbergueda\/?p=14207"},"modified":"2024-11-07T16:02:26","modified_gmt":"2024-11-07T15:02:26","slug":"els-bolets-del-turo-de-la-senyera-i-el-bosc-de-les-comes","status":"publish","type":"post","link":"https:\/\/serveiseducatius.xtec.cat\/cda-altbergueda\/general\/els-bolets-del-turo-de-la-senyera-i-el-bosc-de-les-comes\/","title":{"rendered":"ELS BOLETS DEL TUR\u00d3 DE LA SENYERA I EL BOSC DE LES COMES"},"content":{"rendered":"<p>Aquest dilluns i dimarts hem fet una activitat de fongs i bolets amb l&#8217;alumnat de 2n d&#8217;ESO A\u00a0 i 2n d&#8217;ESO B de l&#8217;Institut de Puig-reig.<\/p>\n<p>Dilluns vam anar al Tur\u00f3 de la Senyera. Tot i que vam haver de tornar abans per la pluja encara vam poder collir uns quants bolets. Dimarts, amb millor temps, vam anar al bosc de les Comes i vam poder omplir una mica m\u00e9s els cistells.<\/p>\n<p>La idea d&#8217;aquesta activitat no era fer de boletaires sin\u00f3 fer de mic\u00f2legs per tal de con\u00e8ixer moltes coses dels bolets i dels fongs. Per aix\u00f2 vam collir tots els bolets comestibles que vam trobar i una mostra dels no comestibles. Els vam identificar, classificar, observar amb lupes binoculars i con\u00e8ixer les seves parts. Tamb\u00e9 la funci\u00f3 que fan al bosc, a quin regne pertanyen, com s&#8217;alimenten o com es reprodueixen.<\/p>\n<p>&nbsp;<\/p>\n<p><img loading=\"lazy\" decoding=\"async\" class=\"aligncenter size-full wp-image-14208\" src=\"https:\/\/serveiseducatius.xtec.cat\/cda-altbergueda\/wp-content\/uploads\/usu1364\/2024\/11\/1730732129701.jpg\" alt=\"\" width=\"1023\" height=\"767\" srcset=\"https:\/\/serveiseducatius.xtec.cat\/cda-altbergueda\/wp-content\/uploads\/usu1364\/2024\/11\/1730732129701.jpg 1023w, https:\/\/serveiseducatius.xtec.cat\/cda-altbergueda\/wp-content\/uploads\/usu1364\/2024\/11\/1730732129701-300x225.jpg 300w, https:\/\/serveiseducatius.xtec.cat\/cda-altbergueda\/wp-content\/uploads\/usu1364\/2024\/11\/1730732129701-768x576.jpg 768w, https:\/\/serveiseducatius.xtec.cat\/cda-altbergueda\/wp-content\/uploads\/usu1364\/2024\/11\/1730732129701-200x150.jpg 200w\" sizes=\"auto, (max-width: 1023px) 100vw, 1023px\" \/><\/p>\n","protected":false},"excerpt":{"rendered":"<p>Aquest dilluns i dimarts hem fet una activitat de fongs i bolets amb l&#8217;alumnat de 2n d&#8217;ESO A\u00a0 i 2n d&#8217;ESO B de l&#8217;Institut de Puig-reig. Dilluns vam anar al Tur\u00f3 de la Senyera. Tot i que vam haver de tornar abans per la pluja encara vam poder collir uns quants bolets. Dimarts, amb millor [&hellip;]<\/p>\n","protected":false},"author":1,"featured_media":14209,"comment_status":"open","ping_status":"closed","sticky":false,"template":"","format":"standard","meta":{"_bbp_topic_count":0,"_bbp_reply_count":0,"_bbp_total_topic_count":0,"_bbp_total_reply_count":0,"_bbp_voice_count":0,"_bbp_anonymous_reply_count":0,"_bbp_topic_count_hidden":0,"_bbp_reply_count_hidden":0,"_bbp_forum_subforum_count":0,"site-sidebar-layout":"default","site-content-layout":"","ast-site-content-layout":"","site-content-style":"default","site-sidebar-style":"default","ast-global-header-display":"","ast-banner-title-visibility":"","ast-main-header-display":"","ast-hfb-above-header-display":"","ast-hfb-below-header-display":"","ast-hfb-mobile-header-display":"","site-post-title":"","ast-breadcrumbs-content":"","ast-featured-img":"","footer-sml-layout":"","theme-transparent-header-meta":"","adv-header-id-meta":"","stick-header-meta":"","header-above-stick-meta":"","header-main-stick-meta":"","header-below-stick-meta":"","astra-migrate-meta-layouts":"default","ast-page-background-enabled":"default","ast-page-background-meta":{"desktop":{"background-color":"var(--ast-global-color-4)","background-image":"","background-repeat":"repeat","background-position":"center center","background-size":"auto","background-attachment":"scroll","background-type":"","background-media":"","overlay-type":"","overlay-color":"","overlay-opacity":"","overlay-gradient":""},"tablet":{"background-color":"","background-image":"","background-repeat":"repeat","background-position":"center center","background-size":"auto","background-attachment":"scroll","background-type":"","background-media":"","overlay-type":"","overlay-color":"","overlay-opacity":"","overlay-gradient":""},"mobile":{"background-color":"","background-image":"","background-repeat":"repeat","background-position":"center center","background-size":"auto","background-attachment":"scroll","background-type":"","background-media":"","overlay-type":"","overlay-color":"","overlay-opacity":"","overlay-gradient":""}},"ast-content-background-meta":{"desktop":{"background-color":"var(--ast-global-color-5)","background-image":"","background-repeat":"repeat","background-position":"center center","background-size":"auto","background-attachment":"scroll","background-type":"","background-media":"","overlay-type":"","overlay-color":"","overlay-opacity":"","overlay-gradient":""},"tablet":{"background-color":"var(--ast-global-color-5)","background-image":"","background-repeat":"repeat","background-position":"center center","background-size":"auto","background-attachment":"scroll","background-type":"","background-media":"","overlay-type":"","overlay-color":"","overlay-opacity":"","overlay-gradient":""},"mobile":{"background-color":"var(--ast-global-color-5)","background-image":"","background-repeat":"repeat","background-position":"center center","background-size":"auto","background-attachment":"scroll","background-type":"","background-media":"","overlay-type":"","overlay-color":"","overlay-opacity":"","overlay-gradient":""}},"footnotes":""},"categories":[262,854,1,29],"tags":[469,688,322,784,694,388,686,481,843],"class_list":["post-14207","post","type-post","status-publish","format-standard","has-post-thumbnail","hentry","category-activitats","category-bolets","category-general","category-portada","tag-2n-eso","tag-aprendreambelscampsientorns","tag-bolets","tag-els-fongs-i-els-bolets","tag-ins-puig-reig","tag-puig-reig","tag-sortidacda","tag-sortides","tag-sortides-24-25"],"post_mailing_queue_ids":[],"_links":{"self":[{"href":"https:\/\/serveiseducatius.xtec.cat\/cda-altbergueda\/wp-json\/wp\/v2\/posts\/14207","targetHints":{"allow":["GET"]}}],"collection":[{"href":"https:\/\/serveiseducatius.xtec.cat\/cda-altbergueda\/wp-json\/wp\/v2\/posts"}],"about":[{"href":"https:\/\/serveiseducatius.xtec.cat\/cda-altbergueda\/wp-json\/wp\/v2\/types\/post"}],"author":[{"embeddable":true,"href":"https:\/\/serveiseducatius.xtec.cat\/cda-altbergueda\/wp-json\/wp\/v2\/users\/1"}],"replies":[{"embeddable":true,"href":"https:\/\/serveiseducatius.xtec.cat\/cda-altbergueda\/wp-json\/wp\/v2\/comments?post=14207"}],"version-history":[{"count":2,"href":"https:\/\/serveiseducatius.xtec.cat\/cda-altbergueda\/wp-json\/wp\/v2\/posts\/14207\/revisions"}],"predecessor-version":[{"id":14211,"href":"https:\/\/serveiseducatius.xtec.cat\/cda-altbergueda\/wp-json\/wp\/v2\/posts\/14207\/revisions\/14211"}],"wp:featuredmedia":[{"embeddable":true,"href":"https:\/\/serveiseducatius.xtec.cat\/cda-altbergueda\/wp-json\/wp\/v2\/media\/14209"}],"wp:attachment":[{"href":"https:\/\/serveiseducatius.xtec.cat\/cda-altbergueda\/wp-json\/wp\/v2\/media?parent=14207"}],"wp:term":[{"taxonomy":"category","embeddable":true,"href":"https:\/\/serveiseducatius.xtec.cat\/cda-altbergueda\/wp-json\/wp\/v2\/categories?post=14207"},{"taxonomy":"post_tag","embeddable":true,"href":"https:\/\/serveiseducatius.xtec.cat\/cda-altbergueda\/wp-json\/wp\/v2\/tags?post=14207"}],"curies":[{"name":"wp","href":"https:\/\/api.w.org\/{rel}","templated":true}]}}