{"id":13306,"date":"2023-12-07T11:28:51","date_gmt":"2023-12-07T10:28:51","guid":{"rendered":"https:\/\/serveiseducatius.xtec.cat\/cda-altbergueda\/?p=13306"},"modified":"2023-12-19T14:38:41","modified_gmt":"2023-12-19T13:38:41","slug":"netegem-els-rius-rieres-i-torrents-del-bergueda-amb-els-ajudants-de-lhugot","status":"publish","type":"post","link":"https:\/\/serveiseducatius.xtec.cat\/cda-altbergueda\/general\/netegem-els-rius-rieres-i-torrents-del-bergueda-amb-els-ajudants-de-lhugot\/","title":{"rendered":"NETEGEM ELS RIUS, RIERES i TORRENTS DEL BERGUED\u00c0 AMB ELS AJUDANTS DE L&#8217;HUGOT"},"content":{"rendered":"<p>Dins en projecte \u201c<a href=\"https:\/\/hugotbergueda23234.blogspot.com\/\">Hugot: rius i rieres del Bergued\u00e0<\/a>\u201d, un cop realitzades les sortides als rius, rieres i torrents vam veure que com aspecte a millorar sempre hi sortien les deixalles. No n&#8217;hi havia en grans quantitats per\u00f2 ja sigui a l&#8217;aigua o als seus voltants sempre en trob\u00e0vem.<\/p>\n<p>Per aix\u00f2 l&#8217;Hugot va proposar als seus ajudants fer una campanya de neteja, seguint la que fa l&#8217;Ag\u00e8ncia Catalana de Residus (<a href=\"https:\/\/residus.gencat.cat\/ca\/ambits_dactuacio\/prevencio\/setmana_europea\/lets_clean_up_europe\/\">Let&#8217;s Clean Up Europe<\/a>) i utilitzant el material que ens van cedir per fer-ho.<a href=\"https:\/\/residus.gencat.cat\/ca\/ambits_dactuacio\/prevencio\/setmana_europea\/lets_clean_up_europe\/\" target=\"_blank\" rel=\"noopener\"><img loading=\"lazy\" decoding=\"async\" class=\"aligncenter wp-image-13308\" src=\"https:\/\/serveiseducatius.xtec.cat\/cda-altbergueda\/wp-content\/uploads\/usu1364\/2023\/12\/logo-LCUE-alta.jpg\" alt=\"\" width=\"256\" height=\"351\" srcset=\"https:\/\/serveiseducatius.xtec.cat\/cda-altbergueda\/wp-content\/uploads\/usu1364\/2023\/12\/logo-LCUE-alta.jpg 959w, https:\/\/serveiseducatius.xtec.cat\/cda-altbergueda\/wp-content\/uploads\/usu1364\/2023\/12\/logo-LCUE-alta-219x300.jpg 219w, https:\/\/serveiseducatius.xtec.cat\/cda-altbergueda\/wp-content\/uploads\/usu1364\/2023\/12\/logo-LCUE-alta-748x1024.jpg 748w, https:\/\/serveiseducatius.xtec.cat\/cda-altbergueda\/wp-content\/uploads\/usu1364\/2023\/12\/logo-LCUE-alta-768x1051.jpg 768w\" sizes=\"auto, (max-width: 256px) 100vw, 256px\" \/><\/a><\/p>\n<p>La campanya ha tingut les seg\u00fcents <strong>INTERVENCIONS<\/strong>:<\/p>\n<ul>\n<li>El curs alt del riu Llobregat, entre l&#8217;escola i els bombers (P3 i P4 de l\u2019escola Sant Lloren\u00e7 de Guardiola de Bergued\u00e0)<\/li>\n<li>El riu Bastareny, al Pont de la Vila (P4 i P5 de l\u2019escola Galceran de Pin\u00f3s de Bag\u00e0)<\/li>\n<li>Curs mitj\u00e0 del riu Llobregat, a la Font del Bal\u00e7 (P4 de l\u2019escola de Gironella)<\/li>\n<li>Al torrent de les Garrigues\u00a0 al tram de la font Freda (P3\u00a0 i P4\u00a0 de l\u2019escola Sant Salvador de Cercs)<\/li>\n<\/ul>\n<p>I els <strong>resultats<\/strong> han estat aquests:<\/p>\n<p><img loading=\"lazy\" decoding=\"async\" class=\"aligncenter wp-image-13309\" src=\"https:\/\/serveiseducatius.xtec.cat\/cda-altbergueda\/wp-content\/uploads\/usu1364\/2023\/12\/Captura33.jpg\" alt=\"\" width=\"782\" height=\"591\" srcset=\"https:\/\/serveiseducatius.xtec.cat\/cda-altbergueda\/wp-content\/uploads\/usu1364\/2023\/12\/Captura33.jpg 1058w, https:\/\/serveiseducatius.xtec.cat\/cda-altbergueda\/wp-content\/uploads\/usu1364\/2023\/12\/Captura33-300x227.jpg 300w, https:\/\/serveiseducatius.xtec.cat\/cda-altbergueda\/wp-content\/uploads\/usu1364\/2023\/12\/Captura33-1024x774.jpg 1024w, https:\/\/serveiseducatius.xtec.cat\/cda-altbergueda\/wp-content\/uploads\/usu1364\/2023\/12\/Captura33-768x581.jpg 768w, https:\/\/serveiseducatius.xtec.cat\/cda-altbergueda\/wp-content\/uploads\/usu1364\/2023\/12\/Captura33-200x150.jpg 200w\" sizes=\"auto, (max-width: 782px) 100vw, 782px\" \/><\/p>\n<p>L&#8217;Hugot est\u00e0 molt agra\u00eft a tota aquesta colla d&#8217;ajudants i ajudantes que han contribu\u00eft a millorar i a deixar els rius, rieres i torrents del Bergued\u00e0 una mica m\u00e9s nets i m\u00e9s propers a com ens agradaria que estiguessin!<\/p>\n<table class=\" aligncenter\" style=\"height: 304px; width: 60.6721%; border-collapse: collapse; border-style: none;\">\n<tbody>\n<tr style=\"height: 296px;\">\n<td style=\"width: 50%; height: 296px; border-style: none;\"><img loading=\"lazy\" decoding=\"async\" class=\"aligncenter wp-image-13327\" src=\"https:\/\/serveiseducatius.xtec.cat\/cda-altbergueda\/wp-content\/uploads\/usu1364\/2023\/12\/ODS_Objectius_Desenvolupament_Sostenible_Respon.cat_SDG_Icons_CAT_Poster_A4.jpg\" alt=\"\" width=\"396\" height=\"280\" srcset=\"https:\/\/serveiseducatius.xtec.cat\/cda-altbergueda\/wp-content\/uploads\/usu1364\/2023\/12\/ODS_Objectius_Desenvolupament_Sostenible_Respon.cat_SDG_Icons_CAT_Poster_A4.jpg 1023w, https:\/\/serveiseducatius.xtec.cat\/cda-altbergueda\/wp-content\/uploads\/usu1364\/2023\/12\/ODS_Objectius_Desenvolupament_Sostenible_Respon.cat_SDG_Icons_CAT_Poster_A4-300x212.jpg 300w, https:\/\/serveiseducatius.xtec.cat\/cda-altbergueda\/wp-content\/uploads\/usu1364\/2023\/12\/ODS_Objectius_Desenvolupament_Sostenible_Respon.cat_SDG_Icons_CAT_Poster_A4-768x543.jpg 768w\" sizes=\"auto, (max-width: 396px) 100vw, 396px\" \/><\/td>\n<td style=\"width: 50%; height: 296px; border-style: none;\"><img loading=\"lazy\" decoding=\"async\" class=\"aligncenter wp-image-13326\" src=\"https:\/\/serveiseducatius.xtec.cat\/cda-altbergueda\/wp-content\/uploads\/usu1364\/2023\/12\/ods-6.jpg\" alt=\"\" width=\"181\" height=\"180\" srcset=\"https:\/\/serveiseducatius.xtec.cat\/cda-altbergueda\/wp-content\/uploads\/usu1364\/2023\/12\/ods-6.jpg 749w, https:\/\/serveiseducatius.xtec.cat\/cda-altbergueda\/wp-content\/uploads\/usu1364\/2023\/12\/ods-6-300x300.jpg 300w, https:\/\/serveiseducatius.xtec.cat\/cda-altbergueda\/wp-content\/uploads\/usu1364\/2023\/12\/ods-6-150x150.jpg 150w\" sizes=\"auto, (max-width: 181px) 100vw, 181px\" \/><\/td>\n<\/tr>\n<\/tbody>\n<\/table>\n<p style=\"text-align: center;\">\n","protected":false},"excerpt":{"rendered":"<p>Dins en projecte \u201cHugot: rius i rieres del Bergued\u00e0\u201d, un cop realitzades les sortides als rius, rieres i torrents vam veure que com aspecte a millorar sempre hi sortien les deixalles. No n&#8217;hi havia en grans quantitats per\u00f2 ja sigui a l&#8217;aigua o als seus voltants sempre en trob\u00e0vem. Per aix\u00f2 l&#8217;Hugot va proposar als [&hellip;]<\/p>\n","protected":false},"author":1,"featured_media":13309,"comment_status":"open","ping_status":"closed","sticky":false,"template":"","format":"standard","meta":{"_bbp_topic_count":0,"_bbp_reply_count":0,"_bbp_total_topic_count":0,"_bbp_total_reply_count":0,"_bbp_voice_count":0,"_bbp_anonymous_reply_count":0,"_bbp_topic_count_hidden":0,"_bbp_reply_count_hidden":0,"_bbp_forum_subforum_count":0,"site-sidebar-layout":"default","site-content-layout":"","ast-site-content-layout":"","site-content-style":"default","site-sidebar-style":"default","ast-global-header-display":"","ast-banner-title-visibility":"","ast-main-header-display":"","ast-hfb-above-header-display":"","ast-hfb-below-header-display":"","ast-hfb-mobile-header-display":"","site-post-title":"","ast-breadcrumbs-content":"","ast-featured-img":"","footer-sml-layout":"","theme-transparent-header-meta":"","adv-header-id-meta":"","stick-header-meta":"","header-above-stick-meta":"","header-main-stick-meta":"","header-below-stick-meta":"","astra-migrate-meta-layouts":"default","ast-page-background-enabled":"default","ast-page-background-meta":{"desktop":{"background-color":"var(--ast-global-color-4)","background-image":"","background-repeat":"repeat","background-position":"center center","background-size":"auto","background-attachment":"scroll","background-type":"","background-media":"","overlay-type":"","overlay-color":"","overlay-opacity":"","overlay-gradient":""},"tablet":{"background-color":"","background-image":"","background-repeat":"repeat","background-position":"center center","background-size":"auto","background-attachment":"scroll","background-type":"","background-media":"","overlay-type":"","overlay-color":"","overlay-opacity":"","overlay-gradient":""},"mobile":{"background-color":"","background-image":"","background-repeat":"repeat","background-position":"center center","background-size":"auto","background-attachment":"scroll","background-type":"","background-media":"","overlay-type":"","overlay-color":"","overlay-opacity":"","overlay-gradient":""}},"ast-content-background-meta":{"desktop":{"background-color":"var(--ast-global-color-5)","background-image":"","background-repeat":"repeat","background-position":"center center","background-size":"auto","background-attachment":"scroll","background-type":"","background-media":"","overlay-type":"","overlay-color":"","overlay-opacity":"","overlay-gradient":""},"tablet":{"background-color":"var(--ast-global-color-5)","background-image":"","background-repeat":"repeat","background-position":"center center","background-size":"auto","background-attachment":"scroll","background-type":"","background-media":"","overlay-type":"","overlay-color":"","overlay-opacity":"","overlay-gradient":""},"mobile":{"background-color":"var(--ast-global-color-5)","background-image":"","background-repeat":"repeat","background-position":"center center","background-size":"auto","background-attachment":"scroll","background-type":"","background-media":"","overlay-type":"","overlay-color":"","overlay-opacity":"","overlay-gradient":""}},"footnotes":""},"categories":[1,29,318],"tags":[346,425,482,473,459,387,402,460,381,390,776,657,360,406,790],"class_list":["post-13306","post","type-post","status-publish","format-standard","has-post-thumbnail","hentry","category-general","category-portada","category-hugot","tag-baga","tag-cercs","tag-escola-de-gironella","tag-escola-galceran-de-pinos","tag-escola-sant-llorenc","tag-escola-sant-salvador","tag-gironella","tag-guardiola-de-bergueda","tag-hugot","tag-projectes-compartits","tag-projectes-compartits-23-24","tag-riu-batareny","tag-riu-llobregat","tag-rius-i-rieres","tag-torrent-de-les-garrigues"],"post_mailing_queue_ids":[],"_links":{"self":[{"href":"https:\/\/serveiseducatius.xtec.cat\/cda-altbergueda\/wp-json\/wp\/v2\/posts\/13306","targetHints":{"allow":["GET"]}}],"collection":[{"href":"https:\/\/serveiseducatius.xtec.cat\/cda-altbergueda\/wp-json\/wp\/v2\/posts"}],"about":[{"href":"https:\/\/serveiseducatius.xtec.cat\/cda-altbergueda\/wp-json\/wp\/v2\/types\/post"}],"author":[{"embeddable":true,"href":"https:\/\/serveiseducatius.xtec.cat\/cda-altbergueda\/wp-json\/wp\/v2\/users\/1"}],"replies":[{"embeddable":true,"href":"https:\/\/serveiseducatius.xtec.cat\/cda-altbergueda\/wp-json\/wp\/v2\/comments?post=13306"}],"version-history":[{"count":5,"href":"https:\/\/serveiseducatius.xtec.cat\/cda-altbergueda\/wp-json\/wp\/v2\/posts\/13306\/revisions"}],"predecessor-version":[{"id":13328,"href":"https:\/\/serveiseducatius.xtec.cat\/cda-altbergueda\/wp-json\/wp\/v2\/posts\/13306\/revisions\/13328"}],"wp:featuredmedia":[{"embeddable":true,"href":"https:\/\/serveiseducatius.xtec.cat\/cda-altbergueda\/wp-json\/wp\/v2\/media\/13309"}],"wp:attachment":[{"href":"https:\/\/serveiseducatius.xtec.cat\/cda-altbergueda\/wp-json\/wp\/v2\/media?parent=13306"}],"wp:term":[{"taxonomy":"category","embeddable":true,"href":"https:\/\/serveiseducatius.xtec.cat\/cda-altbergueda\/wp-json\/wp\/v2\/categories?post=13306"},{"taxonomy":"post_tag","embeddable":true,"href":"https:\/\/serveiseducatius.xtec.cat\/cda-altbergueda\/wp-json\/wp\/v2\/tags?post=13306"}],"curies":[{"name":"wp","href":"https:\/\/api.w.org\/{rel}","templated":true}]}}