{"id":13274,"date":"2023-11-07T13:50:58","date_gmt":"2023-11-07T12:50:58","guid":{"rendered":"https:\/\/serveiseducatius.xtec.cat\/cda-altbergueda\/?p=13274"},"modified":"2023-11-17T12:35:27","modified_gmt":"2023-11-17T11:35:27","slug":"anem-als-rius-rieres-i-torrents-del-bergueda-amb-els-ajudants-de-lhugot","status":"publish","type":"post","link":"https:\/\/serveiseducatius.xtec.cat\/cda-altbergueda\/general\/anem-als-rius-rieres-i-torrents-del-bergueda-amb-els-ajudants-de-lhugot\/","title":{"rendered":"ANEM ALS RIUS, RIERES i TORRENTS DEL BERGUED\u00c0 AMB ELS AJUDANTS DE L&#8217;HUGOT"},"content":{"rendered":"<p>Aquest dies estem fent les sortides als rius, rieres i torrents del projecte \u201c<a href=\"https:\/\/hugotbergueda23234.blogspot.com\/\">Hugot: rius i rieres del Bergued\u00e0<\/a>\u201d.<\/p>\n<p>Seguint les tasques proposades per l\u2019Hugot als seus ajudants, investigarem:<\/p>\n<ul>\n<li>El curs alt del riu Llobregat (P3 i P4 de l\u2019escola Sant Lloren\u00e7 de Guardiola de Bergued\u00e0)<\/li>\n<li>El riu Bastareny (P4 i P5 de l\u2019escola Galceran de Pin\u00f3s de Bag\u00e0)<\/li>\n<li>La riera de Metge al tram de la Font Negra (P4 A i P4 B de l\u2019escola Sant Joan de Berga)<\/li>\n<li>Curs mitj\u00e0 del riu Llobregat (P4 de l\u2019escola de Gironella)<\/li>\n<li>Al torrent de les Garrigues\u00a0 al tram de la font Freda (P3\u00a0 i P4\u00a0 de l\u2019escola Sant Salvador de Cercs)<\/li>\n<\/ul>\n<p>El desenvolupament de les sessions ser\u00e0 el mateix en tots els casos: al mat\u00ed ens equiparem amb botes i observem i mesurarem diferents aspectes de l\u2019aigua. Despr\u00e9s buscarem macroinvertebrats per poder identificar i classificar a la tarda. Tamb\u00e9 aprofitarem per veure quin tipus de vegetaci\u00f3 hi ha al voltant de la riera i l\u2019impacte hum\u00e0 de la zona.<\/p>\n<p>A la tarda a partir de l\u2019observaci\u00f3 i identificaci\u00f3 dels macroinvertebrats podrem determinar la qualitat de l\u2019aigua del tram de riu, riera o torrent observat i d\u2019aquesta\u00a0 manera els alumnes podran informar a l\u2019Hugot de la possibilitat o no\u00a0 que les truites de riu hi puguin viure.<\/p>\n<div class=\"h5p-iframe-wrapper\"><iframe id=\"h5p-iframe-38\" class=\"h5p-iframe\" data-content-id=\"38\" style=\"height:1px\" src=\"about:blank\" frameBorder=\"0\" scrolling=\"no\" title=\"SORTIDA HUGOT 23-24\"><\/iframe><\/div>\n<p>&nbsp;<\/p>\n","protected":false},"excerpt":{"rendered":"<p>Aquest dies estem fent les sortides als rius, rieres i torrents del projecte \u201cHugot: rius i rieres del Bergued\u00e0\u201d. Seguint les tasques proposades per l\u2019Hugot als seus ajudants, investigarem: El curs alt del riu Llobregat (P3 i P4 de l\u2019escola Sant Lloren\u00e7 de Guardiola de Bergued\u00e0) El riu Bastareny (P4 i P5 de l\u2019escola Galceran [&hellip;]<\/p>\n","protected":false},"author":1,"featured_media":13294,"comment_status":"open","ping_status":"closed","sticky":false,"template":"","format":"standard","meta":{"_bbp_topic_count":0,"_bbp_reply_count":0,"_bbp_total_topic_count":0,"_bbp_total_reply_count":0,"_bbp_voice_count":0,"_bbp_anonymous_reply_count":0,"_bbp_topic_count_hidden":0,"_bbp_reply_count_hidden":0,"_bbp_forum_subforum_count":0,"site-sidebar-layout":"default","site-content-layout":"","ast-site-content-layout":"","site-content-style":"default","site-sidebar-style":"default","ast-global-header-display":"","ast-banner-title-visibility":"","ast-main-header-display":"","ast-hfb-above-header-display":"","ast-hfb-below-header-display":"","ast-hfb-mobile-header-display":"","site-post-title":"","ast-breadcrumbs-content":"","ast-featured-img":"","footer-sml-layout":"","theme-transparent-header-meta":"","adv-header-id-meta":"","stick-header-meta":"","header-above-stick-meta":"","header-main-stick-meta":"","header-below-stick-meta":"","astra-migrate-meta-layouts":"default","ast-page-background-enabled":"default","ast-page-background-meta":{"desktop":{"background-color":"var(--ast-global-color-4)","background-image":"","background-repeat":"repeat","background-position":"center center","background-size":"auto","background-attachment":"scroll","background-type":"","background-media":"","overlay-type":"","overlay-color":"","overlay-opacity":"","overlay-gradient":""},"tablet":{"background-color":"","background-image":"","background-repeat":"repeat","background-position":"center center","background-size":"auto","background-attachment":"scroll","background-type":"","background-media":"","overlay-type":"","overlay-color":"","overlay-opacity":"","overlay-gradient":""},"mobile":{"background-color":"","background-image":"","background-repeat":"repeat","background-position":"center center","background-size":"auto","background-attachment":"scroll","background-type":"","background-media":"","overlay-type":"","overlay-color":"","overlay-opacity":"","overlay-gradient":""}},"ast-content-background-meta":{"desktop":{"background-color":"var(--ast-global-color-5)","background-image":"","background-repeat":"repeat","background-position":"center center","background-size":"auto","background-attachment":"scroll","background-type":"","background-media":"","overlay-type":"","overlay-color":"","overlay-opacity":"","overlay-gradient":""},"tablet":{"background-color":"var(--ast-global-color-5)","background-image":"","background-repeat":"repeat","background-position":"center center","background-size":"auto","background-attachment":"scroll","background-type":"","background-media":"","overlay-type":"","overlay-color":"","overlay-opacity":"","overlay-gradient":""},"mobile":{"background-color":"var(--ast-global-color-5)","background-image":"","background-repeat":"repeat","background-position":"center center","background-size":"auto","background-attachment":"scroll","background-type":"","background-media":"","overlay-type":"","overlay-color":"","overlay-opacity":"","overlay-gradient":""}},"footnotes":""},"categories":[1,29,318],"tags":[346,485,425,437,482,473,544,459,387,402,460,381,563,564,390,776,406],"class_list":["post-13274","post","type-post","status-publish","format-standard","has-post-thumbnail","hentry","category-general","category-portada","category-hugot","tag-baga","tag-berga","tag-cercs","tag-cicle-mitja","tag-escola-de-gironella","tag-escola-galceran-de-pinos","tag-escola-sant-joan","tag-escola-sant-llorenc","tag-escola-sant-salvador","tag-gironella","tag-guardiola-de-bergueda","tag-hugot","tag-p3","tag-p4","tag-projectes-compartits","tag-projectes-compartits-23-24","tag-rius-i-rieres"],"post_mailing_queue_ids":[],"_links":{"self":[{"href":"https:\/\/serveiseducatius.xtec.cat\/cda-altbergueda\/wp-json\/wp\/v2\/posts\/13274","targetHints":{"allow":["GET"]}}],"collection":[{"href":"https:\/\/serveiseducatius.xtec.cat\/cda-altbergueda\/wp-json\/wp\/v2\/posts"}],"about":[{"href":"https:\/\/serveiseducatius.xtec.cat\/cda-altbergueda\/wp-json\/wp\/v2\/types\/post"}],"author":[{"embeddable":true,"href":"https:\/\/serveiseducatius.xtec.cat\/cda-altbergueda\/wp-json\/wp\/v2\/users\/1"}],"replies":[{"embeddable":true,"href":"https:\/\/serveiseducatius.xtec.cat\/cda-altbergueda\/wp-json\/wp\/v2\/comments?post=13274"}],"version-history":[{"count":5,"href":"https:\/\/serveiseducatius.xtec.cat\/cda-altbergueda\/wp-json\/wp\/v2\/posts\/13274\/revisions"}],"predecessor-version":[{"id":13289,"href":"https:\/\/serveiseducatius.xtec.cat\/cda-altbergueda\/wp-json\/wp\/v2\/posts\/13274\/revisions\/13289"}],"wp:featuredmedia":[{"embeddable":true,"href":"https:\/\/serveiseducatius.xtec.cat\/cda-altbergueda\/wp-json\/wp\/v2\/media\/13294"}],"wp:attachment":[{"href":"https:\/\/serveiseducatius.xtec.cat\/cda-altbergueda\/wp-json\/wp\/v2\/media?parent=13274"}],"wp:term":[{"taxonomy":"category","embeddable":true,"href":"https:\/\/serveiseducatius.xtec.cat\/cda-altbergueda\/wp-json\/wp\/v2\/categories?post=13274"},{"taxonomy":"post_tag","embeddable":true,"href":"https:\/\/serveiseducatius.xtec.cat\/cda-altbergueda\/wp-json\/wp\/v2\/tags?post=13274"}],"curies":[{"name":"wp","href":"https:\/\/api.w.org\/{rel}","templated":true}]}}