{"id":13236,"date":"2023-10-09T09:28:14","date_gmt":"2023-10-09T07:28:14","guid":{"rendered":"https:\/\/serveiseducatius.xtec.cat\/cda-altbergueda\/?p=13236"},"modified":"2023-10-09T09:28:14","modified_gmt":"2023-10-09T07:28:14","slug":"la-cova-de-la-tuta-i-les-fonts-del-llobregat-amb-els-ajudants-de-lhugot","status":"publish","type":"post","link":"https:\/\/serveiseducatius.xtec.cat\/cda-altbergueda\/general\/la-cova-de-la-tuta-i-les-fonts-del-llobregat-amb-els-ajudants-de-lhugot\/","title":{"rendered":"LA COVA DE LA TUTA I LES FONTS DEL LLOBREGAT AMB ELS AJUDANTS DE L&#8217;HUGOT"},"content":{"rendered":"<p>Tornem una altra vegada a la cova de la Tuta i a les fonts del Llobregat. Aquesta vegada amb les i els alumnes de P4 de l&#8217;escola Sant Joan de Berga.<\/p>\n<p>Aquests alumnes tamb\u00e9 participen en el <a href=\"https:\/\/hugotbergueda2324.blogspot.com\/\">projecte rius i rieres del Bergued\u00e0<\/a>. Segur que l&#8217;Hugot estar\u00e0 molt content que hagueu anat a veure el naixement del Llobregat i que estigueu aprenent\u00a0 moltes coses dels rius.<\/p>\n<p>Aviat ens tronarem a veure, per\u00f2 aquesta vegada a la riera de Metge!<\/p>\n<p><img loading=\"lazy\" decoding=\"async\" class=\"aligncenter size-full wp-image-13249\" src=\"https:\/\/serveiseducatius.xtec.cat\/cda-altbergueda\/wp-content\/uploads\/usu1364\/2023\/10\/IMG_3472.jpg\" alt=\"\" width=\"1023\" height=\"767\" srcset=\"https:\/\/serveiseducatius.xtec.cat\/cda-altbergueda\/wp-content\/uploads\/usu1364\/2023\/10\/IMG_3472.jpg 1023w, https:\/\/serveiseducatius.xtec.cat\/cda-altbergueda\/wp-content\/uploads\/usu1364\/2023\/10\/IMG_3472-300x225.jpg 300w, https:\/\/serveiseducatius.xtec.cat\/cda-altbergueda\/wp-content\/uploads\/usu1364\/2023\/10\/IMG_3472-768x576.jpg 768w, https:\/\/serveiseducatius.xtec.cat\/cda-altbergueda\/wp-content\/uploads\/usu1364\/2023\/10\/IMG_3472-200x150.jpg 200w\" sizes=\"auto, (max-width: 1023px) 100vw, 1023px\" \/><\/p>\n","protected":false},"excerpt":{"rendered":"<p>Tornem una altra vegada a la cova de la Tuta i a les fonts del Llobregat. Aquesta vegada amb les i els alumnes de P4 de l&#8217;escola Sant Joan de Berga. Aquests alumnes tamb\u00e9 participen en el projecte rius i rieres del Bergued\u00e0. Segur que l&#8217;Hugot estar\u00e0 molt content que hagueu anat a veure el [&hellip;]<\/p>\n","protected":false},"author":1,"featured_media":13249,"comment_status":"open","ping_status":"closed","sticky":false,"template":"","format":"standard","meta":{"_bbp_topic_count":0,"_bbp_reply_count":0,"_bbp_total_topic_count":0,"_bbp_total_reply_count":0,"_bbp_voice_count":0,"_bbp_anonymous_reply_count":0,"_bbp_topic_count_hidden":0,"_bbp_reply_count_hidden":0,"_bbp_forum_subforum_count":0,"site-sidebar-layout":"default","site-content-layout":"","ast-site-content-layout":"","site-content-style":"default","site-sidebar-style":"default","ast-global-header-display":"","ast-banner-title-visibility":"","ast-main-header-display":"","ast-hfb-above-header-display":"","ast-hfb-below-header-display":"","ast-hfb-mobile-header-display":"","site-post-title":"","ast-breadcrumbs-content":"","ast-featured-img":"","footer-sml-layout":"","theme-transparent-header-meta":"","adv-header-id-meta":"","stick-header-meta":"","header-above-stick-meta":"","header-main-stick-meta":"","header-below-stick-meta":"","astra-migrate-meta-layouts":"default","ast-page-background-enabled":"default","ast-page-background-meta":{"desktop":{"background-color":"var(--ast-global-color-4)","background-image":"","background-repeat":"repeat","background-position":"center center","background-size":"auto","background-attachment":"scroll","background-type":"","background-media":"","overlay-type":"","overlay-color":"","overlay-opacity":"","overlay-gradient":""},"tablet":{"background-color":"","background-image":"","background-repeat":"repeat","background-position":"center center","background-size":"auto","background-attachment":"scroll","background-type":"","background-media":"","overlay-type":"","overlay-color":"","overlay-opacity":"","overlay-gradient":""},"mobile":{"background-color":"","background-image":"","background-repeat":"repeat","background-position":"center center","background-size":"auto","background-attachment":"scroll","background-type":"","background-media":"","overlay-type":"","overlay-color":"","overlay-opacity":"","overlay-gradient":""}},"ast-content-background-meta":{"desktop":{"background-color":"var(--ast-global-color-5)","background-image":"","background-repeat":"repeat","background-position":"center center","background-size":"auto","background-attachment":"scroll","background-type":"","background-media":"","overlay-type":"","overlay-color":"","overlay-opacity":"","overlay-gradient":""},"tablet":{"background-color":"var(--ast-global-color-5)","background-image":"","background-repeat":"repeat","background-position":"center center","background-size":"auto","background-attachment":"scroll","background-type":"","background-media":"","overlay-type":"","overlay-color":"","overlay-opacity":"","overlay-gradient":""},"mobile":{"background-color":"var(--ast-global-color-5)","background-image":"","background-repeat":"repeat","background-position":"center center","background-size":"auto","background-attachment":"scroll","background-type":"","background-media":"","overlay-type":"","overlay-color":"","overlay-opacity":"","overlay-gradient":""}},"footnotes":""},"categories":[262,286,1,29],"tags":[485,339,457,544,458,564,481,777],"class_list":["post-13236","post","type-post","status-publish","format-standard","has-post-thumbnail","hentry","category-activitats","category-comarca","category-general","category-portada","tag-berga","tag-castellar-de-nhug","tag-cova-de-la-tuta","tag-escola-sant-joan","tag-fonts-del-llobregat","tag-p4","tag-sortides","tag-sortides-23-24"],"post_mailing_queue_ids":[],"_links":{"self":[{"href":"https:\/\/serveiseducatius.xtec.cat\/cda-altbergueda\/wp-json\/wp\/v2\/posts\/13236","targetHints":{"allow":["GET"]}}],"collection":[{"href":"https:\/\/serveiseducatius.xtec.cat\/cda-altbergueda\/wp-json\/wp\/v2\/posts"}],"about":[{"href":"https:\/\/serveiseducatius.xtec.cat\/cda-altbergueda\/wp-json\/wp\/v2\/types\/post"}],"author":[{"embeddable":true,"href":"https:\/\/serveiseducatius.xtec.cat\/cda-altbergueda\/wp-json\/wp\/v2\/users\/1"}],"replies":[{"embeddable":true,"href":"https:\/\/serveiseducatius.xtec.cat\/cda-altbergueda\/wp-json\/wp\/v2\/comments?post=13236"}],"version-history":[{"count":3,"href":"https:\/\/serveiseducatius.xtec.cat\/cda-altbergueda\/wp-json\/wp\/v2\/posts\/13236\/revisions"}],"predecessor-version":[{"id":13250,"href":"https:\/\/serveiseducatius.xtec.cat\/cda-altbergueda\/wp-json\/wp\/v2\/posts\/13236\/revisions\/13250"}],"wp:featuredmedia":[{"embeddable":true,"href":"https:\/\/serveiseducatius.xtec.cat\/cda-altbergueda\/wp-json\/wp\/v2\/media\/13249"}],"wp:attachment":[{"href":"https:\/\/serveiseducatius.xtec.cat\/cda-altbergueda\/wp-json\/wp\/v2\/media?parent=13236"}],"wp:term":[{"taxonomy":"category","embeddable":true,"href":"https:\/\/serveiseducatius.xtec.cat\/cda-altbergueda\/wp-json\/wp\/v2\/categories?post=13236"},{"taxonomy":"post_tag","embeddable":true,"href":"https:\/\/serveiseducatius.xtec.cat\/cda-altbergueda\/wp-json\/wp\/v2\/tags?post=13236"}],"curies":[{"name":"wp","href":"https:\/\/api.w.org\/{rel}","templated":true}]}}