{"id":12893,"date":"2023-02-17T16:50:43","date_gmt":"2023-02-17T15:50:43","guid":{"rendered":"https:\/\/serveiseducatius.xtec.cat\/cda-altbergueda\/?p=12893"},"modified":"2023-02-17T16:51:05","modified_gmt":"2023-02-17T15:51:05","slug":"analisi-fisica-quimica-i-biologica-de-laigua-del-llobregat-a-guardiola-de-bergueda","status":"publish","type":"post","link":"https:\/\/serveiseducatius.xtec.cat\/cda-altbergueda\/general\/analisi-fisica-quimica-i-biologica-de-laigua-del-llobregat-a-guardiola-de-bergueda\/","title":{"rendered":"AN\u00c0LISI F\u00cdSICA, QU\u00cdMICA I BIOL\u00d2GICA DE L\u2019AIGUA DEL LLOBREGAT A GUARDIOLA DE BERGUED\u00c0"},"content":{"rendered":"<p style=\"text-align: justify;\">Aquesta setmana hem investigat i analitzat\u00a0 la qualitat de l\u2019aigua del Riu Llobregat al seu pas per Guardiola de Bergued\u00e0\u00a0 amb alumnes de 1r i 2n de Batxillerat de l\u2019INS Guillem de Bergued\u00e0 de Berga, l\u2019INS Llu\u00eds de Peguera de Manresa, INS Moian\u00e8s de Moi\u00e0,\u00a0 INS Pere Fontdevila de Gironella i INS Alt Bergued\u00e0 de Bag\u00e0. Tamb\u00e9 amb els alumnes del CFGS de Laboratori d&#8217;an\u00e0lisi i control de qualitat de l&#8217;institut de Vic.<\/p>\n<p style=\"text-align: justify;\">Hem estat fent l\u2019activitat: \u201cAn\u00e0lisi f\u00edsica i qu\u00edmica de l\u2019aigua del riu Llobregat, abans i despr\u00e9s de la depuradora\u201d. Amb alguns tamb\u00e9 ho hem completat amb l\u2019activitat: \u201cEls bioindicadors i la qualitat biol\u00f2gica de l\u2019aigua del riu Llobregat\u201d. Combinant el treball de camp amb el de laboratori.<\/p>\n<p>Aqu\u00ed podem veure algunes imatges: (PENDENT D&#8217;ACTUALITZAR)<\/p>\n<div class=\"h5p-iframe-wrapper\"><iframe id=\"h5p-iframe-35\" class=\"h5p-iframe\" data-content-id=\"35\" style=\"height:1px\" src=\"about:blank\" frameBorder=\"0\" scrolling=\"no\" title=\"QU\u00cdMICA 22-23\"><\/iframe><\/div>\n","protected":false},"excerpt":{"rendered":"<p>Aquesta setmana hem investigat i analitzat\u00a0 la qualitat de l\u2019aigua del Riu Llobregat al seu pas per Guardiola de Bergued\u00e0\u00a0 amb alumnes de 1r i 2n de Batxillerat de l\u2019INS Guillem de Bergued\u00e0 de Berga, l\u2019INS Llu\u00eds de Peguera de Manresa, INS Moian\u00e8s de Moi\u00e0,\u00a0 INS Pere Fontdevila de Gironella i INS Alt Bergued\u00e0 de [&hellip;]<\/p>\n","protected":false},"author":1,"featured_media":12897,"comment_status":"open","ping_status":"closed","sticky":false,"template":"","format":"standard","meta":{"_bbp_topic_count":0,"_bbp_reply_count":0,"_bbp_total_topic_count":0,"_bbp_total_reply_count":0,"_bbp_voice_count":0,"_bbp_anonymous_reply_count":0,"_bbp_topic_count_hidden":0,"_bbp_reply_count_hidden":0,"_bbp_forum_subforum_count":0,"site-sidebar-layout":"default","site-content-layout":"","ast-site-content-layout":"","site-content-style":"default","site-sidebar-style":"default","ast-global-header-display":"","ast-banner-title-visibility":"","ast-main-header-display":"","ast-hfb-above-header-display":"","ast-hfb-below-header-display":"","ast-hfb-mobile-header-display":"","site-post-title":"","ast-breadcrumbs-content":"","ast-featured-img":"","footer-sml-layout":"","theme-transparent-header-meta":"","adv-header-id-meta":"","stick-header-meta":"","header-above-stick-meta":"","header-main-stick-meta":"","header-below-stick-meta":"","astra-migrate-meta-layouts":"default","ast-page-background-enabled":"default","ast-page-background-meta":{"desktop":{"background-color":"var(--ast-global-color-4)","background-image":"","background-repeat":"repeat","background-position":"center center","background-size":"auto","background-attachment":"scroll","background-type":"","background-media":"","overlay-type":"","overlay-color":"","overlay-opacity":"","overlay-gradient":""},"tablet":{"background-color":"","background-image":"","background-repeat":"repeat","background-position":"center center","background-size":"auto","background-attachment":"scroll","background-type":"","background-media":"","overlay-type":"","overlay-color":"","overlay-opacity":"","overlay-gradient":""},"mobile":{"background-color":"","background-image":"","background-repeat":"repeat","background-position":"center center","background-size":"auto","background-attachment":"scroll","background-type":"","background-media":"","overlay-type":"","overlay-color":"","overlay-opacity":"","overlay-gradient":""}},"ast-content-background-meta":{"desktop":{"background-color":"var(--ast-global-color-5)","background-image":"","background-repeat":"repeat","background-position":"center center","background-size":"auto","background-attachment":"scroll","background-type":"","background-media":"","overlay-type":"","overlay-color":"","overlay-opacity":"","overlay-gradient":""},"tablet":{"background-color":"var(--ast-global-color-5)","background-image":"","background-repeat":"repeat","background-position":"center center","background-size":"auto","background-attachment":"scroll","background-type":"","background-media":"","overlay-type":"","overlay-color":"","overlay-opacity":"","overlay-gradient":""},"mobile":{"background-color":"var(--ast-global-color-5)","background-image":"","background-repeat":"repeat","background-position":"center center","background-size":"auto","background-attachment":"scroll","background-type":"","background-media":"","overlay-type":"","overlay-color":"","overlay-opacity":"","overlay-gradient":""}},"footnotes":""},"categories":[262,286,1,29],"tags":[631,512,409,734,632,695,634,423,633,498,422,360],"class_list":["post-12893","post","type-post","status-publish","format-standard","has-post-thumbnail","hentry","category-activitats","category-comarca","category-general","category-portada","tag-1r-bat","tag-2n-bat","tag-cfgs","tag-curs-22-23","tag-ins-alt-bergueda","tag-ins-guillem-de-bergueda","tag-ins-lluis-de-peguera","tag-ins-moianes","tag-ins-pere-fontdevila","tag-institut-de-vic","tag-quimica","tag-riu-llobregat"],"post_mailing_queue_ids":[],"_links":{"self":[{"href":"https:\/\/serveiseducatius.xtec.cat\/cda-altbergueda\/wp-json\/wp\/v2\/posts\/12893","targetHints":{"allow":["GET"]}}],"collection":[{"href":"https:\/\/serveiseducatius.xtec.cat\/cda-altbergueda\/wp-json\/wp\/v2\/posts"}],"about":[{"href":"https:\/\/serveiseducatius.xtec.cat\/cda-altbergueda\/wp-json\/wp\/v2\/types\/post"}],"author":[{"embeddable":true,"href":"https:\/\/serveiseducatius.xtec.cat\/cda-altbergueda\/wp-json\/wp\/v2\/users\/1"}],"replies":[{"embeddable":true,"href":"https:\/\/serveiseducatius.xtec.cat\/cda-altbergueda\/wp-json\/wp\/v2\/comments?post=12893"}],"version-history":[{"count":3,"href":"https:\/\/serveiseducatius.xtec.cat\/cda-altbergueda\/wp-json\/wp\/v2\/posts\/12893\/revisions"}],"predecessor-version":[{"id":12899,"href":"https:\/\/serveiseducatius.xtec.cat\/cda-altbergueda\/wp-json\/wp\/v2\/posts\/12893\/revisions\/12899"}],"wp:featuredmedia":[{"embeddable":true,"href":"https:\/\/serveiseducatius.xtec.cat\/cda-altbergueda\/wp-json\/wp\/v2\/media\/12897"}],"wp:attachment":[{"href":"https:\/\/serveiseducatius.xtec.cat\/cda-altbergueda\/wp-json\/wp\/v2\/media?parent=12893"}],"wp:term":[{"taxonomy":"category","embeddable":true,"href":"https:\/\/serveiseducatius.xtec.cat\/cda-altbergueda\/wp-json\/wp\/v2\/categories?post=12893"},{"taxonomy":"post_tag","embeddable":true,"href":"https:\/\/serveiseducatius.xtec.cat\/cda-altbergueda\/wp-json\/wp\/v2\/tags?post=12893"}],"curies":[{"name":"wp","href":"https:\/\/api.w.org\/{rel}","templated":true}]}}