{"id":12409,"date":"2022-06-14T14:42:26","date_gmt":"2022-06-14T12:42:26","guid":{"rendered":"https:\/\/serveiseducatius.xtec.cat\/cda-altbergueda\/?p=12409"},"modified":"2022-06-15T14:43:19","modified_gmt":"2022-06-15T12:43:19","slug":"fes-un-clic-al-riu-treball-posterior-pla-del-puig","status":"publish","type":"post","link":"https:\/\/serveiseducatius.xtec.cat\/cda-altbergueda\/general\/fes-un-clic-al-riu-treball-posterior-pla-del-puig\/","title":{"rendered":"FES UN CLIC AL RIU. TREBALL POSTERIOR (PLA DEL PUIG)"},"content":{"rendered":"<p>L&#8217;escola Pla del Puig de Sant Fruit\u00f3s de Bages va venir a fer estada amb nosaltres el passat mes de mar\u00e7, per\u00f2 l&#8217;alumnat de 3r i 4rt de prim\u00e0ria no han parat durant aquest tercer trimestre i han treballat de valent per continuar la feina feta al Bergued\u00e0. Despr\u00e9s d&#8217;haver analitzat la qualitat de l&#8217;aigua del Llobregat pel seu pas per la Sala, han fet un estudi de la qualitat del mateix riu, per\u00f2 al curs mitj\u00e0, al costat de la seva escola, fins a Sant Benet de Bages, on van fer l&#8217;activitat &#8220;Fes un clic al riu&#8221;.\u00a0 Aquest ha estat el resum de la seva feina:<\/p>\n<p><img loading=\"lazy\" decoding=\"async\" class=\"aligncenter size-full wp-image-12410\" src=\"https:\/\/serveiseducatius.xtec.cat\/cda-altbergueda\/wp-content\/uploads\/usu1364\/2022\/06\/uu.jpg\" alt=\"\" width=\"684\" height=\"897\" srcset=\"https:\/\/serveiseducatius.xtec.cat\/cda-altbergueda\/wp-content\/uploads\/usu1364\/2022\/06\/uu.jpg 684w, https:\/\/serveiseducatius.xtec.cat\/cda-altbergueda\/wp-content\/uploads\/usu1364\/2022\/06\/uu-229x300.jpg 229w\" sizes=\"auto, (max-width: 684px) 100vw, 684px\" \/><\/p>\n<p><img loading=\"lazy\" decoding=\"async\" class=\"aligncenter size-full wp-image-12411\" src=\"https:\/\/serveiseducatius.xtec.cat\/cda-altbergueda\/wp-content\/uploads\/usu1364\/2022\/06\/uu-1.jpg\" alt=\"\" width=\"629\" height=\"898\" \/><\/p>\n","protected":false},"excerpt":{"rendered":"<p>L&#8217;escola Pla del Puig de Sant Fruit\u00f3s de Bages va venir a fer estada amb nosaltres el passat mes de mar\u00e7, per\u00f2 l&#8217;alumnat de 3r i 4rt de prim\u00e0ria no han parat durant aquest tercer trimestre i han treballat de valent per continuar la feina feta al Bergued\u00e0. Despr\u00e9s d&#8217;haver analitzat la qualitat de l&#8217;aigua [&hellip;]<\/p>\n","protected":false},"author":1,"featured_media":12411,"comment_status":"open","ping_status":"closed","sticky":false,"template":"","format":"standard","meta":{"_bbp_topic_count":0,"_bbp_reply_count":0,"_bbp_total_topic_count":0,"_bbp_total_reply_count":0,"_bbp_voice_count":0,"_bbp_anonymous_reply_count":0,"_bbp_topic_count_hidden":0,"_bbp_reply_count_hidden":0,"_bbp_forum_subforum_count":0,"site-sidebar-layout":"default","site-content-layout":"","ast-site-content-layout":"","site-content-style":"default","site-sidebar-style":"default","ast-global-header-display":"","ast-banner-title-visibility":"","ast-main-header-display":"","ast-hfb-above-header-display":"","ast-hfb-below-header-display":"","ast-hfb-mobile-header-display":"","site-post-title":"","ast-breadcrumbs-content":"","ast-featured-img":"","footer-sml-layout":"","theme-transparent-header-meta":"","adv-header-id-meta":"","stick-header-meta":"","header-above-stick-meta":"","header-main-stick-meta":"","header-below-stick-meta":"","astra-migrate-meta-layouts":"default","ast-page-background-enabled":"default","ast-page-background-meta":{"desktop":{"background-color":"var(--ast-global-color-4)","background-image":"","background-repeat":"repeat","background-position":"center center","background-size":"auto","background-attachment":"scroll","background-type":"","background-media":"","overlay-type":"","overlay-color":"","overlay-opacity":"","overlay-gradient":""},"tablet":{"background-color":"","background-image":"","background-repeat":"repeat","background-position":"center center","background-size":"auto","background-attachment":"scroll","background-type":"","background-media":"","overlay-type":"","overlay-color":"","overlay-opacity":"","overlay-gradient":""},"mobile":{"background-color":"","background-image":"","background-repeat":"repeat","background-position":"center center","background-size":"auto","background-attachment":"scroll","background-type":"","background-media":"","overlay-type":"","overlay-color":"","overlay-opacity":"","overlay-gradient":""}},"ast-content-background-meta":{"desktop":{"background-color":"var(--ast-global-color-5)","background-image":"","background-repeat":"repeat","background-position":"center center","background-size":"auto","background-attachment":"scroll","background-type":"","background-media":"","overlay-type":"","overlay-color":"","overlay-opacity":"","overlay-gradient":""},"tablet":{"background-color":"var(--ast-global-color-5)","background-image":"","background-repeat":"repeat","background-position":"center center","background-size":"auto","background-attachment":"scroll","background-type":"","background-media":"","overlay-type":"","overlay-color":"","overlay-opacity":"","overlay-gradient":""},"mobile":{"background-color":"var(--ast-global-color-5)","background-image":"","background-repeat":"repeat","background-position":"center center","background-size":"auto","background-attachment":"scroll","background-type":"","background-media":"","overlay-type":"","overlay-color":"","overlay-opacity":"","overlay-gradient":""}},"footnotes":""},"categories":[288,1,29,569],"tags":[443,712,627,437,668,361],"class_list":["post-12409","post","type-post","status-publish","format-standard","has-post-thumbnail","hentry","category-estades","category-general","category-portada","category-treballs-posteriors","tag-3r","tag-4rt","tag-aprenemambelscampsientorns","tag-cicle-mitja","tag-estades-21-22","tag-treball-posterior-estada"],"post_mailing_queue_ids":[],"_links":{"self":[{"href":"https:\/\/serveiseducatius.xtec.cat\/cda-altbergueda\/wp-json\/wp\/v2\/posts\/12409","targetHints":{"allow":["GET"]}}],"collection":[{"href":"https:\/\/serveiseducatius.xtec.cat\/cda-altbergueda\/wp-json\/wp\/v2\/posts"}],"about":[{"href":"https:\/\/serveiseducatius.xtec.cat\/cda-altbergueda\/wp-json\/wp\/v2\/types\/post"}],"author":[{"embeddable":true,"href":"https:\/\/serveiseducatius.xtec.cat\/cda-altbergueda\/wp-json\/wp\/v2\/users\/1"}],"replies":[{"embeddable":true,"href":"https:\/\/serveiseducatius.xtec.cat\/cda-altbergueda\/wp-json\/wp\/v2\/comments?post=12409"}],"version-history":[{"count":1,"href":"https:\/\/serveiseducatius.xtec.cat\/cda-altbergueda\/wp-json\/wp\/v2\/posts\/12409\/revisions"}],"predecessor-version":[{"id":12412,"href":"https:\/\/serveiseducatius.xtec.cat\/cda-altbergueda\/wp-json\/wp\/v2\/posts\/12409\/revisions\/12412"}],"wp:featuredmedia":[{"embeddable":true,"href":"https:\/\/serveiseducatius.xtec.cat\/cda-altbergueda\/wp-json\/wp\/v2\/media\/12411"}],"wp:attachment":[{"href":"https:\/\/serveiseducatius.xtec.cat\/cda-altbergueda\/wp-json\/wp\/v2\/media?parent=12409"}],"wp:term":[{"taxonomy":"category","embeddable":true,"href":"https:\/\/serveiseducatius.xtec.cat\/cda-altbergueda\/wp-json\/wp\/v2\/categories?post=12409"},{"taxonomy":"post_tag","embeddable":true,"href":"https:\/\/serveiseducatius.xtec.cat\/cda-altbergueda\/wp-json\/wp\/v2\/tags?post=12409"}],"curies":[{"name":"wp","href":"https:\/\/api.w.org\/{rel}","templated":true}]}}