{"id":11626,"date":"2021-05-24T10:50:12","date_gmt":"2021-05-24T08:50:12","guid":{"rendered":"http:\/\/serveiseducatius.xtec.cat\/cda-altbergueda\/?p=11626"},"modified":"2021-05-31T09:38:01","modified_gmt":"2021-05-31T07:38:01","slug":"la-vegetacio-de-lentorn-proper-de-les-escoles-de-la-zer-de-lalt-bergueda","status":"publish","type":"post","link":"https:\/\/serveiseducatius.xtec.cat\/cda-altbergueda\/general\/la-vegetacio-de-lentorn-proper-de-les-escoles-de-la-zer-de-lalt-bergueda\/","title":{"rendered":"LA VEGETACI\u00d3 DE L&#8217;ENTORN PROPER DE LES ESCOLES DE LA ZER DE L&#8217;ALT BERGUED\u00c0"},"content":{"rendered":"<p>Aquests dies hem anar a con\u00e8ixer la vegetaci\u00f3 de l&#8217;entorn o bosc proper de les escoles de la ZER de l&#8217;ALt Bergued\u00e0. Hem anat amb els alumnes de l&#8217;escola L&#8217;Albiol de Sant Juli\u00e0 de Cerdanyola, de l&#8217;escola Serrat Voltor de Vallcebre i de l&#8217;escola Santa Margarida de G\u00f3sol.<\/p>\n<p>Hem treballat conjuntament amb tots els alumnes des de P3 fins a cicle superior.<\/p>\n<p>Aqu\u00ed en podeu veure algunes imatges, la majoria fetes pels propis alumnes:<\/p>\n<p><a href=\"https:\/\/photos.app.goo.gl\/iSzhyMdrAr5jZj2r7\"><strong>ESCOLA L&#8217;ALBIOL DE SANT JULI\u00c0 DE CERDANYOLA:<\/strong><\/a><\/p>\n<p><a href=\"https:\/\/photos.app.goo.gl\/iSzhyMdrAr5jZj2r7\"><img loading=\"lazy\" decoding=\"async\" class=\"aligncenter wp-image-11628 size-full\" src=\"https:\/\/serveiseducatius.xtec.cat\/cda-altbergueda\/wp-content\/uploads\/usu1364\/2021\/05\/20210521_100736.jpg\" alt=\"\" width=\"1023\" height=\"575\" srcset=\"https:\/\/serveiseducatius.xtec.cat\/cda-altbergueda\/wp-content\/uploads\/usu1364\/2021\/05\/20210521_100736.jpg 1023w, https:\/\/serveiseducatius.xtec.cat\/cda-altbergueda\/wp-content\/uploads\/usu1364\/2021\/05\/20210521_100736-300x169.jpg 300w, https:\/\/serveiseducatius.xtec.cat\/cda-altbergueda\/wp-content\/uploads\/usu1364\/2021\/05\/20210521_100736-768x432.jpg 768w\" sizes=\"auto, (max-width: 1023px) 100vw, 1023px\" \/><\/a><\/p>\n<p><a href=\"https:\/\/photos.app.goo.gl\/vvMEirXS4RtUkFqL7\"><strong>ESCOLA SERRAT VOLTOR DE VALLCEBRE:<\/strong><\/a><\/p>\n<p><a href=\"https:\/\/photos.app.goo.gl\/vvMEirXS4RtUkFqL7\"><img loading=\"lazy\" decoding=\"async\" class=\"aligncenter wp-image-11630 size-full\" src=\"https:\/\/serveiseducatius.xtec.cat\/cda-altbergueda\/wp-content\/uploads\/usu1364\/2021\/05\/IMG-20210521-WA0005.jpg\" alt=\"\" width=\"1023\" height=\"767\" srcset=\"https:\/\/serveiseducatius.xtec.cat\/cda-altbergueda\/wp-content\/uploads\/usu1364\/2021\/05\/IMG-20210521-WA0005.jpg 1023w, https:\/\/serveiseducatius.xtec.cat\/cda-altbergueda\/wp-content\/uploads\/usu1364\/2021\/05\/IMG-20210521-WA0005-300x225.jpg 300w, https:\/\/serveiseducatius.xtec.cat\/cda-altbergueda\/wp-content\/uploads\/usu1364\/2021\/05\/IMG-20210521-WA0005-768x576.jpg 768w, https:\/\/serveiseducatius.xtec.cat\/cda-altbergueda\/wp-content\/uploads\/usu1364\/2021\/05\/IMG-20210521-WA0005-200x150.jpg 200w\" sizes=\"auto, (max-width: 1023px) 100vw, 1023px\" \/><\/a><\/p>\n<p><a href=\"https:\/\/photos.app.goo.gl\/cuskLS3tu6BHHRaq8\"><strong>ESCOLA SANTA MARGARIDA\u00a0 DE G\u00d3SOL:<\/strong><\/a><\/p>\n<p><a href=\"https:\/\/photos.app.goo.gl\/cuskLS3tu6BHHRaq8\"><img loading=\"lazy\" decoding=\"async\" class=\"aligncenter wp-image-11638 size-full\" src=\"https:\/\/serveiseducatius.xtec.cat\/cda-altbergueda\/wp-content\/uploads\/usu1364\/2021\/05\/DSCN5364.jpg\" alt=\"\" width=\"1023\" height=\"767\" srcset=\"https:\/\/serveiseducatius.xtec.cat\/cda-altbergueda\/wp-content\/uploads\/usu1364\/2021\/05\/DSCN5364.jpg 1023w, https:\/\/serveiseducatius.xtec.cat\/cda-altbergueda\/wp-content\/uploads\/usu1364\/2021\/05\/DSCN5364-300x225.jpg 300w, https:\/\/serveiseducatius.xtec.cat\/cda-altbergueda\/wp-content\/uploads\/usu1364\/2021\/05\/DSCN5364-768x576.jpg 768w, https:\/\/serveiseducatius.xtec.cat\/cda-altbergueda\/wp-content\/uploads\/usu1364\/2021\/05\/DSCN5364-200x150.jpg 200w\" sizes=\"auto, (max-width: 1023px) 100vw, 1023px\" \/><\/a><\/p>\n<p>&nbsp;<\/p>\n","protected":false},"excerpt":{"rendered":"<p>Aquests dies hem anar a con\u00e8ixer la vegetaci\u00f3 de l&#8217;entorn o bosc proper de les escoles de la ZER de l&#8217;ALt Bergued\u00e0. Hem anat amb els alumnes de l&#8217;escola L&#8217;Albiol de Sant Juli\u00e0 de Cerdanyola, de l&#8217;escola Serrat Voltor de Vallcebre i de l&#8217;escola Santa Margarida de G\u00f3sol. Hem treballat conjuntament amb tots els alumnes [&hellip;]<\/p>\n","protected":false},"author":1,"featured_media":11629,"comment_status":"open","ping_status":"closed","sticky":false,"template":"","format":"standard","meta":{"_bbp_topic_count":0,"_bbp_reply_count":0,"_bbp_total_topic_count":0,"_bbp_total_reply_count":0,"_bbp_voice_count":0,"_bbp_anonymous_reply_count":0,"_bbp_topic_count_hidden":0,"_bbp_reply_count_hidden":0,"_bbp_forum_subforum_count":0,"site-sidebar-layout":"default","site-content-layout":"","ast-site-content-layout":"","site-content-style":"default","site-sidebar-style":"default","ast-global-header-display":"","ast-banner-title-visibility":"","ast-main-header-display":"","ast-hfb-above-header-display":"","ast-hfb-below-header-display":"","ast-hfb-mobile-header-display":"","site-post-title":"","ast-breadcrumbs-content":"","ast-featured-img":"","footer-sml-layout":"","theme-transparent-header-meta":"","adv-header-id-meta":"","stick-header-meta":"","header-above-stick-meta":"","header-main-stick-meta":"","header-below-stick-meta":"","astra-migrate-meta-layouts":"default","ast-page-background-enabled":"default","ast-page-background-meta":{"desktop":{"background-color":"var(--ast-global-color-4)","background-image":"","background-repeat":"repeat","background-position":"center center","background-size":"auto","background-attachment":"scroll","background-type":"","background-media":"","overlay-type":"","overlay-color":"","overlay-opacity":"","overlay-gradient":""},"tablet":{"background-color":"","background-image":"","background-repeat":"repeat","background-position":"center center","background-size":"auto","background-attachment":"scroll","background-type":"","background-media":"","overlay-type":"","overlay-color":"","overlay-opacity":"","overlay-gradient":""},"mobile":{"background-color":"","background-image":"","background-repeat":"repeat","background-position":"center center","background-size":"auto","background-attachment":"scroll","background-type":"","background-media":"","overlay-type":"","overlay-color":"","overlay-opacity":"","overlay-gradient":""}},"ast-content-background-meta":{"desktop":{"background-color":"var(--ast-global-color-5)","background-image":"","background-repeat":"repeat","background-position":"center center","background-size":"auto","background-attachment":"scroll","background-type":"","background-media":"","overlay-type":"","overlay-color":"","overlay-opacity":"","overlay-gradient":""},"tablet":{"background-color":"var(--ast-global-color-5)","background-image":"","background-repeat":"repeat","background-position":"center center","background-size":"auto","background-attachment":"scroll","background-type":"","background-media":"","overlay-type":"","overlay-color":"","overlay-opacity":"","overlay-gradient":""},"mobile":{"background-color":"var(--ast-global-color-5)","background-image":"","background-repeat":"repeat","background-position":"center center","background-size":"auto","background-attachment":"scroll","background-type":"","background-media":"","overlay-type":"","overlay-color":"","overlay-opacity":"","overlay-gradient":""}},"footnotes":""},"categories":[286,1,29],"tags":[435,437,431,594,399,644,645,646,647,649,648,616,643],"class_list":["post-11626","post","type-post","status-publish","format-standard","has-post-thumbnail","hentry","category-comarca","category-general","category-portada","tag-cicle-inicial","tag-cicle-mitja","tag-cicle-superior","tag-curs-2020-2021","tag-educacio-infantil","tag-escola-lalbiol","tag-escola-santa-margarida","tag-escola-serrat-voltor","tag-gosol","tag-sant-julia-de-cerdanyola","tag-vallcebre","tag-vegetacio","tag-zer-alt-bergueda"],"post_mailing_queue_ids":[],"_links":{"self":[{"href":"https:\/\/serveiseducatius.xtec.cat\/cda-altbergueda\/wp-json\/wp\/v2\/posts\/11626","targetHints":{"allow":["GET"]}}],"collection":[{"href":"https:\/\/serveiseducatius.xtec.cat\/cda-altbergueda\/wp-json\/wp\/v2\/posts"}],"about":[{"href":"https:\/\/serveiseducatius.xtec.cat\/cda-altbergueda\/wp-json\/wp\/v2\/types\/post"}],"author":[{"embeddable":true,"href":"https:\/\/serveiseducatius.xtec.cat\/cda-altbergueda\/wp-json\/wp\/v2\/users\/1"}],"replies":[{"embeddable":true,"href":"https:\/\/serveiseducatius.xtec.cat\/cda-altbergueda\/wp-json\/wp\/v2\/comments?post=11626"}],"version-history":[{"count":3,"href":"https:\/\/serveiseducatius.xtec.cat\/cda-altbergueda\/wp-json\/wp\/v2\/posts\/11626\/revisions"}],"predecessor-version":[{"id":11639,"href":"https:\/\/serveiseducatius.xtec.cat\/cda-altbergueda\/wp-json\/wp\/v2\/posts\/11626\/revisions\/11639"}],"wp:featuredmedia":[{"embeddable":true,"href":"https:\/\/serveiseducatius.xtec.cat\/cda-altbergueda\/wp-json\/wp\/v2\/media\/11629"}],"wp:attachment":[{"href":"https:\/\/serveiseducatius.xtec.cat\/cda-altbergueda\/wp-json\/wp\/v2\/media?parent=11626"}],"wp:term":[{"taxonomy":"category","embeddable":true,"href":"https:\/\/serveiseducatius.xtec.cat\/cda-altbergueda\/wp-json\/wp\/v2\/categories?post=11626"},{"taxonomy":"post_tag","embeddable":true,"href":"https:\/\/serveiseducatius.xtec.cat\/cda-altbergueda\/wp-json\/wp\/v2\/tags?post=11626"}],"curies":[{"name":"wp","href":"https:\/\/api.w.org\/{rel}","templated":true}]}}