{"id":9728,"date":"2023-02-13T08:18:19","date_gmt":"2023-02-13T07:18:19","guid":{"rendered":"https:\/\/serveiseducatius.xtec.cat\/catalunyacentral\/?p=9728"},"modified":"2023-02-06T08:22:14","modified_gmt":"2023-02-06T07:22:14","slug":"el-consell-suec-deducacio-superior-uhr-cerca-centres-interessats-per-acollir-alumnes-de-suecia-de-1r-i-2n-de-batxillerat-a-catalunya","status":"publish","type":"post","link":"https:\/\/serveiseducatius.xtec.cat\/catalunyacentral\/portada\/el-consell-suec-deducacio-superior-uhr-cerca-centres-interessats-per-acollir-alumnes-de-suecia-de-1r-i-2n-de-batxillerat-a-catalunya\/","title":{"rendered":"El Consell Suec d&#8217;Educaci\u00f3 Superior (UHR) cerca centres interessats per acollir alumnes de Su\u00e8cia de 1r i 2n de Batxillerat a Catalunya"},"content":{"rendered":"<div>\n<div class=\"gmail_default\"><\/div>\n<div class=\"gmail_default\">\n<p><strong>El Consell Suec d&#8217;Educaci\u00f3 Superior (UHR) cerca centres interessats per acollir alumnes de Su\u00e8cia de 1r i 2n de Batxillerat a Catalunya.<\/strong><\/p>\n<p>Des del Consell Suec d&#8217;Educaci\u00f3 Superior (UHR), organisme estatal suec, han sol\u00b7licitat una relaci\u00f3 de possibles instituts de l&#8217;estat espanyol que vulguin ser amfitrions per poder proporcionar a alumnes suecs\/sueques de 1r i 2n de batxillerat l&#8217;oportunitat d&#8217;estudiar un any a l&#8217;estat espanyol. Aquest programa \u00e9s gratu\u00eft per als\/a les estudiants, que poden finan\u00e7ar els estudis sol\u00b7licitant beques i subsidis d&#8217;allotjament a la Comissi\u00f3 Central d&#8217;Ajuda Econ\u00f2mica als Estudis de Su\u00e8cia (CSN).<\/p>\n<p>El nombre d&#8217;estudiants que viatgen a l&#8217;estat dep\u00e8n del nombre de centres d&#8217;acolliment. El curs passat hi va haver 10 sol\u00b7licituds, per\u00f2 nom\u00e9s van poder arribar 6 estudiants perqu\u00e8 tan sols 5 centres es van oferir com a amfitrions (en un d&#8217;ells hi ha dos alumnes, fet que es prefereix evitar).<\/p>\n<p>Els instituts amfitrions es responsabilitzen de trobar una fam\u00edlia d&#8217;acollida (que rep uns 450 euros al mes per fer-se c\u00e0rrec de l&#8217;alumne\/a) i assignar un\/a professor\/a de refer\u00e8ncia per a l&#8217;alumne\/a que els pugui ajudar durant la seva estada.<\/p>\n<p>Hi poden participar tant centres p\u00fablics com privats o concertats.<\/p>\n<p><strong>\u00c0rees de responsabilitat i directrius en relaci\u00f3 amb el centre amfitri\u00f3:<\/strong><\/p>\n<p>\u2022 El centre amfitri\u00f3 s&#8217;encarrega, per mitj\u00e0 de la persona de contacte, de la localitzaci\u00f3 i la selecci\u00f3 d&#8217;una fam\u00edlia d&#8217;acollida apropiada. La UHR recomana establir un acord entre el centre educatiu i la fam\u00edlia. Els centres seleccionats que estiguin interessats a acollir un\/a alumne\/a rebran una c\u00f2pia de la sol\u00b7licitud dels escolars corresponents per facilitar-ne la cerca d&#8217;una fam\u00edlia d&#8217;acollida. Si nom\u00e9s podeu rebre l&#8217;alumne\/a durant un per\u00edode m\u00e9s redu\u00eft (per exemple, un semestre), l&#8217;escola amfitriona vetllar\u00e0 perqu\u00e8 l&#8217;estudiant s&#8217;allotgi amb un m\u00e0xim de tres fam\u00edlies d&#8217;acollida al llarg de l&#8217;any acad\u00e8mic.<\/p>\n<p>\u2022 El centre amfitri\u00f3 es compromet a garantir que l&#8217;estudiant compti com a m\u00ednim amb un\/a supervisor\/a entre l&#8217;equip docent per facilitar-ne la integraci\u00f3. Ha d&#8217;indicar a l&#8217;alumne\/a els seus procediments i regles.<\/p>\n<p>\u2022 El centre amfitri\u00f3 podr\u00e0 seleccionar, en col\u00b7laboraci\u00f3 amb l&#8217;alumne\/a , cursos que s&#8217;ajustin al nivell d&#8217;idiomes. L&#8217;estudiant no est\u00e0 obligat\/da a fer un programa complet. La UHR recomana assistir a lli\u00e7ons complement\u00e0ries o a iniciatives de suport ling\u00fc\u00edstic, ja sigui en el marc del centre amfitri\u00f3 o fora, aix\u00ed com la realitzaci\u00f3 d&#8217;exercicis addicionals a l&#8217;idioma del pa\u00eds de destinaci\u00f3.<\/p>\n<p>\u2022 L&#8217;alumne\/a accepta i se n&#8217;espera que participi en totes les lli\u00e7ons assignades i en els treballs escolars, deures i exercicis en grup dins de la classe. Ara b\u00e9, no \u00e9s obligatori que l&#8217;estudiant faci ex\u00e0mens, encara que pot optar per fer-ho.<\/p>\n<p>\u2022 Si l&#8217;estudiant ha de canviar de fam\u00edlia d&#8217;acollida durant l&#8217;any escolar, el centre amfitri\u00f3 s&#8217;haur\u00e0 de comunicar amb la persona de contacte de la UHR. El centre d&#8217;ensenyament \u00e9s el responsable de dur a terme el canvi de la fam\u00edlia d&#8217;acollida de mutu acord amb la persona de contacte de la UHR al pa\u00eds amfitri\u00f3.<\/p>\n<p>Us animem a contactar amb Marianella Mata, la gestora dels programes. El seu correu electr\u00f2nic \u00e9s el seg\u00fcent: ettarsprogrammen@uhr.se.<\/p>\n<\/div>\n<\/div>\n","protected":false},"excerpt":{"rendered":"<p>El Consell Suec d&#8217;Educaci\u00f3 Superior (UHR) cerca centres interessats per acollir alumnes de Su\u00e8cia de 1r i 2n de Batxillerat [&hellip;]<\/p>\n","protected":false},"author":3,"featured_media":0,"comment_status":"closed","ping_status":"closed","sticky":false,"template":"","format":"standard","meta":{"_bbp_topic_count":0,"_bbp_reply_count":0,"_bbp_total_topic_count":0,"_bbp_total_reply_count":0,"_bbp_voice_count":0,"_bbp_anonymous_reply_count":0,"_bbp_topic_count_hidden":0,"_bbp_reply_count_hidden":0,"_bbp_forum_subforum_count":0,"site-sidebar-layout":"default","site-content-layout":"","ast-site-content-layout":"","site-content-style":"default","site-sidebar-style":"default","ast-global-header-display":"","ast-banner-title-visibility":"","ast-main-header-display":"","ast-hfb-above-header-display":"","ast-hfb-below-header-display":"","ast-hfb-mobile-header-display":"","site-post-title":"","ast-breadcrumbs-content":"","ast-featured-img":"","footer-sml-layout":"","theme-transparent-header-meta":"","adv-header-id-meta":"","stick-header-meta":"","header-above-stick-meta":"","header-main-stick-meta":"","header-below-stick-meta":"","astra-migrate-meta-layouts":"default","ast-page-background-enabled":"default","ast-page-background-meta":{"desktop":{"background-color":"var(--ast-global-color-4)","background-image":"","background-repeat":"repeat","background-position":"center center","background-size":"auto","background-attachment":"scroll","background-type":"","background-media":"","overlay-type":"","overlay-color":"","overlay-opacity":"","overlay-gradient":""},"tablet":{"background-color":"","background-image":"","background-repeat":"repeat","background-position":"center center","background-size":"auto","background-attachment":"scroll","background-type":"","background-media":"","overlay-type":"","overlay-color":"","overlay-opacity":"","overlay-gradient":""},"mobile":{"background-color":"","background-image":"","background-repeat":"repeat","background-position":"center center","background-size":"auto","background-attachment":"scroll","background-type":"","background-media":"","overlay-type":"","overlay-color":"","overlay-opacity":"","overlay-gradient":""}},"ast-content-background-meta":{"desktop":{"background-color":"var(--ast-global-color-5)","background-image":"","background-repeat":"repeat","background-position":"center center","background-size":"auto","background-attachment":"scroll","background-type":"","background-media":"","overlay-type":"","overlay-color":"","overlay-opacity":"","overlay-gradient":""},"tablet":{"background-color":"var(--ast-global-color-5)","background-image":"","background-repeat":"repeat","background-position":"center center","background-size":"auto","background-attachment":"scroll","background-type":"","background-media":"","overlay-type":"","overlay-color":"","overlay-opacity":"","overlay-gradient":""},"mobile":{"background-color":"var(--ast-global-color-5)","background-image":"","background-repeat":"repeat","background-position":"center center","background-size":"auto","background-attachment":"scroll","background-type":"","background-media":"","overlay-type":"","overlay-color":"","overlay-opacity":"","overlay-gradient":""}},"footnotes":""},"categories":[289,29],"tags":[],"class_list":["post-9728","post","type-post","status-publish","format-standard","hentry","category-llestrangeres","category-portada"],"post_mailing_queue_ids":[],"_links":{"self":[{"href":"https:\/\/serveiseducatius.xtec.cat\/catalunyacentral\/wp-json\/wp\/v2\/posts\/9728","targetHints":{"allow":["GET"]}}],"collection":[{"href":"https:\/\/serveiseducatius.xtec.cat\/catalunyacentral\/wp-json\/wp\/v2\/posts"}],"about":[{"href":"https:\/\/serveiseducatius.xtec.cat\/catalunyacentral\/wp-json\/wp\/v2\/types\/post"}],"author":[{"embeddable":true,"href":"https:\/\/serveiseducatius.xtec.cat\/catalunyacentral\/wp-json\/wp\/v2\/users\/3"}],"replies":[{"embeddable":true,"href":"https:\/\/serveiseducatius.xtec.cat\/catalunyacentral\/wp-json\/wp\/v2\/comments?post=9728"}],"version-history":[{"count":1,"href":"https:\/\/serveiseducatius.xtec.cat\/catalunyacentral\/wp-json\/wp\/v2\/posts\/9728\/revisions"}],"predecessor-version":[{"id":9729,"href":"https:\/\/serveiseducatius.xtec.cat\/catalunyacentral\/wp-json\/wp\/v2\/posts\/9728\/revisions\/9729"}],"wp:attachment":[{"href":"https:\/\/serveiseducatius.xtec.cat\/catalunyacentral\/wp-json\/wp\/v2\/media?parent=9728"}],"wp:term":[{"taxonomy":"category","embeddable":true,"href":"https:\/\/serveiseducatius.xtec.cat\/catalunyacentral\/wp-json\/wp\/v2\/categories?post=9728"},{"taxonomy":"post_tag","embeddable":true,"href":"https:\/\/serveiseducatius.xtec.cat\/catalunyacentral\/wp-json\/wp\/v2\/tags?post=9728"}],"curies":[{"name":"wp","href":"https:\/\/api.w.org\/{rel}","templated":true}]}}