{"id":9714,"date":"2023-02-02T08:42:47","date_gmt":"2023-02-02T07:42:47","guid":{"rendered":"https:\/\/serveiseducatius.xtec.cat\/catalunyacentral\/?p=9714"},"modified":"2023-01-26T13:45:29","modified_gmt":"2023-01-26T12:45:29","slug":"la-reflexio-sobre-la-llengua-en-el-curriculum-lomloe-una-mirada-competencial-a-lensenyament-de-la-gramatica","status":"publish","type":"post","link":"https:\/\/serveiseducatius.xtec.cat\/catalunyacentral\/general\/la-reflexio-sobre-la-llengua-en-el-curriculum-lomloe-una-mirada-competencial-a-lensenyament-de-la-gramatica\/","title":{"rendered":"La reflexi\u00f3 sobre la llengua en el curr\u00edculum LOMLOE. Una mirada competencial a l&#8217;ensenyament de la gram\u00e0tica"},"content":{"rendered":"<p><a href=\"https:\/\/serveiseducatius.xtec.cat\/catalunyacentral\/wp-content\/uploads\/usu2513\/2023\/01\/image001.png\"><img loading=\"lazy\" decoding=\"async\" class=\"size-full wp-image-9715 aligncenter\" src=\"https:\/\/serveiseducatius.xtec.cat\/catalunyacentral\/wp-content\/uploads\/usu2513\/2023\/01\/image001.png\" alt=\"\" width=\"444\" height=\"247\" \/><\/a><\/p>\n<p>Per qu\u00e8 cal ensenyar gram\u00e0tica per aprendre llengua? Quina gram\u00e0tica cal ensenyar a la secund\u00e0ria? Com fer que l\u2019ensenyament de la gram\u00e0tica tingui un enfocament competencial? Quin paper hi t\u00e9 la reflexi\u00f3? Aquestes s\u00f3n algunes de les inquietuds del professorat sobre com abordar l\u2019ensenyament de la gram\u00e0tica a l\u2019ESO i al Batxillerat.<\/p>\n<p>En aquest curs es realitza una aproximaci\u00f3 te\u00f2rica als principis b\u00e0sics que fonamenten el curr\u00edculum LOMLOE per repensar l\u2019ensenyament de la gram\u00e0tica a les aules de secund\u00e0ria des d\u2019una perspectiva competencial. Es presentaran els resultats d\u2019algunes investigacions que mostren les relacions entre l\u2019\u00fas i la reflexi\u00f3 sobre com funciona el sistema ling\u00fc\u00edstic com a eina al servei d\u2019una major compet\u00e8ncia comunicativa dels estudiants, i es compartiran i dissenyaran algunes propostes metodol\u00f2giques per a un ensenyament reflexiu de la gram\u00e0tica. Tot aquest recorregut de la m\u00e0 de Carme Dur\u00e1n Rivas.<\/p>\n<p>Matr\u00edcula oberta fins al<strong> 27 de febrer<\/strong> o fins a l\u2019exhauriment de places.<\/p>\n<p>Trobareu tota la informaci\u00f3 en aquest <a href=\"https:\/\/www.uab.cat\/web\/formacio\/La-reflexi%C3%B3-sobre-la-llengua-en-el-curr%C3%ADculum-LOMLOE.-Una-mirada-competencial-a-l'ensenyament-de-la-gram%C3%A0tica-1345876395224.html\">enlla\u00e7<\/a>.<\/p>\n<p>&nbsp;<\/p>\n","protected":false},"excerpt":{"rendered":"<p>Per qu\u00e8 cal ensenyar gram\u00e0tica per aprendre llengua? Quina gram\u00e0tica cal ensenyar a la secund\u00e0ria? Com fer que l\u2019ensenyament de [&hellip;]<\/p>\n","protected":false},"author":3,"featured_media":9715,"comment_status":"closed","ping_status":"closed","sticky":false,"template":"","format":"standard","meta":{"_bbp_topic_count":0,"_bbp_reply_count":0,"_bbp_total_topic_count":0,"_bbp_total_reply_count":0,"_bbp_voice_count":0,"_bbp_anonymous_reply_count":0,"_bbp_topic_count_hidden":0,"_bbp_reply_count_hidden":0,"_bbp_forum_subforum_count":0,"site-sidebar-layout":"default","site-content-layout":"","ast-site-content-layout":"","site-content-style":"default","site-sidebar-style":"default","ast-global-header-display":"","ast-banner-title-visibility":"","ast-main-header-display":"","ast-hfb-above-header-display":"","ast-hfb-below-header-display":"","ast-hfb-mobile-header-display":"","site-post-title":"","ast-breadcrumbs-content":"","ast-featured-img":"","footer-sml-layout":"","theme-transparent-header-meta":"","adv-header-id-meta":"","stick-header-meta":"","header-above-stick-meta":"","header-main-stick-meta":"","header-below-stick-meta":"","astra-migrate-meta-layouts":"default","ast-page-background-enabled":"default","ast-page-background-meta":{"desktop":{"background-color":"var(--ast-global-color-4)","background-image":"","background-repeat":"repeat","background-position":"center center","background-size":"auto","background-attachment":"scroll","background-type":"","background-media":"","overlay-type":"","overlay-color":"","overlay-opacity":"","overlay-gradient":""},"tablet":{"background-color":"","background-image":"","background-repeat":"repeat","background-position":"center center","background-size":"auto","background-attachment":"scroll","background-type":"","background-media":"","overlay-type":"","overlay-color":"","overlay-opacity":"","overlay-gradient":""},"mobile":{"background-color":"","background-image":"","background-repeat":"repeat","background-position":"center center","background-size":"auto","background-attachment":"scroll","background-type":"","background-media":"","overlay-type":"","overlay-color":"","overlay-opacity":"","overlay-gradient":""}},"ast-content-background-meta":{"desktop":{"background-color":"var(--ast-global-color-5)","background-image":"","background-repeat":"repeat","background-position":"center center","background-size":"auto","background-attachment":"scroll","background-type":"","background-media":"","overlay-type":"","overlay-color":"","overlay-opacity":"","overlay-gradient":""},"tablet":{"background-color":"var(--ast-global-color-5)","background-image":"","background-repeat":"repeat","background-position":"center center","background-size":"auto","background-attachment":"scroll","background-type":"","background-media":"","overlay-type":"","overlay-color":"","overlay-opacity":"","overlay-gradient":""},"mobile":{"background-color":"var(--ast-global-color-5)","background-image":"","background-repeat":"repeat","background-position":"center center","background-size":"auto","background-attachment":"scroll","background-type":"","background-media":"","overlay-type":"","overlay-color":"","overlay-opacity":"","overlay-gradient":""}},"footnotes":""},"categories":[1,29],"tags":[],"class_list":["post-9714","post","type-post","status-publish","format-standard","has-post-thumbnail","hentry","category-general","category-portada"],"post_mailing_queue_ids":[],"_links":{"self":[{"href":"https:\/\/serveiseducatius.xtec.cat\/catalunyacentral\/wp-json\/wp\/v2\/posts\/9714","targetHints":{"allow":["GET"]}}],"collection":[{"href":"https:\/\/serveiseducatius.xtec.cat\/catalunyacentral\/wp-json\/wp\/v2\/posts"}],"about":[{"href":"https:\/\/serveiseducatius.xtec.cat\/catalunyacentral\/wp-json\/wp\/v2\/types\/post"}],"author":[{"embeddable":true,"href":"https:\/\/serveiseducatius.xtec.cat\/catalunyacentral\/wp-json\/wp\/v2\/users\/3"}],"replies":[{"embeddable":true,"href":"https:\/\/serveiseducatius.xtec.cat\/catalunyacentral\/wp-json\/wp\/v2\/comments?post=9714"}],"version-history":[{"count":2,"href":"https:\/\/serveiseducatius.xtec.cat\/catalunyacentral\/wp-json\/wp\/v2\/posts\/9714\/revisions"}],"predecessor-version":[{"id":9717,"href":"https:\/\/serveiseducatius.xtec.cat\/catalunyacentral\/wp-json\/wp\/v2\/posts\/9714\/revisions\/9717"}],"wp:featuredmedia":[{"embeddable":true,"href":"https:\/\/serveiseducatius.xtec.cat\/catalunyacentral\/wp-json\/wp\/v2\/media\/9715"}],"wp:attachment":[{"href":"https:\/\/serveiseducatius.xtec.cat\/catalunyacentral\/wp-json\/wp\/v2\/media?parent=9714"}],"wp:term":[{"taxonomy":"category","embeddable":true,"href":"https:\/\/serveiseducatius.xtec.cat\/catalunyacentral\/wp-json\/wp\/v2\/categories?post=9714"},{"taxonomy":"post_tag","embeddable":true,"href":"https:\/\/serveiseducatius.xtec.cat\/catalunyacentral\/wp-json\/wp\/v2\/tags?post=9714"}],"curies":[{"name":"wp","href":"https:\/\/api.w.org\/{rel}","templated":true}]}}