{"id":9693,"date":"2023-01-30T08:33:23","date_gmt":"2023-01-30T07:33:23","guid":{"rendered":"https:\/\/serveiseducatius.xtec.cat\/catalunyacentral\/?p=9693"},"modified":"2023-01-25T14:37:57","modified_gmt":"2023-01-25T13:37:57","slug":"rumbesia-proposta-didactica-de-poesia-per-alumnes-deso-fitxa-didactica","status":"publish","type":"post","link":"https:\/\/serveiseducatius.xtec.cat\/catalunyacentral\/general\/rumbesia-proposta-didactica-de-poesia-per-alumnes-deso-fitxa-didactica\/","title":{"rendered":"Rumbesia: Proposta did\u00e0ctica de poesia per alumnes d&#8217;ESO &#8211; Fitxa did\u00e0ctica"},"content":{"rendered":"<p style=\"text-align: center;\"><a href=\"https:\/\/serveiseducatius.xtec.cat\/catalunyacentral\/wp-content\/uploads\/usu2513\/2023\/01\/rumbesia.png\"><img loading=\"lazy\" decoding=\"async\" class=\"alignnone  wp-image-9694\" src=\"https:\/\/serveiseducatius.xtec.cat\/catalunyacentral\/wp-content\/uploads\/usu2513\/2023\/01\/rumbesia.png\" alt=\"\" width=\"456\" height=\"254\" \/><\/a><\/p>\n<p>La Rumbesia \u00e9s un recital de poesia fusionat amb rumba, en el que es conjuguen poemes musicats especialment per aquest espectacle, aix\u00ed com versions de poemes ja musicats per altres m\u00fasics, adaptats per a aquest espectacle. Aquesta proposta est\u00e0 orientada a l&#8217;alumnat de secundaria, i permet treballar valors a partir de la m\u00fasica i la poesia.<\/p>\n<p><a href=\"https:\/\/mailtrack.io\/trace\/link\/6e881a5bca86d186f07e0dad01aca07977982904?url=http%3A%2F%2Frumbesia.cat%2F%3Fp%3Dfdidactica&amp;userId=2918670&amp;signature=c42fb6706a38f396&amp;i=cbc35318-4a16-4063-9392-06929e248116\" data-saferedirecturl=\"https:\/\/www.google.com\/url?q=https:\/\/mailtrack.io\/trace\/link\/6e881a5bca86d186f07e0dad01aca07977982904?url%3Dhttp%253A%252F%252Frumbesia.cat%252F%253Fp%253Dfdidactica%26userId%3D2918670%26signature%3Dc42fb6706a38f396%26i%3Dcbc35318-4a16-4063-9392-06929e248116&amp;source=gmail&amp;ust=1674736132991000&amp;usg=AOvVaw2e9eGkd2DdCd1F9gUky5TJ\"><strong>Descarregar fitxa did\u00e0ctica<\/strong><\/a><\/p>\n<p>Web: <a href=\"https:\/\/mailtrack.io\/trace\/link\/436364ad685a48b40240841abc3c7b4e62b99499?url=http%3A%2F%2Fwww.rumbesia.cat%2F&amp;userId=2918670&amp;signature=0afd004e87ccc426&amp;i=cbc35318-4a16-4063-9392-06929e248116\" data-saferedirecturl=\"https:\/\/www.google.com\/url?q=https:\/\/mailtrack.io\/trace\/link\/436364ad685a48b40240841abc3c7b4e62b99499?url%3Dhttp%253A%252F%252Fwww.rumbesia.cat%252F%26userId%3D2918670%26signature%3D0afd004e87ccc426%26i%3Dcbc35318-4a16-4063-9392-06929e248116&amp;source=gmail&amp;ust=1674736132991000&amp;usg=AOvVaw2B_9dZkN3s0FUaaVD6bRLR\">www.rumbesia.cat<\/a><\/p>\n","protected":false},"excerpt":{"rendered":"<p>La Rumbesia \u00e9s un recital de poesia fusionat amb rumba, en el que es conjuguen poemes musicats especialment per aquest [&hellip;]<\/p>\n","protected":false},"author":3,"featured_media":9694,"comment_status":"open","ping_status":"closed","sticky":false,"template":"","format":"standard","meta":{"_bbp_topic_count":0,"_bbp_reply_count":0,"_bbp_total_topic_count":0,"_bbp_total_reply_count":0,"_bbp_voice_count":0,"_bbp_anonymous_reply_count":0,"_bbp_topic_count_hidden":0,"_bbp_reply_count_hidden":0,"_bbp_forum_subforum_count":0,"site-sidebar-layout":"default","site-content-layout":"","ast-site-content-layout":"","site-content-style":"default","site-sidebar-style":"default","ast-global-header-display":"","ast-banner-title-visibility":"","ast-main-header-display":"","ast-hfb-above-header-display":"","ast-hfb-below-header-display":"","ast-hfb-mobile-header-display":"","site-post-title":"","ast-breadcrumbs-content":"","ast-featured-img":"","footer-sml-layout":"","theme-transparent-header-meta":"","adv-header-id-meta":"","stick-header-meta":"","header-above-stick-meta":"","header-main-stick-meta":"","header-below-stick-meta":"","astra-migrate-meta-layouts":"default","ast-page-background-enabled":"default","ast-page-background-meta":{"desktop":{"background-color":"var(--ast-global-color-4)","background-image":"","background-repeat":"repeat","background-position":"center center","background-size":"auto","background-attachment":"scroll","background-type":"","background-media":"","overlay-type":"","overlay-color":"","overlay-opacity":"","overlay-gradient":""},"tablet":{"background-color":"","background-image":"","background-repeat":"repeat","background-position":"center center","background-size":"auto","background-attachment":"scroll","background-type":"","background-media":"","overlay-type":"","overlay-color":"","overlay-opacity":"","overlay-gradient":""},"mobile":{"background-color":"","background-image":"","background-repeat":"repeat","background-position":"center center","background-size":"auto","background-attachment":"scroll","background-type":"","background-media":"","overlay-type":"","overlay-color":"","overlay-opacity":"","overlay-gradient":""}},"ast-content-background-meta":{"desktop":{"background-color":"var(--ast-global-color-5)","background-image":"","background-repeat":"repeat","background-position":"center center","background-size":"auto","background-attachment":"scroll","background-type":"","background-media":"","overlay-type":"","overlay-color":"","overlay-opacity":"","overlay-gradient":""},"tablet":{"background-color":"var(--ast-global-color-5)","background-image":"","background-repeat":"repeat","background-position":"center center","background-size":"auto","background-attachment":"scroll","background-type":"","background-media":"","overlay-type":"","overlay-color":"","overlay-opacity":"","overlay-gradient":""},"mobile":{"background-color":"var(--ast-global-color-5)","background-image":"","background-repeat":"repeat","background-position":"center center","background-size":"auto","background-attachment":"scroll","background-type":"","background-media":"","overlay-type":"","overlay-color":"","overlay-opacity":"","overlay-gradient":""}},"footnotes":""},"categories":[1],"tags":[],"class_list":["post-9693","post","type-post","status-publish","format-standard","has-post-thumbnail","hentry","category-general"],"post_mailing_queue_ids":[],"_links":{"self":[{"href":"https:\/\/serveiseducatius.xtec.cat\/catalunyacentral\/wp-json\/wp\/v2\/posts\/9693","targetHints":{"allow":["GET"]}}],"collection":[{"href":"https:\/\/serveiseducatius.xtec.cat\/catalunyacentral\/wp-json\/wp\/v2\/posts"}],"about":[{"href":"https:\/\/serveiseducatius.xtec.cat\/catalunyacentral\/wp-json\/wp\/v2\/types\/post"}],"author":[{"embeddable":true,"href":"https:\/\/serveiseducatius.xtec.cat\/catalunyacentral\/wp-json\/wp\/v2\/users\/3"}],"replies":[{"embeddable":true,"href":"https:\/\/serveiseducatius.xtec.cat\/catalunyacentral\/wp-json\/wp\/v2\/comments?post=9693"}],"version-history":[{"count":1,"href":"https:\/\/serveiseducatius.xtec.cat\/catalunyacentral\/wp-json\/wp\/v2\/posts\/9693\/revisions"}],"predecessor-version":[{"id":9695,"href":"https:\/\/serveiseducatius.xtec.cat\/catalunyacentral\/wp-json\/wp\/v2\/posts\/9693\/revisions\/9695"}],"wp:featuredmedia":[{"embeddable":true,"href":"https:\/\/serveiseducatius.xtec.cat\/catalunyacentral\/wp-json\/wp\/v2\/media\/9694"}],"wp:attachment":[{"href":"https:\/\/serveiseducatius.xtec.cat\/catalunyacentral\/wp-json\/wp\/v2\/media?parent=9693"}],"wp:term":[{"taxonomy":"category","embeddable":true,"href":"https:\/\/serveiseducatius.xtec.cat\/catalunyacentral\/wp-json\/wp\/v2\/categories?post=9693"},{"taxonomy":"post_tag","embeddable":true,"href":"https:\/\/serveiseducatius.xtec.cat\/catalunyacentral\/wp-json\/wp\/v2\/tags?post=9693"}],"curies":[{"name":"wp","href":"https:\/\/api.w.org\/{rel}","templated":true}]}}